{"id":121912,"date":"2025-05-23T12:06:09","date_gmt":"2025-05-23T12:06:09","guid":{"rendered":"https:\/\/www.europesays.com\/fr\/121912\/"},"modified":"2025-05-23T12:06:09","modified_gmt":"2025-05-23T12:06:09","slug":"reunion-au-ministere-de-linterieur-autour-de-psg-inter","status":"publish","type":"post","link":"https:\/\/www.europesays.com\/fr\/121912\/","title":{"rendered":"R\u00e9union au minist\u00e8re de l&rsquo;Int\u00e9rieur autour de PSG \/ Inter"},"content":{"rendered":"<p><img width=\"700\" height=\"350\" src=\"https:\/\/www.europesays.com\/fr\/wp-content\/uploads\/2025\/05\/Ministere-de-lInterieur.jpg\" class=\"attachment-jannah-image-post size-jannah-image-post wp-post-image\" alt=\"\" is_main_img=\"1\" decoding=\"async\" fetchpriority=\"high\"  \/><\/p>\n<p>Dans huit jours, le PSG affronte L\u2019Inter Milan en finale de<br \/>\nla Ligue des champions. Ce vendredi, une r\u00e9union au minist\u00e8re de<br \/>\nl\u2019Int\u00e9rieur va avoir lieu pour \u00e9voquer la s\u00e9curit\u00e9 \u00e0 Paris \u00e0<br \/>\nl\u2019occasion de cette finale.\u00a0<\/p>\n<p>Le 31 mai (21 heures, Canal Plus, M6), le<br \/>\n<strong>PSG<\/strong> affronte l\u2019<strong>Inter Milan<\/strong> en<br \/>\nfinale de la <strong><a href=\"https:\/\/canal-supporters.com\/ldc-ousmane-dembele-tout-le-club-a-faim-de-cette-victoire\/\" title=\"\" target=\"_blank\" rel=\"noopener\">Ligue des champions<\/a><\/strong>. La rencontre se jouera \u00e0<br \/>\nl\u2019<strong>Allianz Arena de Munich<\/strong>. Tous les supporters<br \/>\nparisiens ne pourront \u00e9videmment pas garnir les tribunes du stade<br \/>\ndu <strong>Bayern<\/strong>. Certains auront la chance d\u2019y \u00eatre,<br \/>\nd\u2019autres de voir la finale au <strong><a href=\"https:\/\/canal-supporters.com\/ldc-la-finale-psg-inter-diffusee-sur-ecrans-geants-au-parc-des-princes\/\" title=\"\" target=\"_blank\" rel=\"noopener\">Parc des Princes<\/a><\/strong>. La ville de<br \/>\n<strong>Paris<\/strong> aimerait aussi organiser une fan zone dans<br \/>\n<strong>Paris<\/strong>. Mais les autorit\u00e9s pr\u00e9f\u00e8rent une fan zone<br \/>\ndans un lieu clos et non dans la ville.\u00a0<\/p>\n<p>A voir aussi : <a href=\"https:\/\/canal-supporters.com\/une-fan-zone-au-stade-charlety-pour-psg-inter-milan\/\" title=\"\" target=\"_blank\" rel=\"noopener\">Une fan zone au stade Charl\u00e9ty\u00a0pour PSG \/ Inter Milan<br \/>\n?<\/a><\/p>\n<p><a href=\"https:\/\/x.com\/CanalSupporters\" target=\"_blank\" rel=\"noopener\" title=\"\">canalsupporters.com<\/a><\/p>\n<p>Deux sujets<br \/>\nmajeurs durant cette r\u00e9union<\/p>\n<p>Selon les informations de <a href=\"https:\/\/rmcsport.bfmtv.com\/football\/ligue-des-champions\/psg-inter-une-reunion-au-ministere-de-l-interieur-pour-l-organisation-de-la-soiree-a-paris_AV-202505230171.html\" target=\"_blank\" rel=\"noopener\" title=\"\">BFM TV<\/a>, une<br \/>\nr\u00e9union \u00e0 huis clos est pr\u00e9vue dans la matin\u00e9e de ce vendredi 23<br \/>\nmai au minist\u00e8re de l\u2019Int\u00e9rieur. <strong>Bruno Retailleau<\/strong><br \/>\ny rencontre notamment <strong>Laurent Nu\u00f1ez<\/strong>, le pr\u00e9fet de<br \/>\npolice de <strong>Paris<\/strong>. \u00ab\u00a0Le premier sujet<br \/>\nmajeur \u00e0 trancher concerne l\u2019installation ou non d\u2019une fan zone en<br \/>\nplein <strong>Paris<\/strong>. Une annonce officielle se fait<br \/>\nattendre, alors que la mairie de <strong>Paris<\/strong> avait<br \/>\npromis l\u2019installation d\u2019un \u00e9cran g\u00e9ant d\u00e8s la qualification du club<br \/>\npour la finale\u00a0\u00bb, indique la cha\u00eene d\u2019informations en<br \/>\ncontinu. Deuxi\u00e8me sujet majeur\u00a0: la possibilit\u00e9 d\u2019une parade<br \/>\ndu <strong>Paris Saint-Germain<\/strong> sur les<br \/>\n<strong>Champs-\u00c9lys\u00e9es<\/strong> en cas de victoire. Diff\u00e9rentes<br \/>\nsources ont confi\u00e9 \u00e0 RMC Sport que la pr\u00e9fecture de police<br \/>\nn\u2019est, pour le moment, pas favorable \u00e0 mettre en place ce projet<br \/>\nqui n\u00e9cessite une s\u00e9curisation importante des lieux dans un d\u00e9lai<br \/>\nlimit\u00e9 apr\u00e8s une nuit potentiellement agit\u00e9e. Mais les dirigeants<br \/>\nparisiens r\u00eavent de voir leur \u00e9quipe descendre l\u2019avenue avec<br \/>\nl\u2019<strong>Arc de Triomphe<\/strong> en arri\u00e8re-plan, conclut RMC<br \/>\nSport.\u00a0<\/p><\/p>\n","protected":false},"excerpt":{"rendered":"Dans huit jours, le PSG affronte L\u2019Inter Milan en finale de la Ligue des champions. Ce vendredi, une&hellip;\n","protected":false},"author":2,"featured_media":121913,"comment_status":"","ping_status":"","sticky":false,"template":"","format":"standard","meta":{"footnotes":""},"categories":[9],"tags":[1013,786,81,448,2396,1011,27,5454,789,447,1014,7088,626,91,92,24366,93,19330,20357,19331,19332,60,795,796,96],"class_list":{"0":"post-121912","1":"post","2":"type-post","3":"status-publish","4":"format-standard","5":"has-post-thumbnail","7":"category-sports","8":"tag-bruno-retailleau","9":"tag-c1","10":"tag-canal-supporters","11":"tag-champions-league","12":"tag-finale","13":"tag-fr","14":"tag-france","15":"tag-laurent-nunez","16":"tag-ldc","17":"tag-ligue-des-champions","18":"tag-ministere-de-linterieur","19":"tag-ministre-de-linterieur","20":"tag-paris","21":"tag-paris-saint-germain","22":"tag-paris-sg","23":"tag-prefet-de-police-de-paris","24":"tag-psg","25":"tag-psg-int","26":"tag-psg-inter","27":"tag-psg-inter-milan","28":"tag-psgint","29":"tag-sports","30":"tag-ucl","31":"tag-uefa-champions-league","32":"tag-une"},"share_on_mastodon":{"url":"https:\/\/pubeurope.com\/@fr\/114557064895593047","error":""},"_links":{"self":[{"href":"https:\/\/www.europesays.com\/fr\/wp-json\/wp\/v2\/posts\/121912","targetHints":{"allow":["GET"]}}],"collection":[{"href":"https:\/\/www.europesays.com\/fr\/wp-json\/wp\/v2\/posts"}],"about":[{"href":"https:\/\/www.europesays.com\/fr\/wp-json\/wp\/v2\/types\/post"}],"author":[{"embeddable":true,"href":"https:\/\/www.europesays.com\/fr\/wp-json\/wp\/v2\/users\/2"}],"replies":[{"embeddable":true,"href":"https:\/\/www.europesays.com\/fr\/wp-json\/wp\/v2\/comments?post=121912"}],"version-history":[{"count":0,"href":"https:\/\/www.europesays.com\/fr\/wp-json\/wp\/v2\/posts\/121912\/revisions"}],"wp:featuredmedia":[{"embeddable":true,"href":"https:\/\/www.europesays.com\/fr\/wp-json\/wp\/v2\/media\/121913"}],"wp:attachment":[{"href":"https:\/\/www.europesays.com\/fr\/wp-json\/wp\/v2\/media?parent=121912"}],"wp:term":[{"taxonomy":"category","embeddable":true,"href":"https:\/\/www.europesays.com\/fr\/wp-json\/wp\/v2\/categories?post=121912"},{"taxonomy":"post_tag","embeddable":true,"href":"https:\/\/www.europesays.com\/fr\/wp-json\/wp\/v2\/tags?post=121912"}],"curies":[{"name":"wp","href":"https:\/\/api.w.org\/{rel}","templated":true}]}}