{"id":121931,"date":"2025-05-23T12:16:16","date_gmt":"2025-05-23T12:16:16","guid":{"rendered":"https:\/\/www.europesays.com\/fr\/121931\/"},"modified":"2025-05-23T12:16:16","modified_gmt":"2025-05-23T12:16:16","slug":"grand-nancy-jean-baptiste-guegan-sosie-vocal-de-johnny-star-de-la-foire-expo-2025","status":"publish","type":"post","link":"https:\/\/www.europesays.com\/fr\/121931\/","title":{"rendered":"Grand Nancy. Jean-Baptiste Guegan, sosie vocal de Johnny, star de la Foire expo 2025"},"content":{"rendered":"<p><strong>On conna\u00eet Jean-Baptiste Guegan, sosie vocal de <a href=\"https:\/\/www.estrepublicain.fr\/p\/johnny-hallyday\" target=\"_blank\" rel=\"noopener\">Johnny Hallyday<\/a>, mais qui est vraiment Jean-Baptiste Guegan, l\u2019artiste, dans sa globalit\u00e9\u00a0?<\/strong><\/p>\n<p>\u00ab\u00a0C\u2019est plut\u00f4t quelqu\u2019un de tr\u00e8s simple. Je ne me prends pas la t\u00eate, je fais mon m\u00e9tier avec s\u00e9rieux. J\u2019aime faire plaisir aux autres.\u00a0\u00bb<\/p>\n<p><strong>Un trait de caract\u00e8re amenant une grosse d\u00e9bauche d\u2019\u00e9nergie sur sc\u00e8ne, comme lors de votre dernier passage au <a href=\"https:\/\/www.estrepublicain.fr\/edition-de-nancy-agglomeration\/2019\/11\/16\/jb-guegan-la-voix-de-johnny\" target=\"_blank\" rel=\"noopener\">Z\u00e9nith du Grand Nancy<\/a> \u2026<\/strong><\/p>\n<p>\u00ab\u00a0Oui\u2026 C\u2019est peut-\u00eatre dans mon caract\u00e8re, j\u2019ai toujours \u00e9t\u00e9 comme \u00e7a. Quand on fait ce m\u00e9tier, on a un petit c\u00f4t\u00e9 \u00e9corch\u00e9 vif. Donc, on a envie de donner, de faire, de donner du bonheur aux gens, surtout par les temps qui courent. Et on re\u00e7oit aussi beaucoup en \u00e9change.\u00a0\u00bb<\/p>\n<p><strong>\u00c9corch\u00e9 vif\u2026 Justement votre dernier album, \u00ab\u00a0De l\u2019ombre \u00e0 la lumi\u00e8re\u00a0\u00bb, le laisse entrevoir. C\u2019est votre histoire. Comment vit-on une telle charge\u00a0?<\/strong><\/p>\n<p>\u00ab\u00a0Je le vis avec un certain recul\u2026 Et il faut prendre du recul. Et puis, je suis tr\u00e8s bien accompagn\u00e9 dans ma vie. J\u2019ai une vie tr\u00e8s stable. Aujourd\u2019hui, je travaille en famille, j\u2019ai des liens forts avec mes amis avec qui je suis sur sc\u00e8ne\u2026 On forme une famille quand on part en tourn\u00e9e. Je suis un peu comme un chef d\u2019entreprise. Je g\u00e8re quand m\u00eame pas mal de choses. Mais au quotidien, ce n\u2019est que du bonheur\u00a0\u00bb.<\/p>\n<p><strong>Suite au d\u00e9c\u00e8s de Hallyday, avez-vous ressenti une forme de pression, d\u2019attente venant de ses fans\u00a0?<\/strong><\/p>\n<p>\u00ab\u00a0Je l\u2019ai plut\u00f4t bien v\u00e9cu mais pression n\u2019est peut-\u00eatre pas le mot. J\u2019ai ressenti beaucoup le manque des gens, surtout du c\u00f4t\u00e9 des fans de Johnny Hallyday puisque je suis moi-m\u00eame fan. Encore aujourd\u2019hui, il manque. Du coup, je peux comprendre que je puisse combler ce manque. Les fans se sont plut\u00f4t tourn\u00e9s vers moi. D\u00e9sormais, il y a mon public qui vient me voir et il y a celui de Johnny Hallyday. Les deux ne forment plus qu\u2019un, je trouve \u00e7a fabuleux.\u00a0\u00bb<\/p>\n<p><strong>Ce public a d\u2019ailleurs d\u00e9couvert votre chanson \u00ab\u00a0Lettre \u00e0 ma voix\u00a0\u00bb. \u00c9tait-ce une envie, voire un besoin de dire ces choses-l\u00e0\u00a0?<\/strong><\/p>\n<p>\u00ab\u00a0Je vais vous raconter une anecdote. Cette chanson existait quand j\u2019ai gagn\u00e9 La France a un incroyable talent. Ycare avait d\u00e9cid\u00e9 d\u2018\u00e9crire cette chanson pour moi mais elle est rest\u00e9e dans les tiroirs pendant pas mal de temps. Il s\u2019av\u00e8re qu\u2019il a travaill\u00e9 sur un album avec Patrick Fiori.<\/p>\n<p>Et un jour, Patrick Fiori m\u2019appelle et me dit\u00a0: \u201c\u00c9coute JB, Ycare me fait \u00e9couter une chanson, mais je ne peux pas la chanter moi, elle te correspond trop.\u201d Je lui dis alors\u00a0: \u201cEnvoie les paroles et la maquette et je vais voir ce que je peux faire.\u201d Au final, elle figure dans le dernier album. Cette chanson est quand m\u00eame assez mystique.\u00a0\u00bb<\/p>\n<p><strong>Vous \u00e9voquez Ycare. On pourrait aussi citer Chim\u00e8ne Badi, Renaud, Michel Mallory\u2026 Comment se passent ces collaborations\u00a0?<\/strong><\/p>\n<p>\u00ab\u00a0Je ne suis pas quelqu\u2019un qui enquiquine le monde\u00a0! Je suis plut\u00f4t quelqu\u2019un d\u2019assez cool. On s\u2019entend bien entre artistes.<\/p>\n<p>Chim\u00e8ne Badi, je l\u2019avais contact\u00e9e pour faire un duo avec moi quand j\u2019ai fait Bercy, il y a d\u00e9j\u00e0 presque trois ans de \u00e7a. \u00c7a avait vraiment match\u00e9 entre nous. Je lui ai repropos\u00e9 qu\u2019elle fasse une chanson in\u00e9dite avec moi sur mon nouvel album. Je trouve que sa voix correspond tr\u00e8s bien avec la mienne. Et puis, elle a fait un duo avec Johnny Hallyday. Aujourd\u2019hui, on s\u2019est li\u00e9 d\u2019amiti\u00e9.\u00a0\u00bb<\/p>\n<p><strong>On vous sent apais\u00e9, vous profitez vraiment de tout ce qui vous arrive dans votre vie d\u2019artiste. Avez-vous, n\u00e9anmoins, connu une p\u00e9riode compliqu\u00e9e, de doute\u00a0?<\/strong><\/p>\n<p>\u00ab\u00a0Oui, des p\u00e9riodes de doute. Et il m\u2019en arrivera encore. J\u2019ai eu quelques petits soucis avec un ancien producteur, mais bon, ce n\u2019est pas grave. Aujourd\u2019hui, il n\u2019y a plus de producteur, je me suis relev\u00e9 de tout \u00e7a.\u00a0On apprend tous les jours et on fait en sorte que \u00e7a n\u2019arrive plus.<\/p>\n<p>Sinon, oui, j\u2019ai eu des bas, bien s\u00fbr. Mais j\u2019ai toujours su me relever. Je pense avoir appris de mes erreurs. On en fait tous, et voil\u00e0\u2026 Tout n\u2019est pas de la faute des autres\u00a0!\u00a0\u00bb<\/p>\n<p class=\"note\">Jean-Baptiste Guegan sera en concert <a href=\"https:\/\/www.estrepublicain.fr\/culture-loisirs\/2025\/05\/17\/la-foire-expo-monte-en-puissance\" target=\"_blank\" rel=\"noopener\">au parc des expositions<\/a> \u00e0 Vand\u0153uvre-l\u00e8s-Nancy le samedi 7\u00a0juin, \u00e0 20\u00a0h\u00a030.<\/p>\n","protected":false},"excerpt":{"rendered":"On conna\u00eet Jean-Baptiste Guegan, sosie vocal de Johnny Hallyday, mais qui est vraiment Jean-Baptiste Guegan, l\u2019artiste, dans sa&hellip;\n","protected":false},"author":2,"featured_media":121932,"comment_status":"","ping_status":"","sticky":false,"template":"","format":"standard","meta":{"footnotes":""},"categories":[9635],"tags":[1111,11,1687,3602,1707,1704,1706,1705,10174,1777,674,1011,27,775,6364,873,1702,12,25,5711],"class_list":{"0":"post-121931","1":"post","2":"type-post","3":"status-publish","4":"format-standard","5":"has-post-thumbnail","7":"category-nancy","8":"tag-actu","9":"tag-actualites","10":"tag-culture-loisirs","11":"tag-edition-bar-le-duc","12":"tag-edition-luneville","13":"tag-edition-nancy-et-agglomeration","14":"tag-edition-pont-a-mousson","15":"tag-edition-toul","16":"tag-edition-verdun","17":"tag-eu","18":"tag-europe","19":"tag-fr","20":"tag-france","21":"tag-grand-est","22":"tag-metropole-du-grand-nancy-54b1","23":"tag-musique","24":"tag-nancy","25":"tag-news","26":"tag-republique-francaise","27":"tag-vandoeuvre-les-nancy"},"share_on_mastodon":{"url":"https:\/\/pubeurope.com\/@fr\/114557103880609321","error":""},"_links":{"self":[{"href":"https:\/\/www.europesays.com\/fr\/wp-json\/wp\/v2\/posts\/121931","targetHints":{"allow":["GET"]}}],"collection":[{"href":"https:\/\/www.europesays.com\/fr\/wp-json\/wp\/v2\/posts"}],"about":[{"href":"https:\/\/www.europesays.com\/fr\/wp-json\/wp\/v2\/types\/post"}],"author":[{"embeddable":true,"href":"https:\/\/www.europesays.com\/fr\/wp-json\/wp\/v2\/users\/2"}],"replies":[{"embeddable":true,"href":"https:\/\/www.europesays.com\/fr\/wp-json\/wp\/v2\/comments?post=121931"}],"version-history":[{"count":0,"href":"https:\/\/www.europesays.com\/fr\/wp-json\/wp\/v2\/posts\/121931\/revisions"}],"wp:featuredmedia":[{"embeddable":true,"href":"https:\/\/www.europesays.com\/fr\/wp-json\/wp\/v2\/media\/121932"}],"wp:attachment":[{"href":"https:\/\/www.europesays.com\/fr\/wp-json\/wp\/v2\/media?parent=121931"}],"wp:term":[{"taxonomy":"category","embeddable":true,"href":"https:\/\/www.europesays.com\/fr\/wp-json\/wp\/v2\/categories?post=121931"},{"taxonomy":"post_tag","embeddable":true,"href":"https:\/\/www.europesays.com\/fr\/wp-json\/wp\/v2\/tags?post=121931"}],"curies":[{"name":"wp","href":"https:\/\/api.w.org\/{rel}","templated":true}]}}