{"id":121935,"date":"2025-05-23T12:18:11","date_gmt":"2025-05-23T12:18:11","guid":{"rendered":"https:\/\/www.europesays.com\/fr\/121935\/"},"modified":"2025-05-23T12:18:11","modified_gmt":"2025-05-23T12:18:11","slug":"lancien-maire-de-toulon-hubert-falco-condamne-pour-injures-contre-un-journaliste-liberation","status":"publish","type":"post","link":"https:\/\/www.europesays.com\/fr\/121935\/","title":{"rendered":"L\u2019ancien maire de Toulon Hubert Falco condamn\u00e9 pour injures contre un journaliste \u2013 Lib\u00e9ration"},"content":{"rendered":"<p class=\"sc-ksZaOG ehjQrN text-element\">L\u2019ancien maire de Toulon Hubert Falco, d\u00e9mis de ses fonctions par la justice, a \u00e9t\u00e9 condamn\u00e9 ce vendredi 23 mai \u00e0 une amende de 1 000 euros <a href=\"https:\/\/www.liberation.fr\/societe\/police-justice\/lex-maire-de-toulon-hubert-falco-de-nouveau-juge-cette-fois-ci-pour-injures-contre-un-journaliste-20250516_DZ72L5OWNZE7BIAY4KYPNTMWHE\/\" target=\"_blank\" rel=\"noopener\" title=\"https:\/\/www.liberation.fr\/societe\/police-justice\/lex-maire-de-toulon-hubert-falco-de-nouveau-juge-cette-fois-ci-pour-injures-contre-un-journaliste-20250516_DZ72L5OWNZE7BIAY4KYPNTMWHE\/\">pour avoir insult\u00e9 et trait\u00e9 de \u00abchien galeux\u00bb<\/a> le journaliste Simon Fontvieille, auteur <a href=\"https:\/\/www.liberation.fr\/politique\/a-toulon-le-commandant-falco-perd-du-galon-20230201_HOBPHQIN5JFKRIW7JU3YBX37O4\/\" target=\"_blank\" rel=\"noopener\" title=\"https:\/\/www.liberation.fr\/politique\/a-toulon-le-commandant-falco-perd-du-galon-20230201_HOBPHQIN5JFKRIW7JU3YBX37O4\/\">d\u2019une enqu\u00eate le visant pour Lib\u00e9ration<\/a> et qui collabore \u00e9galement avec Mediapart.<\/p>\n<p class=\"sc-ksZaOG ehjQrN text-element\">Le tribunal correctionnel de Toulon l\u2019a \u00e9galement condamn\u00e9 \u00e0 verser 1 000 euros de dommages et int\u00e9r\u00eats \u00e0 Simon Fontvieille et 500 euros au Syndicat national des journalistes, qui s\u2019\u00e9tait constitu\u00e9 partie civile.<\/p>\n<p class=\"sc-ksZaOG ehjQrN text-element\">\u00abC\u2019est une victoire pour la libert\u00e9 de la presse montrant que tout journaliste, quel qu\u2019il soit, doit pouvoir exercer son travail de fa\u00e7on libre et sereine au service des citoyens et de l\u2019int\u00e9r\u00eat g\u00e9n\u00e9ral\u00bb, a r\u00e9agi le journaliste. L\u2019avocat de l\u2019ancien \u00e9lu n\u2019\u00e9tait lui pas joignable dans l\u2019imm\u00e9diat.<\/p>\n<p class=\"sc-ksZaOG ehjQrN text-element\">Le proc\u00e8s s\u2019\u00e9tait tenu le 16 mai en l\u2019absence de <a href=\"https:\/\/www.liberation.fr\/politique\/le-maire-de-toulon-hubert-falco-condamne-a-trois-ans-de-prison-avec-sursis-et-cinq-ans-dineligibilite-20230414_VQJEHHCXBNCJFI26IZ47XE73CI\/\" target=\"_blank\" rel=\"noopener\" title=\"https:\/\/www.liberation.fr\/politique\/le-maire-de-toulon-hubert-falco-condamne-a-trois-ans-de-prison-avec-sursis-et-cinq-ans-dineligibilite-20230414_VQJEHHCXBNCJFI26IZ47XE73CI\/\">l\u2019ancien baron Les R\u00e9publicains de la politique varoise<\/a>, ce qui fut \u00abfort dommage\u00bb selon la pr\u00e9sidente. Simon Fontvieille, journaliste de 34 ans, avait expliqu\u00e9 \u00e0 la barre les tentatives d\u2019\u00abintimidation\u00bb r\u00e9p\u00e9t\u00e9es de la part d\u2019Hubert Falco, \u00e0 qui il a consacr\u00e9 plusieurs enqu\u00eates.<\/p>\n<p class=\"sc-ksZaOG ehjQrN text-element\">Les faits jug\u00e9s concernaient un \u00e9pisode en marge d\u2019une c\u00e9r\u00e9monie publique c\u00e9l\u00e9brant les 79 ans de la lib\u00e9ration de Toulon en ao\u00fbt 2023. Hubert Falco, qui n\u2019a alors plus de mandat, est pr\u00e9sent et le journaliste le prend en photo, comme d\u2019autres personnalit\u00e9s.<\/p>\n<p class=\"sc-ksZaOG ehjQrN text-element\">L\u2019ancien \u00e9lu de droite puis macroniste, aujourd\u2019hui \u00e2g\u00e9 de 78 ans, lui lance alors : \u00ab\u00c7a te g\u00eane que je sois l\u00e0 ?\u00bb, le traitant d\u2019\u00abesp\u00e8ce de chien\u00bb, \u00abchien galeux\u00bb. \u00abEnfin M. Falco, \u201cchien galeux\u201d, pourquoi vous \u00eates aussi grossier ?\u00bb lui r\u00e9pond le journaliste. Hubert Falco le traite alors de \u00abconnard\u00bb, ajoutant : \u00abOui, je te le dis ! Ecris-le \u00e0 Mediapart que je t\u2019ai dit que tu \u00e9tais un connard.\u00bb<\/p>\n<p class=\"sc-ksZaOG ehjQrN text-element\">Le 28 mai, une autre \u00e9ch\u00e9ance judiciaire cruciale attend Hubert Falco : la d\u00e9cision de la Cour de cassation sur sa peine de cinq ans d\u2019in\u00e9ligibilit\u00e9 imm\u00e9diate prononc\u00e9e en 2024 par la cour d\u2019appel d\u2019Aix-en-Provence dans un dossier de d\u00e9tournements de fonds publics, qu\u2019il conteste. Une d\u00e9cision dont d\u00e9pend son avenir politique, \u00e0 moins d\u2019un an des municipales.<\/p>\n","protected":false},"excerpt":{"rendered":"L\u2019ancien maire de Toulon Hubert Falco, d\u00e9mis de ses fonctions par la justice, a \u00e9t\u00e9 condamn\u00e9 ce vendredi&hellip;\n","protected":false},"author":2,"featured_media":121936,"comment_status":"","ping_status":"","sticky":false,"template":"","format":"standard","meta":{"footnotes":""},"categories":[9619],"tags":[1111,11,1777,674,1011,27,12,882,17003,25,2310],"class_list":{"0":"post-121935","1":"post","2":"type-post","3":"status-publish","4":"format-standard","5":"has-post-thumbnail","7":"category-toulon","8":"tag-actu","9":"tag-actualites","10":"tag-eu","11":"tag-europe","12":"tag-fr","13":"tag-france","14":"tag-news","15":"tag-provence-alpes-cote-dazur","16":"tag-provence-alpes-cote-d-azur","17":"tag-republique-francaise","18":"tag-toulon"},"share_on_mastodon":{"url":"https:\/\/pubeurope.com\/@fr\/114557111749713958","error":""},"_links":{"self":[{"href":"https:\/\/www.europesays.com\/fr\/wp-json\/wp\/v2\/posts\/121935","targetHints":{"allow":["GET"]}}],"collection":[{"href":"https:\/\/www.europesays.com\/fr\/wp-json\/wp\/v2\/posts"}],"about":[{"href":"https:\/\/www.europesays.com\/fr\/wp-json\/wp\/v2\/types\/post"}],"author":[{"embeddable":true,"href":"https:\/\/www.europesays.com\/fr\/wp-json\/wp\/v2\/users\/2"}],"replies":[{"embeddable":true,"href":"https:\/\/www.europesays.com\/fr\/wp-json\/wp\/v2\/comments?post=121935"}],"version-history":[{"count":0,"href":"https:\/\/www.europesays.com\/fr\/wp-json\/wp\/v2\/posts\/121935\/revisions"}],"wp:featuredmedia":[{"embeddable":true,"href":"https:\/\/www.europesays.com\/fr\/wp-json\/wp\/v2\/media\/121936"}],"wp:attachment":[{"href":"https:\/\/www.europesays.com\/fr\/wp-json\/wp\/v2\/media?parent=121935"}],"wp:term":[{"taxonomy":"category","embeddable":true,"href":"https:\/\/www.europesays.com\/fr\/wp-json\/wp\/v2\/categories?post=121935"},{"taxonomy":"post_tag","embeddable":true,"href":"https:\/\/www.europesays.com\/fr\/wp-json\/wp\/v2\/tags?post=121935"}],"curies":[{"name":"wp","href":"https:\/\/api.w.org\/{rel}","templated":true}]}}