{"id":121941,"date":"2025-05-23T12:22:07","date_gmt":"2025-05-23T12:22:07","guid":{"rendered":"https:\/\/www.europesays.com\/fr\/121941\/"},"modified":"2025-05-23T12:22:07","modified_gmt":"2025-05-23T12:22:07","slug":"ce-weekend-ce-jardin-remarquable-pres-de-rouen-sera-ouvert-au-public-pour-la-bonne-cause","status":"publish","type":"post","link":"https:\/\/www.europesays.com\/fr\/121941\/","title":{"rendered":"Ce weekend, ce jardin remarquable pr\u00e8s de Rouen sera ouvert au public pour la bonne cause"},"content":{"rendered":"<p>            Par<br \/>\n        <strong><br \/>\n            <a href=\"https:\/\/actu.fr\/auteur\/isabellevilly\" title=\"Consulter tous les articles de Isabelle Villy\" target=\"_blank\" rel=\"noopener\">Isabelle Villy<\/a><br \/>\n        <\/strong><\/p>\n<p>        Publi\u00e9 le<\/p>\n<p>            23 mai 2025 \u00e0 14h18        <\/p>\n<p>Le magnifique jardin Momiji-En, comprenez <strong>Jardin des \u00e9rables<\/strong>, de Jean-Marc Lucas et son \u00e9pouse B\u00e9atrice, situ\u00e9 \u00e0 Gouy pr\u00e8s de <a href=\"https:\/\/actu.fr\/normandie\/rouen_76540\" target=\"_blank\" rel=\"noopener\">Rouen<\/a>, participera cette ann\u00e9e encore \u00e0 l\u2019op\u00e9ration <strong>Les mains vertes du c\u0153u<\/strong>r, les 24 et 25 mai. <\/p>\n<p class=\" wall-content\">Objectif : r\u00e9colter des dons pour les reverser \u00e0 la Fondation Charles-Nicolle et ainsi aider au financement d\u2019\u00e9quipements innovants pour le <a href=\"https:\/\/actu.fr\/tag\/chu-rouen\" target=\"_blank\" rel=\"noopener\">CHU de Rouen<\/a>.\u00a0<\/p>\n<p>Un moment de s\u00e9r\u00e9nit\u00e9<\/p>\n<p class=\" wall-content\">Entrer dans le jardin des \u00e9rables, c\u2019est s\u2019offrir un moment de s\u00e9r\u00e9nit\u00e9 en observant ce lieu intimiste, ressour\u00e7ant et calme, avec bien entendu \u00e0 la cl\u00e9, de riches \u00e9changes avec les propri\u00e9taires du lieu. Jamais avares de conseils et d\u2019explications, Jean-Marc Lucas et son \u00e9pouse aiment en effet partager leurs connaissances des \u00e9rables et autres plantes qui poussent dans leur petit coin de paradis, un jardin de quelque 1 000 m2.<\/p>\n<p class=\" wall-content\">La marque du lieu, c\u2019est l<strong>\u2018\u00e9rable du Japon<\/strong> : \u00ab c\u2019est une vraie passion pour moi. Il en existe plus de 3 000 vari\u00e9t\u00e9s, avec une multitude de couleurs \u00bb, nous confiait d\u2019ailleurs Jean-Marc Lucas lors d\u2019une visite il y a quelques ann\u00e9es.<\/p>\n<p>Pour l\u2019acquisition d\u2019un spectrom\u00e8tre de masse<\/p>\n<p class=\" wall-content\">Mais dans ce petit jardin extraordinaire, le public pourra aussi admirer une collection de bonsa\u00efs, dont la culture rel\u00e8ve d\u2019un v\u00e9ritable art que professe d\u2019ailleurs Jean-Marc Lucas.<\/p>\n<p class=\" wall-content\">Joindre l\u2019utile \u00e0 l\u2019agr\u00e9able : c\u2019est bien l\u2019objectif de cette op\u00e9ration Les mains vertes du c\u0153ur : en 2025, les dons recueillis permettront de soutenir l\u2019acquisition d\u2019un spectrom\u00e8tre de masse \u00e0 haute r\u00e9solution, pour une avanc\u00e9e significative dans le diagnostic et le suivi des maladies rares et qui permet d\u2019am\u00e9liorer la prise en charge des patients. En France, trois millions de personnes sont concern\u00e9es par six \u00e0 sept mille maladies rares.<\/p>\n<p>Op\u00e9ration les mains vertes du coeur : ouverture au public du jardin Momiji-En, \u00e0 Gouy, les 24 et 25 mai. Acc\u00e8s : se garer sur le parking de la salle polyvalente et suivre ensuite le fl\u00e9chage.<\/p>\n<p>Suivez l\u2019actualit\u00e9 de Rouen sur notre <a href=\"https:\/\/www.whatsapp.com\/channel\/0029VaKfnf99hXF2ddApFB1D\" target=\"_blank\" rel=\"noopener\">cha\u00eene WhatsApp<\/a> et sur notre <a href=\"https:\/\/www.tiktok.com\/@76actu.fr?lang=fr\" target=\"_blank\" rel=\"noopener\">compte TikTok<\/a><\/p>\n<p class=\" wall-content\">Suivez toute l\u2019actualit\u00e9 de vos villes et m\u00e9dias favoris en vous inscrivant \u00e0 <a href=\"https:\/\/moncompte.actu.fr\" title=\"D\u00e9couvez Mon Actu\" rel=\"nofollow noopener\" data-trk=\"{&quot;cta&quot;:{&quot;action&quot;:&quot;https:\\\/\\\/moncompte.actu.fr&quot;,&quot;category&quot;:&quot;mon compte&quot;,&quot;from&quot;:&quot;article footer&quot;,&quot;name&quot;:&quot;Mon actu&quot;,&quot;type&quot;:&quot;cta&quot;}}\" target=\"_blank\">Mon Actu<\/a>.<\/p>\n<p>                    <script async src=\"\/\/www.tiktok.com\/embed.js\"><\/script><\/p>\n","protected":false},"excerpt":{"rendered":"Par Isabelle Villy Publi\u00e9 le 23 mai 2025 \u00e0 14h18 Le magnifique jardin Momiji-En, comprenez Jardin des \u00e9rables,&hellip;\n","protected":false},"author":2,"featured_media":121942,"comment_status":"","ping_status":"","sticky":false,"template":"","format":"standard","meta":{"footnotes":""},"categories":[9587],"tags":[1111,11,9086,436,1777,674,1011,27,2575,1652,12,5161,25,9590],"class_list":{"0":"post-121941","1":"post","2":"type-post","3":"status-publish","4":"format-standard","5":"has-post-thumbnail","7":"category-rouen","8":"tag-actu","9":"tag-actualites","10":"tag-bon-plan-a-rouen","11":"tag-environnement","12":"tag-eu","13":"tag-europe","14":"tag-fr","15":"tag-france","16":"tag-jardinage","17":"tag-loisirs-culture","18":"tag-news","19":"tag-normandie","20":"tag-republique-francaise","21":"tag-rouen"},"share_on_mastodon":{"url":"https:\/\/pubeurope.com\/@fr\/114557127451779632","error":""},"_links":{"self":[{"href":"https:\/\/www.europesays.com\/fr\/wp-json\/wp\/v2\/posts\/121941","targetHints":{"allow":["GET"]}}],"collection":[{"href":"https:\/\/www.europesays.com\/fr\/wp-json\/wp\/v2\/posts"}],"about":[{"href":"https:\/\/www.europesays.com\/fr\/wp-json\/wp\/v2\/types\/post"}],"author":[{"embeddable":true,"href":"https:\/\/www.europesays.com\/fr\/wp-json\/wp\/v2\/users\/2"}],"replies":[{"embeddable":true,"href":"https:\/\/www.europesays.com\/fr\/wp-json\/wp\/v2\/comments?post=121941"}],"version-history":[{"count":0,"href":"https:\/\/www.europesays.com\/fr\/wp-json\/wp\/v2\/posts\/121941\/revisions"}],"wp:featuredmedia":[{"embeddable":true,"href":"https:\/\/www.europesays.com\/fr\/wp-json\/wp\/v2\/media\/121942"}],"wp:attachment":[{"href":"https:\/\/www.europesays.com\/fr\/wp-json\/wp\/v2\/media?parent=121941"}],"wp:term":[{"taxonomy":"category","embeddable":true,"href":"https:\/\/www.europesays.com\/fr\/wp-json\/wp\/v2\/categories?post=121941"},{"taxonomy":"post_tag","embeddable":true,"href":"https:\/\/www.europesays.com\/fr\/wp-json\/wp\/v2\/tags?post=121941"}],"curies":[{"name":"wp","href":"https:\/\/api.w.org\/{rel}","templated":true}]}}