{"id":121943,"date":"2025-05-23T12:23:13","date_gmt":"2025-05-23T12:23:13","guid":{"rendered":"https:\/\/www.europesays.com\/fr\/121943\/"},"modified":"2025-05-23T12:23:13","modified_gmt":"2025-05-23T12:23:13","slug":"les-elus-grenoblois-reagissent-a-notre-sondage-pour-les-municipales-2026","status":"publish","type":"post","link":"https:\/\/www.europesays.com\/fr\/121943\/","title":{"rendered":"les \u00e9lus grenoblois r\u00e9agissent \u00e0 notre sondage pour les municipales 2026"},"content":{"rendered":"<p>\t\t\t\t\t\t\t\t\t\t\t<img loading=\"lazy\" decoding=\"async\" width=\"1110\" title=\"&quot;Rassemblement&quot;, &quot;Je serai l\u00e0&quot; : les \u00e9lus grenoblois r\u00e9agissent \u00e0 notre sondage pour les municipales 2026\" class=\"img-fluid not_lzld mb-3\" src=\"https:\/\/www.europesays.com\/fr\/wp-content\/uploads\/2025\/05\/1110x624_rassemblement-je-serai-la-les-elus-grenoblois-reagissent-a-notre-sondage-pour-les-municipal\" alt=\"&quot;Rassemblement&quot;, &quot;Je serai l\u00e0&quot; : les \u00e9lus grenoblois r\u00e9agissent \u00e0 notre sondage pour les municipales 2026\" itemprop=\"image\" height=\"624\"\/>\t\t\t\t\t\t\t\t\t\t\t\t<\/p>\n<p>\u00ab\u00a0Rassemblement\u00a0\u00bb, \u00ab\u00a0Je serai l\u00e0\u00a0\u00bb : les \u00e9lus grenoblois r\u00e9agissent \u00e0 notre sondage pour les municipales 2026 &#8211; DR<\/p>\n<p itemprop=\"description\"><strong>Suite \u00e0 notre sondage exclusif publi\u00e9 ce jeudi 22 mai, certains \u00e9lus cit\u00e9s ont tenu \u00e0 r\u00e9agir.<\/strong><\/p>\n<p>Ce jeudi, nos r\u00e9dactions de GrenobleMag et Alpes 1 Grenoble ont publi\u00e9 un sondage r\u00e9alis\u00e9 par Ipsos-CESI Ecole d\u2019ing\u00e9nieurs sur le climat politique dans la capitale is\u00e9roise en vue des \u00e9lections municipales de 2026.<\/p>\n<p>Des r\u00e9sultats tr\u00e8s mitig\u00e9s pour le maire actuel, \u00c9ric Piolle, puisqu\u2019un habitant sur deux est m\u00e9content de son travail, notamment sur l\u2019ins\u00e9curit\u00e9 (71% d\u2019insatisfaits). Et il y a aussi une forte volont\u00e9 de renouveau au sein de l&rsquo;ex\u00e9cutif en vue du scrutin de l&rsquo;an prochain.<\/p>\n<p>La droite se frotte les mains<\/p>\n<p>Dans un communiqu\u00e9 paru jeudi soir, le groupe d&rsquo;opposition Soci\u00e9t\u00e9 civile, centre et divers droite d&rsquo;Alain Carignon n\u2019a pas manqu\u00e9 d\u2019enfoncer le clou : \u00ab\u00a0En nous pla\u00e7ant \u00e0 nouveau en t\u00eate de l&rsquo;opposition, il (le sondage ndlr) nous oblige, nous cr\u00e9ant plus de devoirs que de droits. Plus que jamais les petites ambitions personnelles doivent c\u00e9der le pas au rassemblement le plus large, dans le respect des personnalit\u00e9s, des histoires et des engagements (\u2026) Nous poursuivons donc ce travail avec tous ceux qui veulent ouvrir une nouvelle page apr\u00e8s ces deux mandats, dans un esprit d\u2019ouverture et de respect de chacun\u00a0\u00bb.<\/p>\n<p>Pour le porte-parole du Parti socialiste \u00e0 la R\u00e9gion Auvergne-Rh\u00f4ne-Alpes, St\u00e9phane Gemmani, c\u2019est aussi l\u2019occasion d\u2019appeler son \u00e9lectorat. \u00ab\u00a0Il arrive qu\u2019un nom, sans tumulte ni appel, apparaisse dans un sondage. Ce murmure m\u2019engage. Et je n\u2019ai jamais confondu le soutien avec le retrait. Je serai l\u00e0, avec celles et ceux qui veulent faire, sans bruit mais sans d\u00e9tour, en fid\u00e9lit\u00e9 \u00e0 ce lien discret mais r\u00e9el qui m\u2019unit \u00e0 cette ville\u00a0\u00bb, peut-on lire dans un tweet publi\u00e9 ce jeudi.<\/p>\n<p>La bataille ne fait que commencer pour les \u00e9lections municipales de Grenoble\u2026\u00a0<\/p>\n","protected":false},"excerpt":{"rendered":"\u00ab\u00a0Rassemblement\u00a0\u00bb, \u00ab\u00a0Je serai l\u00e0\u00a0\u00bb : les \u00e9lus grenoblois r\u00e9agissent \u00e0 notre sondage pour les municipales 2026 &#8211; DR&hellip;\n","protected":false},"author":2,"featured_media":121944,"comment_status":"","ping_status":"","sticky":false,"template":"","format":"standard","meta":{"footnotes":""},"categories":[9566],"tags":[1111,11,7733,8279,2430,7736,650,7734,2889,2263,1777,674,1011,27,2731,8280,6417,1114,108,4662,12,3725,1825,25,7737],"class_list":{"0":"post-121943","1":"post","2":"type-post","3":"status-publish","4":"format-standard","5":"has-post-thumbnail","7":"category-grenoble","8":"tag-actu","9":"tag-actualites","10":"tag-alpes","11":"tag-alpes1","12":"tag-auvergne-rhone-alpes","13":"tag-cds","14":"tag-cinema","15":"tag-ecoute","16":"tag-emission","17":"tag-equipe","18":"tag-eu","19":"tag-europe","20":"tag-fr","21":"tag-france","22":"tag-grenoble","23":"tag-haute","24":"tag-information","25":"tag-infos","26":"tag-isere","27":"tag-journal","28":"tag-news","29":"tag-podcast","30":"tag-radio","31":"tag-republique-francaise","32":"tag-winamp"},"share_on_mastodon":{"url":"https:\/\/pubeurope.com\/@fr\/114557131460227834","error":""},"_links":{"self":[{"href":"https:\/\/www.europesays.com\/fr\/wp-json\/wp\/v2\/posts\/121943","targetHints":{"allow":["GET"]}}],"collection":[{"href":"https:\/\/www.europesays.com\/fr\/wp-json\/wp\/v2\/posts"}],"about":[{"href":"https:\/\/www.europesays.com\/fr\/wp-json\/wp\/v2\/types\/post"}],"author":[{"embeddable":true,"href":"https:\/\/www.europesays.com\/fr\/wp-json\/wp\/v2\/users\/2"}],"replies":[{"embeddable":true,"href":"https:\/\/www.europesays.com\/fr\/wp-json\/wp\/v2\/comments?post=121943"}],"version-history":[{"count":0,"href":"https:\/\/www.europesays.com\/fr\/wp-json\/wp\/v2\/posts\/121943\/revisions"}],"wp:featuredmedia":[{"embeddable":true,"href":"https:\/\/www.europesays.com\/fr\/wp-json\/wp\/v2\/media\/121944"}],"wp:attachment":[{"href":"https:\/\/www.europesays.com\/fr\/wp-json\/wp\/v2\/media?parent=121943"}],"wp:term":[{"taxonomy":"category","embeddable":true,"href":"https:\/\/www.europesays.com\/fr\/wp-json\/wp\/v2\/categories?post=121943"},{"taxonomy":"post_tag","embeddable":true,"href":"https:\/\/www.europesays.com\/fr\/wp-json\/wp\/v2\/tags?post=121943"}],"curies":[{"name":"wp","href":"https:\/\/api.w.org\/{rel}","templated":true}]}}