{"id":121948,"date":"2025-05-23T12:26:11","date_gmt":"2025-05-23T12:26:11","guid":{"rendered":"https:\/\/www.europesays.com\/fr\/121948\/"},"modified":"2025-05-23T12:26:11","modified_gmt":"2025-05-23T12:26:11","slug":"les-deux-hypotheses-dun-pompier-sur-les-lieux","status":"publish","type":"post","link":"https:\/\/www.europesays.com\/fr\/121948\/","title":{"rendered":"les deux hypoth\u00e8ses d&rsquo;un pompier sur les lieux"},"content":{"rendered":"<p>            Par<br \/>\n        <strong><br \/>\n            <a href=\"https:\/\/actu.fr\/auteur\/brian-legoff\" title=\"Consulter tous les articles de Brian Le Goff\" target=\"_blank\" rel=\"noopener\">Brian Le Goff<\/a><br \/>\n        <\/strong><\/p>\n<p>        Publi\u00e9 le<\/p>\n<p>            23 mai 2025 \u00e0 14h18        <\/p>\n<p>La<strong> sc\u00e8ne a pu surprendre jeudi 22\u00a0mai<\/strong>, durant la soir\u00e9e, et rappeler <a href=\"https:\/\/actu.fr\/bretagne\/rennes_35238\/rennes-apres-l-intervention-des-pompiers-a-cause-d-une-grosse-fuite-d-eau-la-peniche-la-musette-a-rouvert_62495630.html\" target=\"_blank\" rel=\"noopener\">l\u2019intervention des pompiers autour d\u2019une autre p\u00e9niche \u00e0 Rennes il y a quelques semaines<\/a>. Mais, cette fois, aucune p\u00e9niche ne semble concern\u00e9e. En effet, <a href=\"https:\/\/actu.fr\/bretagne\/rennes_35238\/a-rennes-la-vilaine-s-irise-la-source-potentielle-de-la-pollution-pas-encore-identifiee_62677415.html\" target=\"_blank\" rel=\"noopener\">les secours ont \u00e9t\u00e9 d\u00e9ploy\u00e9s au bord de la Vilaine<\/a>, \u00e0 quelques dizaines de m\u00e8tres en amont du pont Malakoff, situ\u00e9 pr\u00e8s du Mabilay, pour <strong>identifier la source d\u2019une irisation de l\u2019eau<\/strong>.<\/p>\n<p class=\" wall-content\">Vendredi matin, l\u2019un des chefs de groupe de la <strong>cellule risque chimique biologique<\/strong> \u00e9tait de retour sur les lieux en compagnie de membres du <strong>service des voies navigables<\/strong> afin de prendre une d\u00e9cision concernant la suite \u00e0 donner \u00e0 cette <a href=\"https:\/\/actu.fr\/pollution\" target=\"_blank\" rel=\"noopener\">pollution<\/a>.<\/p>\n<p>Pas de fuite d\u2019hydrocarbure<\/p>\n<p class=\" wall-content\">Malgr\u00e9 les recherches, <strong>aucune fuite d\u2019hydrocarbure n\u2019a \u00e9t\u00e9 identifi\u00e9e<\/strong>, notamment sur la p\u00e9niche \u00e0 proximit\u00e9 de laquelle o\u00f9 l\u2019eau pollu\u00e9e stagne.<\/p>\n<p>    <img   decoding=\"async\" loading=\"lazy\" src=\"https:\/\/www.europesays.com\/fr\/wp-content\/uploads\/2025\/05\/pollution-irisation-vilaine-rennes-5-960x640.jpg\" alt=\"v\" width=\"960\" height=\"640\"\/><br \/>\n    L\u2019eau stagnante \u00e9tait encore bien visible ce vendredi matin. (\u00a9 Brian Le Goff \/ actu Rennes)<\/p>\n<p class=\" wall-content\">D\u00e8s jeudi, les <a href=\"https:\/\/actu.fr\/pollution\" target=\"_blank\" rel=\"noopener\">pompiers<\/a> ont ainsi mis en place un barrage et ont appliqu\u00e9 une <strong>poudre<\/strong> qui reste \u00e0 la surface et qui <strong>absorbe le produit polluant<\/strong> dans l\u2019eau. \u00ab\u2009Une entreprise sp\u00e9cialis\u00e9e va maintenant intervenir pour retirer ces produits de l\u2019eau\u2009\u00bb, indique le lieutenant Paverne.<\/p>\n<p>Deux hypoth\u00e8ses<\/p>\n<p class=\" wall-content\">Pour lui, faute d\u2019origine attest\u00e9e d\u00e9finie, cette pollution a pu \u00eatre provoqu\u00e9e par <strong>l\u2019accumulation<\/strong> dans cette partie de <strong>petites quantit\u00e9s d\u2019hydrocarbures<\/strong> transport\u00e9es par le courant.<\/p>\n<p>    <img   decoding=\"async\" loading=\"lazy\" src=\"https:\/\/www.europesays.com\/fr\/wp-content\/uploads\/2025\/05\/pollution-irisation-vilaine-rennes-1-1-960x640.jpg\" alt=\"Les pompiers ont appliqu\u00e9 une poudre absorbante d\u00e8s jeudi soir.\" width=\"960\" height=\"640\"\/><br \/>\n    Les pompiers ont appliqu\u00e9 une poudre absorbante d\u00e8s jeudi soir. (\u00a9Brian Le Goff \/ actu Rennes)<\/p>\n<p class=\" wall-content\">\u00ab\u2009Mais on peut aussi s\u2019interroger si ce n\u2019est pas un <strong>produit<\/strong> qui \u00e9tait sur le <strong>bord du fleuve<\/strong>, dont le niveau a \u00e9t\u00e9 tr\u00e8s fortement abaiss\u00e9 ces derni\u00e8res semaines pour des travaux en aval du cours d\u2019eau, qui <strong>vient de remonter<\/strong> un peu.\u2009\u00bb<\/p>\n<p class=\" wall-content\">Dans tous les cas,<strong> l\u2019attention port\u00e9e \u00e0 cette irisation restera active<\/strong> dans les prochaines heures et prochains jours afin de s\u2019assurer que la pollution ne se reproduise pas.<\/p>\n<p class=\" wall-content\">Suivez toute l\u2019actualit\u00e9 de vos villes et m\u00e9dias favoris en vous inscrivant \u00e0 <a href=\"https:\/\/moncompte.actu.fr\" title=\"D\u00e9couvez Mon Actu\" rel=\"nofollow noopener\" data-trk=\"{&quot;cta&quot;:{&quot;action&quot;:&quot;https:\\\/\\\/moncompte.actu.fr&quot;,&quot;category&quot;:&quot;mon compte&quot;,&quot;from&quot;:&quot;article footer&quot;,&quot;name&quot;:&quot;Mon actu&quot;,&quot;type&quot;:&quot;cta&quot;}}\" target=\"_blank\">Mon Actu<\/a>.<\/p>\n","protected":false},"excerpt":{"rendered":"Par Brian Le Goff Publi\u00e9 le 23 mai 2025 \u00e0 14h18 La sc\u00e8ne a pu surprendre jeudi 22\u00a0mai,&hellip;\n","protected":false},"author":2,"featured_media":121949,"comment_status":"","ping_status":"","sticky":false,"template":"","format":"standard","meta":{"footnotes":""},"categories":[2821],"tags":[1111,11,829,1777,674,118,1011,27,12,1800,1311,584,25,7009],"class_list":{"0":"post-121948","1":"post","2":"type-post","3":"status-publish","4":"format-standard","5":"has-post-thumbnail","7":"category-rennes","8":"tag-actu","9":"tag-actualites","10":"tag-bretagne","11":"tag-eu","12":"tag-europe","13":"tag-faits-divers","14":"tag-fr","15":"tag-france","16":"tag-news","17":"tag-pollution","18":"tag-pompiers","19":"tag-rennes","20":"tag-republique-francaise","21":"tag-vilaine"},"share_on_mastodon":{"url":"https:\/\/pubeurope.com\/@fr\/114557143334819603","error":""},"_links":{"self":[{"href":"https:\/\/www.europesays.com\/fr\/wp-json\/wp\/v2\/posts\/121948","targetHints":{"allow":["GET"]}}],"collection":[{"href":"https:\/\/www.europesays.com\/fr\/wp-json\/wp\/v2\/posts"}],"about":[{"href":"https:\/\/www.europesays.com\/fr\/wp-json\/wp\/v2\/types\/post"}],"author":[{"embeddable":true,"href":"https:\/\/www.europesays.com\/fr\/wp-json\/wp\/v2\/users\/2"}],"replies":[{"embeddable":true,"href":"https:\/\/www.europesays.com\/fr\/wp-json\/wp\/v2\/comments?post=121948"}],"version-history":[{"count":0,"href":"https:\/\/www.europesays.com\/fr\/wp-json\/wp\/v2\/posts\/121948\/revisions"}],"wp:featuredmedia":[{"embeddable":true,"href":"https:\/\/www.europesays.com\/fr\/wp-json\/wp\/v2\/media\/121949"}],"wp:attachment":[{"href":"https:\/\/www.europesays.com\/fr\/wp-json\/wp\/v2\/media?parent=121948"}],"wp:term":[{"taxonomy":"category","embeddable":true,"href":"https:\/\/www.europesays.com\/fr\/wp-json\/wp\/v2\/categories?post=121948"},{"taxonomy":"post_tag","embeddable":true,"href":"https:\/\/www.europesays.com\/fr\/wp-json\/wp\/v2\/tags?post=121948"}],"curies":[{"name":"wp","href":"https:\/\/api.w.org\/{rel}","templated":true}]}}