{"id":121950,"date":"2025-05-23T12:27:07","date_gmt":"2025-05-23T12:27:07","guid":{"rendered":"https:\/\/www.europesays.com\/fr\/121950\/"},"modified":"2025-05-23T12:27:07","modified_gmt":"2025-05-23T12:27:07","slug":"arrete-pour-detention-dimages-pedopornographiques-un-eveque-de-lingolsheim-se-defenestre","status":"publish","type":"post","link":"https:\/\/www.europesays.com\/fr\/121950\/","title":{"rendered":"Arr\u00eat\u00e9 pour d\u00e9tention d&rsquo;images p\u00e9dopornographiques, un \u00e9v\u00eaque de Lingolsheim se d\u00e9fenestre"},"content":{"rendered":"<p>            Par<br \/>\n        <strong><br \/>\n            <a href=\"https:\/\/actu.fr\/auteur\/margot-fournie\" title=\"Consulter tous les articles de Margot Fournie\" rel=\"nofollow noopener\" target=\"_blank\">Margot Fournie<\/a><br \/>\n        <\/strong><\/p>\n<p>        Publi\u00e9 le<\/p>\n<p>            23 mai 2025 \u00e0 13h23        <\/p>\n<p>Ce vendredi matin, un \u00ab\u2009<strong>\u00e9v\u00eaque gallican<\/strong> officiant \u00e0 <a href=\"https:\/\/actu.fr\/grand-est\/lingolsheim_67267\" rel=\"nofollow noopener\" target=\"_blank\">Lingolsheim<\/a> s\u2019est <strong>d\u00e9fenestr\u00e9\u2009<\/strong>\u00bb, nous confirme la procureure de Strasbourg, Clarisse Taron. Son <strong>pronostic vital serait engag\u00e9<\/strong>, selon nos confr\u00e8res des <a href=\"https:\/\/www.dna.fr\/faits-divers-justice\/2025\/05\/23\/vaste-reseau-pedocriminel-demantele-l-eveque-gallican-mis-en-cause-s-est-defenestre\" rel=\"nofollow noopener\" target=\"_blank\">DNA<\/a>.<\/p>\n<p class=\" wall-content\">Cet homme de 46 ans devait passer, ce jour m\u00eame, en <strong>comparution imm\u00e9diate<\/strong> pour d\u00e9tention et diffusion d\u2019<strong>images p\u00e9dopornographiques<\/strong>.<\/p>\n<p class=\" wall-content\">\u00ab\u2009Les premiers faits <strong>remontent \u00e0 environ huit ans<\/strong>. Les derniers, \u00e7a serait le 18 mai, dimanche\u2009\u00bb, ajoute la procureure de la R\u00e9publique de Strasbourg. L\u2019\u00e9v\u00eaque n\u2019avait pas de casier judiciaire.<\/p>\n<p>D\u00e9mant\u00e8lement d\u2019un r\u00e9seau de p\u00e9docriminels<\/p>\n<p class=\" wall-content\">L\u2019\u00e9v\u00eaque a \u00e9t\u00e9 <strong>interpell\u00e9 lundi 19\u00a0mai<\/strong>, dans le cadre du d\u00e9mant\u00e8lement d\u2019un r\u00e9seau de p\u00e9docriminels d\u2019<strong>\u00e9chelle nationale<\/strong><strong>.<\/strong><\/p>\n<p class=\" wall-content\">Avec les <strong>54 autres mis en cause<\/strong>, \u00e2g\u00e9s de 25 \u00e0 75 ans, parmi lesquels un grand-p\u00e8re ou encore un ambulancier, le religieux \u00e9changeait <strong>sur l\u2019application de messagerie chiffr\u00e9e Telegram.<\/strong><\/p>\n<p>Vid\u00e9os : en ce moment sur Actu<\/p>\n<p class=\" wall-content\">Ils ont tous en commun d\u2019avoir \u00e9t\u00e9 en lien avec <strong>des p\u00e9docriminels \u00ab\u2009extr\u00eamement dangereux\u2009\u00bb<\/strong>, incarc\u00e9r\u00e9s depuis l\u2019\u00e9t\u00e9 dernier, a expliqu\u00e9 le commissaire Quentin Bevan, chef du p\u00f4le op\u00e9rationnel de l\u2019Office des mineurs (Ofmin).<\/p>\n<p>Des hommes souvent en contact avec des enfants<\/p>\n<p class=\" wall-content\">Ces 55 hommes, qui ont des ant\u00e9c\u00e9dents de p\u00e9dopornographie, sont en contact avec des enfants, soit parce qu\u2019ils <strong>ont des enfants<\/strong> ou <strong>des petits-enfants<\/strong>, soit qu\u2019ils c\u00f4toient des enfants <strong>de par leur profession<\/strong>.<\/p>\n<p class=\" wall-content\">Pour certains d\u2019entre eux, des \u00ab\u2009comparutions imm\u00e9diates ont d\u00e9j\u00e0 eu lieu\u2009\u00bb, pour d\u2019autres, \u00ab\u2009les enqu\u00eates seront longues pour mat\u00e9rialiser les faits\u2009\u00bb, a ajout\u00e9 M. Bevan.<\/p>\n<p class=\" wall-content\">Cette vaste op\u00e9ration a eu pour <strong>point de d\u00e9part<\/strong> l\u2019arrestation l\u2019\u00e9t\u00e9 dernier par les policiers de l\u2019Ofmin de <strong>p\u00e9docriminels qui agressaient des enfants<\/strong> et mettaient en ligne leurs m\u00e9faits sur Telegram. Ils sont mis en examen notamment pour <strong>traite d\u2019\u00eatres humains<\/strong> et encourent la perp\u00e9tuit\u00e9.<\/p>\n<p class=\" wall-content\"><strong>Avec AFP<\/strong><\/p>\n<p class=\" wall-content\">Suivez toute l\u2019actualit\u00e9 de vos villes et m\u00e9dias favoris en vous inscrivant \u00e0 <a href=\"https:\/\/moncompte.actu.fr\" title=\"D\u00e9couvez Mon Actu\" rel=\"nofollow noopener\" data-trk=\"{&quot;cta&quot;:{&quot;action&quot;:&quot;https:\\\/\\\/moncompte.actu.fr&quot;,&quot;category&quot;:&quot;mon compte&quot;,&quot;from&quot;:&quot;article footer&quot;,&quot;name&quot;:&quot;Mon actu&quot;,&quot;type&quot;:&quot;cta&quot;}}\" target=\"_blank\">Mon Actu<\/a>.<\/p>\n","protected":false},"excerpt":{"rendered":"Par Margot Fournie Publi\u00e9 le 23 mai 2025 \u00e0 13h23 Ce vendredi matin, un \u00ab\u2009\u00e9v\u00eaque gallican officiant \u00e0&hellip;\n","protected":false},"author":2,"featured_media":121951,"comment_status":"","ping_status":"","sticky":false,"template":"","format":"standard","meta":{"footnotes":""},"categories":[2820],"tags":[1111,11,1719,1777,674,118,1011,27,775,12,874,25,640],"class_list":{"0":"post-121950","1":"post","2":"type-post","3":"status-publish","4":"format-standard","5":"has-post-thumbnail","7":"category-strasbourg","8":"tag-actu","9":"tag-actualites","10":"tag-enfants","11":"tag-eu","12":"tag-europe","13":"tag-faits-divers","14":"tag-fr","15":"tag-france","16":"tag-grand-est","17":"tag-news","18":"tag-pedophilie","19":"tag-republique-francaise","20":"tag-strasbourg"},"share_on_mastodon":{"url":"https:\/\/pubeurope.com\/@fr\/114557147175257083","error":""},"_links":{"self":[{"href":"https:\/\/www.europesays.com\/fr\/wp-json\/wp\/v2\/posts\/121950","targetHints":{"allow":["GET"]}}],"collection":[{"href":"https:\/\/www.europesays.com\/fr\/wp-json\/wp\/v2\/posts"}],"about":[{"href":"https:\/\/www.europesays.com\/fr\/wp-json\/wp\/v2\/types\/post"}],"author":[{"embeddable":true,"href":"https:\/\/www.europesays.com\/fr\/wp-json\/wp\/v2\/users\/2"}],"replies":[{"embeddable":true,"href":"https:\/\/www.europesays.com\/fr\/wp-json\/wp\/v2\/comments?post=121950"}],"version-history":[{"count":0,"href":"https:\/\/www.europesays.com\/fr\/wp-json\/wp\/v2\/posts\/121950\/revisions"}],"wp:featuredmedia":[{"embeddable":true,"href":"https:\/\/www.europesays.com\/fr\/wp-json\/wp\/v2\/media\/121951"}],"wp:attachment":[{"href":"https:\/\/www.europesays.com\/fr\/wp-json\/wp\/v2\/media?parent=121950"}],"wp:term":[{"taxonomy":"category","embeddable":true,"href":"https:\/\/www.europesays.com\/fr\/wp-json\/wp\/v2\/categories?post=121950"},{"taxonomy":"post_tag","embeddable":true,"href":"https:\/\/www.europesays.com\/fr\/wp-json\/wp\/v2\/tags?post=121950"}],"curies":[{"name":"wp","href":"https:\/\/api.w.org\/{rel}","templated":true}]}}