{"id":121954,"date":"2025-05-23T12:29:08","date_gmt":"2025-05-23T12:29:08","guid":{"rendered":"https:\/\/www.europesays.com\/fr\/121954\/"},"modified":"2025-05-23T12:29:08","modified_gmt":"2025-05-23T12:29:08","slug":"nice-la-duree-du-stationnement-gratuit-en-ville-va-etre-augmentee","status":"publish","type":"post","link":"https:\/\/www.europesays.com\/fr\/121954\/","title":{"rendered":"Nice. La dur\u00e9e du stationnement gratuit en ville va \u00eatre augment\u00e9e"},"content":{"rendered":"<p>            Par<br \/>\n        <strong><br \/>\n            <a href=\"https:\/\/actu.fr\/auteur\/ugo-maillard\" title=\"Consulter tous les articles de Ugo Maillard\" target=\"_blank\" rel=\"noopener\">Ugo Maillard<\/a><br \/>\n        <\/strong><\/p>\n<p>        Publi\u00e9 le<\/p>\n<p>            23 mai 2025 \u00e0 13h48        <\/p>\n<p>Lors du conseil municipal de ce vendredi 23\u00a0mai 2025, les \u00e9lus municipaux de la Ville de <a href=\"https:\/\/actu.fr\/nice\/\" target=\"_blank\" rel=\"noopener\">Nice<\/a> ont pris une d\u00e9cision qui devrait donner le sourire aux automobilistes.<\/p>\n<p class=\" wall-content\">La dur\u00e9e du ticket gratuit du <strong>stationnement sur voirie<\/strong> \u00e0 Nice (<a href=\"https:\/\/actu.fr\/provence-alpes-cote-d-azur\/alpes-maritimes_06\" target=\"_blank\" rel=\"noopener\">Alpes-Maritimes<\/a>) va \u00eatre doubl\u00e9e, passant de 30\u00a0minutes \u00e0 <strong>une heure<\/strong>, du lundi au vendredi.<\/p>\n<p class=\" wall-content\">Une initiative qui avait d\u00e9j\u00e0 \u00e9t\u00e9 prise pour le samedi et pour l\u2019ensemble des parkings de la R\u00e9gie Parcs d\u2019Azur.<\/p>\n<p>\u00ab\u2009Soutenir le dynamisme \u00e9conomique local\u2009\u00bb<\/p>\n<p class=\" wall-content\"><a href=\"https:\/\/actu.fr\/provence-alpes-cote-d-azur\/nice_06088\/nice-une-heure-de-stationnement-gratuit-les-raisons-de-cette-decision-inedite_62406387.html\" target=\"_blank\" rel=\"noopener\">Annonc\u00e9e en mars\u00a02025<\/a> par Christian Estrosi, maire de Nice et Pr\u00e9sident de la M\u00e9tropole Nice C\u00f4te d\u2019Azur, cette d\u00e9cision a \u00e9t\u00e9 adopt\u00e9e par le conseil municipal.<\/p>\n<p class=\" wall-content\">Elle entrera en vigueur \u00e0 partir du <strong>1er\u00a0juillet 2025<\/strong> dans toutes les rues de Nice.<\/p>\n<p>Vid\u00e9os : en ce moment sur Actu<\/p>\n<p class=\" wall-content\">L\u2019\u00e9dile, <a href=\"https:\/\/actu.fr\/tag\/christian-estrosi\" target=\"_blank\" rel=\"noopener\">Christian Estrosi<\/a>, justifie ce choix en expliquant que \u00ab\u2009l\u2019heure hebdomadaire \u00e0 l\u2019ensemble des 14\u2009000 places de stationnement de la Ville de Nice permettra de soutenir le dynamisme \u00e9conomique local et l\u2019acc\u00e8s aux commerces de proximit\u00e9 en offrant aux usagers plus de flexibilit\u00e9 pour r\u00e9aliser des achats\u2009\u00bb.<\/p>\n<p class=\" wall-content\">Suivez toute l\u2019actualit\u00e9 de vos villes et m\u00e9dias favoris en vous inscrivant \u00e0 <a href=\"https:\/\/moncompte.actu.fr\" title=\"D\u00e9couvez Mon Actu\" rel=\"nofollow noopener\" data-trk=\"{&quot;cta&quot;:{&quot;action&quot;:&quot;https:\\\/\\\/moncompte.actu.fr&quot;,&quot;category&quot;:&quot;mon compte&quot;,&quot;from&quot;:&quot;article footer&quot;,&quot;name&quot;:&quot;Mon actu&quot;,&quot;type&quot;:&quot;cta&quot;}}\" target=\"_blank\">Mon Actu<\/a>.<\/p>\n<ul class=\"ac-article-tag wall-content\">\n<li><a href=\"https:\/\/actu.fr\/tag\/christian-estrosi\" data-trk=\"{&quot;cta&quot;:{&quot;action&quot;:&quot;Christian Estrosi&quot;,&quot;category&quot;:&quot;tag&quot;,&quot;from&quot;:&quot;article footer&quot;,&quot;name&quot;:&quot;Christian Estrosi&quot;,&quot;type&quot;:&quot;cta&quot;}}\" target=\"_blank\" rel=\"noopener\">#Christian Estrosi<\/a><\/li>\n<li><a href=\"https:\/\/actu.fr\/tag\/stationnement\" data-trk=\"{&quot;cta&quot;:{&quot;action&quot;:&quot;Stationnement&quot;,&quot;category&quot;:&quot;tag&quot;,&quot;from&quot;:&quot;article footer&quot;,&quot;name&quot;:&quot;Stationnement&quot;,&quot;type&quot;:&quot;cta&quot;}}\" target=\"_blank\" rel=\"noopener\">#Stationnement<\/a><\/li>\n<\/ul>\n","protected":false},"excerpt":{"rendered":"Par Ugo Maillard Publi\u00e9 le 23 mai 2025 \u00e0 13h48 Lors du conseil municipal de ce vendredi 23\u00a0mai&hellip;\n","protected":false},"author":2,"featured_media":121955,"comment_status":"","ping_status":"","sticky":false,"template":"","format":"standard","meta":{"footnotes":""},"categories":[2819],"tags":[1111,11,2397,1777,674,1011,27,12,2401,882,25,104,6173],"class_list":{"0":"post-121954","1":"post","2":"type-post","3":"status-publish","4":"format-standard","5":"has-post-thumbnail","7":"category-nice","8":"tag-actu","9":"tag-actualites","10":"tag-christian-estrosi","11":"tag-eu","12":"tag-europe","13":"tag-fr","14":"tag-france","15":"tag-news","16":"tag-nice","17":"tag-provence-alpes-cote-dazur","18":"tag-republique-francaise","19":"tag-societe","20":"tag-stationnement"},"share_on_mastodon":{"url":"https:\/\/pubeurope.com\/@fr\/114557155027070259","error":""},"_links":{"self":[{"href":"https:\/\/www.europesays.com\/fr\/wp-json\/wp\/v2\/posts\/121954","targetHints":{"allow":["GET"]}}],"collection":[{"href":"https:\/\/www.europesays.com\/fr\/wp-json\/wp\/v2\/posts"}],"about":[{"href":"https:\/\/www.europesays.com\/fr\/wp-json\/wp\/v2\/types\/post"}],"author":[{"embeddable":true,"href":"https:\/\/www.europesays.com\/fr\/wp-json\/wp\/v2\/users\/2"}],"replies":[{"embeddable":true,"href":"https:\/\/www.europesays.com\/fr\/wp-json\/wp\/v2\/comments?post=121954"}],"version-history":[{"count":0,"href":"https:\/\/www.europesays.com\/fr\/wp-json\/wp\/v2\/posts\/121954\/revisions"}],"wp:featuredmedia":[{"embeddable":true,"href":"https:\/\/www.europesays.com\/fr\/wp-json\/wp\/v2\/media\/121955"}],"wp:attachment":[{"href":"https:\/\/www.europesays.com\/fr\/wp-json\/wp\/v2\/media?parent=121954"}],"wp:term":[{"taxonomy":"category","embeddable":true,"href":"https:\/\/www.europesays.com\/fr\/wp-json\/wp\/v2\/categories?post=121954"},{"taxonomy":"post_tag","embeddable":true,"href":"https:\/\/www.europesays.com\/fr\/wp-json\/wp\/v2\/tags?post=121954"}],"curies":[{"name":"wp","href":"https:\/\/api.w.org\/{rel}","templated":true}]}}