{"id":121976,"date":"2025-05-23T12:42:09","date_gmt":"2025-05-23T12:42:09","guid":{"rendered":"https:\/\/www.europesays.com\/fr\/121976\/"},"modified":"2025-05-23T12:42:09","modified_gmt":"2025-05-23T12:42:09","slug":"la-gauche-lyonnaise-tacle-la-proposition-de-jean-michel-aulas","status":"publish","type":"post","link":"https:\/\/www.europesays.com\/fr\/121976\/","title":{"rendered":"la gauche lyonnaise tacle la proposition de Jean-Michel Aulas"},"content":{"rendered":"<p>Plusieurs \u00e9lus \u00e9cologistes et communistes lyonnais ont vilipend\u00e9 la proposition faite par Jean-Michel Aulas de renoncer aux indemnit\u00e9s de maire de Lyon s\u2019il \u00e9tait \u00e9lu pour les reverser \u00e0 des associations, la jugeant populiste.<\/p>\n<p class=\"fig-paragraph\">\u00abTrump \u00e0 la lyonnaise\u00bb, \u00abpopulisme\u00bb, \u00abstupidit\u00e9\u00bb\u2026 La\u00a0<a href=\"http:\/\/www.lefigaro.fr\/lyon\/a-lyon-la-gauche-ecologiste-au-defi-de-la-desunion-20250324\" data-fig-type=\"NewsFlash\" data-gtm-custom-categorie=\"navigation\" data-gtm-custom-action=\"crossclick\" data-gtm-custom-label=\"Contextuel\" data-gtm-event=\"customEventSPE\" data-fig-domain=\"LEFIGARO\" target=\"_blank\" rel=\"noopener\">gauche lyonnaise<\/a>\u00a0a vilipend\u00e9 l\u2019annonce faite par de\u00a0<a href=\"http:\/\/www.lefigaro.fr\/lyon\/municipales-a-lyon-un-nouveau-sondage-place-jean-michel-aulas-en-principal-opposant-des-ecologistes-20250408\" data-fig-type=\"NewsFlash\" data-gtm-custom-categorie=\"navigation\" data-gtm-custom-action=\"crossclick\" data-gtm-custom-label=\"Contextuel\" data-gtm-event=\"customEventSPE\" data-fig-domain=\"LEFIGARO\" target=\"_blank\" rel=\"noopener\">Jean-Michel Aulas<\/a>\u00a0au journal Challenges, proposant de\u00a0<a href=\"http:\/\/www.lefigaro.fr\/lyon\/municipales-a-lyon-jean-michel-aulas-renoncerait-a-ses-indemnites-de-maire-en-cas-d-election-20250521\" data-fig-type=\"NewsFlash\" data-gtm-custom-categorie=\"navigation\" data-gtm-custom-action=\"crossclick\" data-gtm-custom-label=\"Contextuel\" data-gtm-event=\"customEventSPE\" data-fig-domain=\"LEFIGARO\" target=\"_blank\" rel=\"noopener\">renoncer \u00e0 l\u2019indemnit\u00e9 de maire<\/a>\u00a0s\u2019il \u00e9tait \u00e9lu. La 310e fortune de France (450 millions d\u2019euros), qui n\u2019est pas encore officiellement candidat, souhaiterait fl\u00e9cher ces 8500 euros mensuels, soit 714.000 euros sur six ans de mandat, vers des associations en charge de la jeunesse, indique son entourage au Figaro.<\/p>\n<p class=\"fig-paragraph\">\u00abRenoncer \u00e0 ses indemnit\u00e9s quand on est multimillionnaire, c\u2019est pas r\u00e9volutionnaire. Une proposition politique forte, ce serait accepter les indemnit\u00e9s et reverser la majorit\u00e9 de sa fortune pour les plus vuln\u00e9rables. Sinon, \u00e7a s\u2019appelle un coup de com\u2019\u00a0!\u00bb a ainsi attaqu\u00e9 la d\u00e9put\u00e9e \u00e9cologiste lyonnaise Marie-Charlotte Garin (EELV). \u00c9lu PCF dans le 7e arrondissement Boris Miachon-Debard d\u00e9nonce de son c\u00f4t\u00e9 \u00abune vision terriblement antid\u00e9mocratique, o\u00f9 \u00eatre tr\u00e8s riche est un vrai argument pour \u00eatre maire\u00bb.<\/p>\n<p class=\"fig-paragraph\">\u00ab\u00c7a laisse entendre que les indemnit\u00e9s d\u2019\u00e9lus ne seraient pas \u00ab\u00a0normales\u00a0\u00bb, embraie Quentin Carpentier \u00e9lu \u00e9cologiste dans le 9e arrondissement, que la fonction d\u2019\u00e9lu ne demande aucune implication, ou qu\u2019elle est r\u00e9serv\u00e9e aux rentiers\u00bb. \u00abL\u2019indemnit\u00e9 est la garantie d\u00e9mocratique que tout citoyen , quelle que soit son origine sociale, peut pr\u00e9tendre \u00e0 l\u2019\u00e9lection. Chef d\u2019entreprise comme ouvrier\u00bb, insiste Boris Miachon-Debard.<\/p>\n<p>Doucet avait baiss\u00e9 son indemnit\u00e9 au profit d\u2019adjoints<\/p>\n<p class=\"fig-paragraph\">L\u2019id\u00e9e d\u2019un reversement de l\u2019indemnit\u00e9 d\u2019\u00e9lu \u00e0 des associations a fait grincer les \u00e9lus de gauche. \u00abDe quoi faire rire ou pleurer les centaines d\u2019association soutenues par la ville \u00e0 hauteur de plusieurs millions d\u2019euros\u00bb, ironise ainsi Boris Miachon-Debard. La majorit\u00e9 \u00e9cologiste avait aussi fortement augment\u00e9 le budget d\u2019investissement pour la jeunesse, dont elle a fait sa priorit\u00e9 de mandat, par rapport au dernier mandat Collomb, en recourant largement \u00e0 l\u2019emprunt.<\/p>\n<p class=\"fig-body-link\">\n            \u00c0 lire aussi<br \/>\n        <a class=\"fig-body-link__link fig-premium-mark\" href=\"http:\/\/www.lefigaro.fr\/lyon\/l-hypothese-d-un-duel-entre-jean-michel-aulas-et-gregory-doucet-relance-les-municipales-a-lyon-20250417\" data-fig-type=\"NewsFlash\" data-gtm-custom-categorie=\"navigation\" data-gtm-custom-action=\"crossclick\" data-gtm-custom-label=\"Contextuel\" data-gtm-event=\"customEventSPE\" data-fig-domain=\"LEFIGARO\" target=\"_blank\" rel=\"noopener\">L\u2019hypoth\u00e8se d\u2019un duel entre Jean-Michel Aulas et Gr\u00e9gory Doucet relance les municipales \u00e0 Lyon<br \/>\n    <\/a>\n<\/p>\n<p class=\"fig-paragraph\">Mais \u00abun euro est un euro\u00bb, fait-on valoir dans l\u2019entourage de l\u2019ex-pr\u00e9sident de l\u2019OL, \u00abque n\u2019aurait-on dit s\u2019il ne l\u2019avait pas fait\u00a0?\u00bb. \u00ab\u00c0 l\u2019heure de la d\u00e9fiance envers les \u00e9lus, ce geste est tout sauf populiste\u00a0: c\u2019est une marque de s\u00e9rieux et d\u2019exigence, dans la lign\u00e9e de Michael Bloomberg, qui ne percevait qu\u2019un dollar symbolique comme maire d\u00e9mocrate de New York\u00bb, poursuit-on de m\u00eame source. Gr\u00e9gory Doucet lui-m\u00eame avait r\u00e9duit son indemnit\u00e9, de 8500 \u00e0 7500 euros bruts mensuels en d\u00e9but de mandat. Dans le m\u00eame temps, les indemnit\u00e9s de trois conseillers d\u00e9l\u00e9gu\u00e9s avaient \u00e9t\u00e9 r\u00e9\u00e9valu\u00e9es de 2300 \u00e0 2700 euros.<\/p>\n<p class=\"fig-paragraph\">\u00abEt c\u00f4t\u00e9 propositions, on en est o\u00f9\u00a0?\u00bb, a tacl\u00e9 Benjamin Badouard, copr\u00e9sident du groupe \u00e9cologiste \u00e0 la M\u00e9tropole. Sur ce point \u00abJMA\u00bb a annonc\u00e9 la jeunesse, le logement, la s\u00e9curit\u00e9, l\u2019attractivit\u00e9 et la mobilit\u00e9 comme des priorit\u00e9s. Sans programme pr\u00e9cis \u00e0 ce jour. Il a dit se laisser jusqu\u2019au mois de septembre pour livrer sa d\u00e9cision de se pr\u00e9senter ou non.<\/p>\n","protected":false},"excerpt":{"rendered":"Plusieurs \u00e9lus \u00e9cologistes et communistes lyonnais ont vilipend\u00e9 la proposition faite par Jean-Michel Aulas de renoncer aux indemnit\u00e9s&hellip;\n","protected":false},"author":2,"featured_media":121977,"comment_status":"","ping_status":"","sticky":false,"template":"","format":"standard","meta":{"footnotes":""},"categories":[1889],"tags":[1111,11,5273,2430,5299,5272,5312,5296,5285,4188,1777,674,5293,1011,27,5303,5311,5301,5279,5275,5313,5276,5300,5302,5280,5298,5281,5306,5305,5308,5309,5284,5294,5297,5269,5271,5268,5270,5267,2428,5295,5307,5277,5304,5283,12,978,5274,25,2431,5314,5288,5292,5289,5291,5290,5315,5282,5286,5310,5287,5278],"class_list":{"0":"post-121976","1":"post","2":"type-post","3":"status-publish","4":"format-standard","5":"has-post-thumbnail","7":"category-lyon","8":"tag-actu","9":"tag-actualites","10":"tag-ainay","11":"tag-auvergne-rhone-alpes","12":"tag-bellecombe","13":"tag-bellecour","14":"tag-champvert-nord","15":"tag-champvert-sud","16":"tag-clos-jouve","17":"tag-elections-municipales","18":"tag-eu","19":"tag-europe","20":"tag-fourviere","21":"tag-fr","22":"tag-france","23":"tag-gerland","24":"tag-gorge-de-loup","25":"tag-jean-mace","26":"tag-la-buire","27":"tag-la-confluence","28":"tag-la-duchere","29":"tag-la-guillotiere-nord-prefecture","30":"tag-la-guillotiere-sud","31":"tag-la-mouche","32":"tag-la-part-dieu","33":"tag-la-tete-dor","34":"tag-la-villette","35":"tag-laennec","36":"tag-le-bachut","37":"tag-le-grand-trou","38":"tag-le-moulin-a-vent","39":"tag-le-plateau-de-la-croix-rousse","40":"tag-le-point-du-jour","41":"tag-les-brotteaux","42":"tag-les-chartreux","43":"tag-les-cordeliers","44":"tag-les-pentes-de-la-croix-rousse","45":"tag-les-terreaux","46":"tag-les-traboules","47":"tag-lyon","48":"tag-menival","49":"tag-mermoz","50":"tag-moncey","51":"tag-monplaisir","52":"tag-montchat","53":"tag-news","54":"tag-olympique-lyonnais","55":"tag-perrache","56":"tag-republique-francaise","57":"tag-rhone-alpes","58":"tag-rochecardon-industrie","59":"tag-saint-georges","60":"tag-saint-irenee","61":"tag-saint-jean","62":"tag-saint-just","63":"tag-saint-paul","64":"tag-saint-rambert-lile-barbe","65":"tag-sans-souci-dauphine","66":"tag-serin-saint-charles","67":"tag-vaise","68":"tag-vieux-lyon","69":"tag-voltaire"},"share_on_mastodon":{"url":"","error":"Validation failed: Text character limit of 500 exceeded"},"_links":{"self":[{"href":"https:\/\/www.europesays.com\/fr\/wp-json\/wp\/v2\/posts\/121976","targetHints":{"allow":["GET"]}}],"collection":[{"href":"https:\/\/www.europesays.com\/fr\/wp-json\/wp\/v2\/posts"}],"about":[{"href":"https:\/\/www.europesays.com\/fr\/wp-json\/wp\/v2\/types\/post"}],"author":[{"embeddable":true,"href":"https:\/\/www.europesays.com\/fr\/wp-json\/wp\/v2\/users\/2"}],"replies":[{"embeddable":true,"href":"https:\/\/www.europesays.com\/fr\/wp-json\/wp\/v2\/comments?post=121976"}],"version-history":[{"count":0,"href":"https:\/\/www.europesays.com\/fr\/wp-json\/wp\/v2\/posts\/121976\/revisions"}],"wp:featuredmedia":[{"embeddable":true,"href":"https:\/\/www.europesays.com\/fr\/wp-json\/wp\/v2\/media\/121977"}],"wp:attachment":[{"href":"https:\/\/www.europesays.com\/fr\/wp-json\/wp\/v2\/media?parent=121976"}],"wp:term":[{"taxonomy":"category","embeddable":true,"href":"https:\/\/www.europesays.com\/fr\/wp-json\/wp\/v2\/categories?post=121976"},{"taxonomy":"post_tag","embeddable":true,"href":"https:\/\/www.europesays.com\/fr\/wp-json\/wp\/v2\/tags?post=121976"}],"curies":[{"name":"wp","href":"https:\/\/api.w.org\/{rel}","templated":true}]}}