{"id":121988,"date":"2025-05-23T12:50:23","date_gmt":"2025-05-23T12:50:23","guid":{"rendered":"https:\/\/www.europesays.com\/fr\/121988\/"},"modified":"2025-05-23T12:50:23","modified_gmt":"2025-05-23T12:50:23","slug":"un-sabre-de-napoleon-vendu-47-millions-deuros-pas-loin-du-record-pour-les-objets-de-lempereur","status":"publish","type":"post","link":"https:\/\/www.europesays.com\/fr\/121988\/","title":{"rendered":"Un sabre de Napol\u00e9on vendu 4,7 millions d\u2019euros, pas loin du record pour les objets de l\u2019empereur"},"content":{"rendered":"<p><img decoding=\"async\" class=\"caas-img caas-lazy has-preview\" src=\"https:\/\/www.europesays.com\/fr\/wp-content\/uploads\/2025\/05\/0bf297b4fdd83da6ebec4d83c6741679.jpeg\"\/><\/p>\n<p><strong>Chargeeeezzzzz &#8211; Un sabre ayant appartenu \u00e0 Napol\u00e9on Bonaparte a \u00e9t\u00e9 vendu aux ench\u00e8res \u00e0 Paris pour pr\u00e8s de 4,66\u00a0millions d\u2019euros, fr\u00f4lant le record mondial pour un artefact napol\u00e9onien<\/strong><\/p>\n<p>Ce n\u2019est pas l\u2019un de ses fameux bicornes, mais quand m\u00eame\u2026 Un sabre de <a href=\"https:\/\/www.20minutes.fr\/dossier\/napoleon?at_medium=RSS%20feed&amp;at_campaign=ynews&amp;utm_source=yahoo&amp;utm_medium=rss&amp;utm_campaign=news_feed&amp;utm_content=in_article_link\" rel=\"nofollow noopener\" target=\"_blank\" data-ylk=\"slk:Napol\u00e9on;elm:context_link;itc:0;sec:content-canvas\" class=\"link \">Napol\u00e9on<\/a> Bonaparte a fr\u00f4l\u00e9 le record mondial pour un artefact napol\u00e9onien. Il s\u2019est arrach\u00e9 aux <a href=\"https:\/\/www.20minutes.fr\/dossier\/ventes_aux_encheres?at_medium=RSS%20feed&amp;at_campaign=ynews&amp;utm_source=yahoo&amp;utm_medium=rss&amp;utm_campaign=news_feed&amp;utm_content=in_article_link\" rel=\"nofollow noopener\" target=\"_blank\" data-ylk=\"slk:ench\u00e8res;elm:context_link;itc:0;sec:content-canvas\" class=\"link \">ench\u00e8res<\/a> pour pr\u00e8s de 4,66\u00a0millions d\u2019euros (frais compris), jeudi soir, \u00e0 <a href=\"https:\/\/www.20minutes.fr\/paris\/?at_medium=RSS%20feed&amp;at_campaign=ynews&amp;utm_source=yahoo&amp;utm_medium=rss&amp;utm_campaign=news_feed&amp;utm_content=in_article_link\" rel=\"nofollow noopener\" target=\"_blank\" data-ylk=\"slk:Paris;elm:context_link;itc:0;sec:content-canvas\" class=\"link \">Paris<\/a>.<\/p>\n<p>La vente de cette arme personnelle, command\u00e9e par Napol\u00e9on lui-m\u00eame, s\u2019est tenue \u00e0 l\u2019H\u00f4tel Drouot. Elle \u00e9tait propos\u00e9e par la maison de ventes Giquello. Son acqu\u00e9reur n\u2019a pas \u00e9t\u00e9 pr\u00e9cis\u00e9. \u00ab\u00a0Estim\u00e9 entre 700.000 et 1\u00a0million d\u2019euros, il a fr\u00f4l\u00e9 le record mondial de 4,8\u00a0millions d\u2019euros, \u00e9tabli en\u00a02007 par son sabre de la bataille de Marengo\u00a0\u00bb, pr\u00e9cise l\u2019H\u00f4tel Drouot.<\/p>\n<p>Command\u00e9 par Napol\u00e9on entre\u00a01802 et\u00a01803<\/p>\n<p>L\u2019arme rejoint \u00ab\u00a0le cercle tr\u00e8s restreint des artefacts napol\u00e9oniens les plus pr\u00e9cieux jamais vendus aux ench\u00e8res\u00a0\u00bb. Alors Premier Consul, Bonaparte avait command\u00e9 ce sabre entre\u00a01802 et\u00a01803 \u00e0 Nicolas-No\u00ebl Boutet. Le directeur de la Manufacture de Versailles \u00e9tait reconnu comme \u00e9tant le plus grand arquebusier de son temps.<\/p>\n<p>Devenu empereur, Napol\u00e9on Ier le gardera jusqu\u2019\u00e0 la fin de son r\u00e8gne avant de l\u2019offrir \u00e0 Emmanuel de Grouchy, un de ses fid\u00e8les qu\u2019il \u00e9l\u00e8vera dernier mar\u00e9chal d\u2019Empire. Le prestigieux sabre a ensuite \u00e9t\u00e9 conserv\u00e9 par les descendants du mar\u00e9chal.<\/p>\n<p><a href=\"https:\/\/www.20minutes.fr\/dossier\/napoleon\" rel=\"nofollow noopener\" target=\"_blank\" data-ylk=\"slk:Notre dossier sur Napol\u00e9on;elm:context_link;itc:0;sec:content-canvas\" class=\"link \">Notre dossier sur Napol\u00e9on<\/a><\/p>\n<p>Un second exemplaire, identique \u00e0 celui-ci et \u00e9galement command\u00e9 par Napol\u00e9on, est conserv\u00e9 au mus\u00e9e de l\u2019Ermitage \u00e0 Saint-P\u00e9tersbourg, en Russie.<\/p>\n<p><a href=\"https:\/\/www.20minutes.fr\/societe\/4155079-20250523-paris-sabre-napoleon-vendu-4-7-millions-euros-presque-record?at_medium=RSS%20feed&amp;at_campaign=ynews&amp;utm_source=yahoo&amp;utm_medium=rss&amp;utm_campaign=news_feed&amp;utm_content=read_more_link&quot;\" rel=\"nofollow noopener\" target=\"_blank\" data-ylk=\"slk:Lire la suite sur 20minutes;elm:context_link;itc:0;sec:content-canvas\" class=\"link \">Lire la suite sur 20minutes<\/a><\/p>\n<p>\u00c0 lire aussi :<br \/><a href=\"https:\/\/www.20minutes.fr\/arts-stars\/insolite\/4087868-20240423-montpellier-servait-table-appoint-malle-louis-vuitton-estimee-50-000-euros?at_medium=RSS%20feed&amp;at_campaign=ynews&amp;utm_source=yahoo&amp;utm_medium=rss&amp;utm_campaign=news_feed&amp;utm_content=related_content_link\" rel=\"nofollow noopener\" target=\"_blank\" data-ylk=\"slk:Montpellier\u00a0: Elle servait de table d\u2019appoint, une malle Louis Vuitton estim\u00e9e \u00e0 50.000 euros;elm:context_link;itc:0;sec:content-canvas\" class=\"link \">Montpellier\u00a0: Elle servait de table d\u2019appoint, une malle Louis Vuitton estim\u00e9e \u00e0 50.000 euros<\/a><br \/><a href=\"https:\/\/www.20minutes.fr\/justice\/4060258-20231031-ales-cede-masque-150-euros-revendu-4-2-millions-euros-gabon-mele-reclame-restitution?at_medium=RSS%20feed&amp;at_campaign=ynews&amp;utm_source=yahoo&amp;utm_medium=rss&amp;utm_campaign=news_feed&amp;utm_content=related_content_link\" rel=\"nofollow noopener\" target=\"_blank\" data-ylk=\"slk:Al\u00e8s\u00a0: Ils avaient c\u00e9d\u00e9 le masque 150 euros, revendu 4,2\u00a0millions d\u2019euros, le Gabon s\u2019en m\u00eale et r\u00e9clame sa restitution;elm:context_link;itc:0;sec:content-canvas\" class=\"link \">Al\u00e8s\u00a0: Ils avaient c\u00e9d\u00e9 le masque 150 euros, revendu 4,2\u00a0millions d\u2019euros, le Gabon s\u2019en m\u00eale et r\u00e9clame sa restitution<\/a><\/p>\n","protected":false},"excerpt":{"rendered":"Chargeeeezzzzz &#8211; Un sabre ayant appartenu \u00e0 Napol\u00e9on Bonaparte a \u00e9t\u00e9 vendu aux ench\u00e8res \u00e0 Paris pour pr\u00e8s&hellip;\n","protected":false},"author":2,"featured_media":121989,"comment_status":"","ping_status":"","sticky":false,"template":"","format":"standard","meta":{"footnotes":""},"categories":[1888],"tags":[11,1777,674,1011,27,24380,24378,12,626,24379,25,10622],"class_list":{"0":"post-121988","1":"post","2":"type-post","3":"status-publish","4":"format-standard","5":"has-post-thumbnail","7":"category-paris","8":"tag-actualites","9":"tag-eu","10":"tag-europe","11":"tag-fr","12":"tag-france","13":"tag-musee-de-lermitage","14":"tag-napoleon-bonaparte","15":"tag-news","16":"tag-paris","17":"tag-record-mondial","18":"tag-republique-francaise","19":"tag-sabre"},"share_on_mastodon":{"url":"https:\/\/pubeurope.com\/@fr\/114557237715424417","error":""},"_links":{"self":[{"href":"https:\/\/www.europesays.com\/fr\/wp-json\/wp\/v2\/posts\/121988","targetHints":{"allow":["GET"]}}],"collection":[{"href":"https:\/\/www.europesays.com\/fr\/wp-json\/wp\/v2\/posts"}],"about":[{"href":"https:\/\/www.europesays.com\/fr\/wp-json\/wp\/v2\/types\/post"}],"author":[{"embeddable":true,"href":"https:\/\/www.europesays.com\/fr\/wp-json\/wp\/v2\/users\/2"}],"replies":[{"embeddable":true,"href":"https:\/\/www.europesays.com\/fr\/wp-json\/wp\/v2\/comments?post=121988"}],"version-history":[{"count":0,"href":"https:\/\/www.europesays.com\/fr\/wp-json\/wp\/v2\/posts\/121988\/revisions"}],"wp:featuredmedia":[{"embeddable":true,"href":"https:\/\/www.europesays.com\/fr\/wp-json\/wp\/v2\/media\/121989"}],"wp:attachment":[{"href":"https:\/\/www.europesays.com\/fr\/wp-json\/wp\/v2\/media?parent=121988"}],"wp:term":[{"taxonomy":"category","embeddable":true,"href":"https:\/\/www.europesays.com\/fr\/wp-json\/wp\/v2\/categories?post=121988"},{"taxonomy":"post_tag","embeddable":true,"href":"https:\/\/www.europesays.com\/fr\/wp-json\/wp\/v2\/tags?post=121988"}],"curies":[{"name":"wp","href":"https:\/\/api.w.org\/{rel}","templated":true}]}}