{"id":121992,"date":"2025-05-23T12:52:14","date_gmt":"2025-05-23T12:52:14","guid":{"rendered":"https:\/\/www.europesays.com\/fr\/121992\/"},"modified":"2025-05-23T12:52:14","modified_gmt":"2025-05-23T12:52:14","slug":"des-prostituees-filmees-dans-les-locaux-de-la-caisse-de-retraite-dukraine-cest-faux","status":"publish","type":"post","link":"https:\/\/www.europesays.com\/fr\/121992\/","title":{"rendered":"Des prostitu\u00e9es film\u00e9es dans les locaux de la Caisse de retraite d&rsquo;Ukraine ? C&rsquo;est faux"},"content":{"rendered":"<p>Depuis l&rsquo;invasion de l&rsquo;Ukraine par la Russie, Volodymyr Zelensky est r\u00e9guli\u00e8rement accus\u00e9, sur les r\u00e9seaux sociaux, de d\u00e9tourner l&rsquo;aide occidentale \u00e0 l&rsquo;Ukraine \u00e0 son profit personnel. Dans ce contexte, des internautes affirment, mi-mai 2025, que des employ\u00e9s de la Caisse de retraite d&rsquo;Ukraine avaient eux aussi d\u00e9tourn\u00e9 des fonds, en recourant \u00e0 des prostitu\u00e9es avec l&rsquo;argent des \u00ab\u00a0imp\u00f4ts\u00a0\u00bb. Ils basent leurs accusations sur une vid\u00e9o montrant des femmes danser \u00e0 la fen\u00eatre d&rsquo;un b\u00e2timent semblant appartenir \u00e0 cet organisme public. Mais c&rsquo;est faux : les images montrent les membres d&rsquo;un studio de danse voisin, comme l&rsquo;AFP a pu le v\u00e9rifier et comme l&rsquo;ont confirm\u00e9 un responsable de l&rsquo;organisme retraite et le studio de danse concern\u00e9.<\/p>\n<p>\u00ab\u00a0Rien ne vaut la f\u00eate du fonds de pension ukrainien ! Des employ\u00e9s du fonds de pension ukrainien ont manifestement fait appel \u00e0 des prostitu\u00e9es pour une petite soir\u00e9e d\u00e9tente. C&rsquo;est bon de voir que l&rsquo;argent de vos imp\u00f4ts sert \u00e0 quelque chose\u00a0\u00bb, affirment des internautes sur <a href=\"https:\/\/mvau.lt\/media\/25442601-60b9-4f54-a302-34e0ede39d1b\" rel=\"nofollow noopener\" target=\"_blank\" data-ylk=\"slk:X;elm:context_link;itc:0;sec:content-canvas\" class=\"link \">X<\/a> et <a href=\"https:\/\/mvau.lt\/media\/e008ef20-2adb-4da2-b381-44d497212691\" rel=\"nofollow noopener\" target=\"_blank\" data-ylk=\"slk:Facebook;elm:context_link;itc:0;sec:content-canvas\" class=\"link \">Facebook<\/a>, mi-mai 2025, en relayant une vid\u00e9o cens\u00e9e montrer une telle soir\u00e9e dans des locaux de la Caisse de retraite d&rsquo;Ukraine, l&rsquo;organisme public charg\u00e9 de g\u00e9rer les fonds de retraite des citoyens ukrainiens.<\/p>\n<p><img class=\"caas-img caas-lazy has-preview\" alt=\"&lt;span&gt;Capture d'\u00e9cran r\u00e9alis\u00e9e sur X le 22 mai 2025. Croix rouge ajout\u00e9e par l'AFP.&lt;\/span&gt;\" data-src=\"https:\/\/www.europesays.com\/fr\/wp-content\/uploads\/2025\/05\/461e546f2471bcc29395e27f38bb2733.jpeg\"\/><\/p>\n<p>Capture d&rsquo;\u00e9cran r\u00e9alis\u00e9e sur X le 22 mai 2025. Croix rouge ajout\u00e9e par l&rsquo;AFP.<\/p>\n<p>Cette s\u00e9quence d&rsquo;une vingtaine de secondes, film\u00e9e depuis l&rsquo;ext\u00e9rieur, montre, \u00e0 travers une fen\u00eatre ouverte, des silhouettes de femmes en train de danser dans une pi\u00e8ce \u00e9clair\u00e9e en rose, \u00e0 deux pas de l&rsquo;entr\u00e9e d&rsquo;un immeuble portant l&rsquo;inscription officielle \u00ab\u00a0Caisse de retraite d&rsquo;Ukraine\u00a0\u00bb &#8211; qui se trouverait \u00e0 Kiev, selon la l\u00e9gende en russe accompagnant une occurrence de la vid\u00e9o\u00a0<a href=\"https:\/\/web.archive.org\/web\/20250516123212\/https:\/www.youtube.com\/watch?v=k7tD45ao62g\" rel=\"nofollow noopener\" target=\"_blank\" data-ylk=\"slk:mise en ligne sur YouTube;elm:context_link;itc:0;sec:content-canvas\" class=\"link \">mise en ligne sur YouTube<\/a>.<\/p>\n<p>Mais, contrairement \u00e0 ce que soutiennent nombre d&rsquo;internautes &#8211; notamment dans des publications r\u00e9dig\u00e9es en russe sur <a href=\"https:\/\/mvau.lt\/media\/ad50922b-a621-4488-90cb-9557280460b2\" rel=\"nofollow noopener\" target=\"_blank\" data-ylk=\"slk:Facebook;elm:context_link;itc:0;sec:content-canvas\" class=\"link \">Facebook<\/a> et <a href=\"https:\/\/web.archive.org\/web\/20250516123233\/https:\/t.me\/sanya_florida\/25287\" rel=\"nofollow noopener\" target=\"_blank\" data-ylk=\"slk:Telegram;elm:context_link;itc:0;sec:content-canvas\" class=\"link \">Telegram<\/a>, ou encore en anglais sur <a href=\"https:\/\/mvau.lt\/media\/8e5a912a-729d-4163-8ce4-1058675dafab\" rel=\"nofollow noopener\" target=\"_blank\" data-ylk=\"slk:X;elm:context_link;itc:0;sec:content-canvas\" class=\"link \">X<\/a> -, la vid\u00e9o n&rsquo;a pas \u00e9t\u00e9 film\u00e9e dans les locaux du fonds de pension ukrainien, et ne montre pas des prostitu\u00e9es mais les participantes d&rsquo;un studio de danse voisin, comme l&rsquo;AFP a pu le v\u00e9rifier.<\/p>\n<p>Un studio de danse<\/p>\n<p>Gr\u00e2ce \u00e0 une recherche en ukrainien des mots-cl\u00e9s \u00ab\u00a0Caisse de retraite d&rsquo;Ukraine\u00a0\u00bb et \u00ab\u00a0danse\u00a0\u00bb, l&rsquo;AFP a pu retrouver la localisation du b\u00e2timent film\u00e9 dans la vid\u00e9o, visible ci-dessous sur Google Street View.<\/p>\n<p>Ces bureaux de la Caisse de retraite d&rsquo;Ukraine se trouvent bien \u00e0 Kiev et sont situ\u00e9s juste \u00e0 c\u00f4t\u00e9 du studio de danse Spravzhnya.<\/p>\n<p>Sur sa page Instagram, le studio a publi\u00e9, <a href=\"https:\/\/www.instagram.com\/p\/DJkToT6oQ-S\/\" rel=\"nofollow noopener\" target=\"_blank\" data-ylk=\"slk:le 12 mai 2025;elm:context_link;itc:0;sec:content-canvas\" class=\"link \">le 12 mai 2025<\/a> (<a href=\"https:\/\/mvau.lt\/media\/f0e3e8b1-5882-40fc-b103-7b450fb7a255\" rel=\"nofollow noopener\" target=\"_blank\" data-ylk=\"slk:lien archiv\u00e9;elm:context_link;itc:0;sec:content-canvas\" class=\"link \">lien archiv\u00e9<\/a>), la s\u00e9quence trompeuse devenue virale en expliquant : \u00ab\u00a0Oui, c&rsquo;est bien nous qui dansons \u00e0 c\u00f4t\u00e9 de la Caisse de retraite\u00a0\u00bb et en invitant les internautes \u00e0 publier leurs meilleurs commentaires en r\u00e9ponse \u00e0 cette \u00ab\u00a0vid\u00e9o d\u00e9j\u00e0 vue par tout le monde\u00a0\u00bb.<\/p>\n<p>On reconna\u00eet bien, dans <a href=\"https:\/\/www.instagram.com\/p\/DJzlnGsonHP\/\" rel=\"nofollow noopener\" target=\"_blank\" data-ylk=\"slk:une autre publication;elm:context_link;itc:0;sec:content-canvas\" class=\"link \">une autre publication<\/a> partag\u00e9e par le studio (<a href=\"https:\/\/perma.cc\/8G4J-NH45\" rel=\"nofollow noopener\" target=\"_blank\" data-ylk=\"slk:lien archiv\u00e9;elm:context_link;itc:0;sec:content-canvas\" class=\"link \">lien archiv\u00e9<\/a>), la fen\u00eatre visible sur la vid\u00e9o d\u00e9contextualis\u00e9e.<\/p>\n<p><img class=\"caas-img caas-lazy has-preview\" alt=\"&lt;span&gt;Captures d'\u00e9cran r\u00e9alis\u00e9es sur X (\u00e0 gauche) et sur Instagram (\u00e0 droite), le 22 mai 2025. Encadr\u00e9s verts ajout\u00e9s par l'AFP.&lt;\/span&gt;\" data-src=\"https:\/\/www.europesays.com\/fr\/wp-content\/uploads\/2025\/05\/e860445371b7c0b5517909cefc0bf4d5.jpeg\"\/><\/p>\n<p>Captures d&rsquo;\u00e9cran r\u00e9alis\u00e9es sur X (\u00e0 gauche) et sur Instagram (\u00e0 droite), le 22 mai 2025. Encadr\u00e9s verts ajout\u00e9s par l&rsquo;AFP.<\/p>\n<p>Par ailleurs, interrog\u00e9 \u00e0 ce sujet le 15 mai 2025 par\u00a0<a href=\"https:\/\/tsn.ua\/exclusive\/tantsi-napivoholenykh-zinok-u-pensiynomu-fondi-prokomentuvaly-skandalne-video-2828489.html\" rel=\"nofollow noopener\" target=\"_blank\" data-ylk=\"slk:le m\u00e9dia ukrainien TSN;elm:context_link;itc:0;sec:content-canvas\" class=\"link \">le m\u00e9dia ukrainien TSN<\/a> (<a href=\"https:\/\/web.archive.org\/web\/20250516123726\/https:\/tsn.ua\/exclusive\/tantsi-napivoholenykh-zinok-u-pensiynomu-fondi-prokomentuvaly-skandalne-video-2828489.html\" rel=\"nofollow noopener\" target=\"_blank\" data-ylk=\"slk:lien archiv\u00e9;elm:context_link;itc:0;sec:content-canvas\" class=\"link \">lien archiv\u00e9<\/a>), Yevhen Kapinus, pr\u00e9sident du conseil d&rsquo;administration de la Caisse de retraite d&rsquo;Ukraine, a d\u00e9nonc\u00e9 des \u00ab\u00a0absurdit\u00e9s\u00a0\u00bb et soulign\u00e9 qu&rsquo;on voyait bien, en regardant la vid\u00e9o, \u00ab\u00a0qu&rsquo;il s&rsquo;agit de deux b\u00e2timents diff\u00e9rents\u00a0\u00bb.<\/p>\n<p>La diffusion en ligne de faux reportages ou publications trompeuses accusant Volodymyr Zelensky de d\u00e9tourner l&rsquo;aide occidentale \u00e0 l&rsquo;Ukraine \u00e0 son seul profit personnel est r\u00e9currente depuis l&rsquo;invasion de l&rsquo;Ukraine par la Russie.<\/p>\n<p>Ces derniers mois, l&rsquo;AFP a notamment consacr\u00e9 <a href=\"https:\/\/factuel.afp.com\/doc.afp.com.36P36LD\" rel=\"nofollow noopener\" target=\"_blank\" data-ylk=\"slk:un article de v\u00e9rification;elm:context_link;itc:0;sec:content-canvas\" class=\"link \">un article de v\u00e9rification<\/a> \u00e0 une vid\u00e9o partag\u00e9e sur les r\u00e9seaux sociaux, l&rsquo;accusant d&rsquo;avoir achet\u00e9 un h\u00f4tel de luxe \u00e0 Courchevel, \u00e0 une rumeur selon laquelle le pr\u00e9sident ukrainien aurait achet\u00e9 <a href=\"https:\/\/factuel.afp.com\/doc.afp.com.36YY8HN\" rel=\"nofollow noopener\" target=\"_blank\" data-ylk=\"slk:un ancien b\u00e2timent nazi;elm:context_link;itc:0;sec:content-canvas\" class=\"link \">un ancien b\u00e2timent nazi<\/a> en Bavi\u00e8re ou encore qu&rsquo;il serait devenu actionnaire <a href=\"https:\/\/factuel.afp.com\/doc.afp.com.43C23NP\" rel=\"nofollow noopener\" target=\"_blank\" data-ylk=\"slk:d&#039;une mine sud-africaine;elm:context_link;itc:0;sec:content-canvas\" class=\"link \">d&rsquo;une mine sud-africaine<\/a>.<\/p>\n<p><script async src=\"\/\/www.instagram.com\/embed.js\"><\/script><\/p>\n","protected":false},"excerpt":{"rendered":"Depuis l&rsquo;invasion de l&rsquo;Ukraine par la Russie, Volodymyr Zelensky est r\u00e9guli\u00e8rement accus\u00e9, sur les r\u00e9seaux sociaux, de d\u00e9tourner&hellip;\n","protected":false},"author":2,"featured_media":121993,"comment_status":"","ping_status":"","sticky":false,"template":"","format":"standard","meta":{"footnotes":""},"categories":[1590],"tags":[11,1777,674,5493,2489,20426,12,220,134],"class_list":{"0":"post-121992","1":"post","2":"type-post","3":"status-publish","4":"format-standard","5":"has-post-thumbnail","7":"category-ukraine","8":"tag-actualites","9":"tag-eu","10":"tag-europe","11":"tag-lukraine","12":"tag-la-russie","13":"tag-les-reseaux-sociaux","14":"tag-news","15":"tag-ukraine","16":"tag-volodymyr-zelensky"},"share_on_mastodon":{"url":"https:\/\/pubeurope.com\/@fr\/114557245390619744","error":""},"_links":{"self":[{"href":"https:\/\/www.europesays.com\/fr\/wp-json\/wp\/v2\/posts\/121992","targetHints":{"allow":["GET"]}}],"collection":[{"href":"https:\/\/www.europesays.com\/fr\/wp-json\/wp\/v2\/posts"}],"about":[{"href":"https:\/\/www.europesays.com\/fr\/wp-json\/wp\/v2\/types\/post"}],"author":[{"embeddable":true,"href":"https:\/\/www.europesays.com\/fr\/wp-json\/wp\/v2\/users\/2"}],"replies":[{"embeddable":true,"href":"https:\/\/www.europesays.com\/fr\/wp-json\/wp\/v2\/comments?post=121992"}],"version-history":[{"count":0,"href":"https:\/\/www.europesays.com\/fr\/wp-json\/wp\/v2\/posts\/121992\/revisions"}],"wp:featuredmedia":[{"embeddable":true,"href":"https:\/\/www.europesays.com\/fr\/wp-json\/wp\/v2\/media\/121993"}],"wp:attachment":[{"href":"https:\/\/www.europesays.com\/fr\/wp-json\/wp\/v2\/media?parent=121992"}],"wp:term":[{"taxonomy":"category","embeddable":true,"href":"https:\/\/www.europesays.com\/fr\/wp-json\/wp\/v2\/categories?post=121992"},{"taxonomy":"post_tag","embeddable":true,"href":"https:\/\/www.europesays.com\/fr\/wp-json\/wp\/v2\/tags?post=121992"}],"curies":[{"name":"wp","href":"https:\/\/api.w.org\/{rel}","templated":true}]}}