{"id":121994,"date":"2025-05-23T12:53:09","date_gmt":"2025-05-23T12:53:09","guid":{"rendered":"https:\/\/www.europesays.com\/fr\/121994\/"},"modified":"2025-05-23T12:53:09","modified_gmt":"2025-05-23T12:53:09","slug":"etats-unis-donald-trump-interdit-les-etudiants-etrangers-dintegrer-harvard","status":"publish","type":"post","link":"https:\/\/www.europesays.com\/fr\/121994\/","title":{"rendered":"\u00c9tats-Unis : Donald Trump interdit les \u00e9tudiants \u00e9trangers d&rsquo;int\u00e9grer Harvard"},"content":{"rendered":"<p>\t\u00c9tats-Unis : Donald Trump interdit les \u00e9tudiants \u00e9trangers d&rsquo;int\u00e9grer Harvard &#8211; Valeurs actuelles<\/p>\n<p><a href=\"https:\/\/www.valeursactuelles.com\/\" rel=\"nofollow noopener\" target=\"_blank\">Accueil<\/a> \u00bb <a href=\"https:\/\/www.valeursactuelles.com\/monde\" rel=\"nofollow noopener\" target=\"_blank\">Monde<\/a> \u00bb \u00c9tats-Unis : Donald Trump interdit les \u00e9tudiants \u00e9trangers d\u2019int\u00e9grer Harvard<\/p>\n","protected":false},"excerpt":{"rendered":"\u00c9tats-Unis : Donald Trump interdit les \u00e9tudiants \u00e9trangers d&rsquo;int\u00e9grer Harvard &#8211; Valeurs actuelles Accueil \u00bb Monde \u00bb \u00c9tats-Unis&hellip;\n","protected":false},"author":2,"featured_media":121995,"comment_status":"","ping_status":"","sticky":false,"template":"","format":"standard","meta":{"footnotes":""},"categories":[1589],"tags":[11,75,73,1866,3331,6379,12,1864,1865,5768,1863,308],"class_list":{"0":"post-121994","1":"post","2":"type-post","3":"status-publish","4":"format-standard","5":"has-post-thumbnail","7":"category-etats-unis","8":"tag-actualites","9":"tag-donald-trump","10":"tag-etats-unis","11":"tag-etats-unis-damerique","12":"tag-etrangers","13":"tag-etudiants","14":"tag-news","15":"tag-united-states","16":"tag-united-states-of-america","17":"tag-universite","18":"tag-us","19":"tag-usa"},"share_on_mastodon":{"url":"","error":""},"_links":{"self":[{"href":"https:\/\/www.europesays.com\/fr\/wp-json\/wp\/v2\/posts\/121994","targetHints":{"allow":["GET"]}}],"collection":[{"href":"https:\/\/www.europesays.com\/fr\/wp-json\/wp\/v2\/posts"}],"about":[{"href":"https:\/\/www.europesays.com\/fr\/wp-json\/wp\/v2\/types\/post"}],"author":[{"embeddable":true,"href":"https:\/\/www.europesays.com\/fr\/wp-json\/wp\/v2\/users\/2"}],"replies":[{"embeddable":true,"href":"https:\/\/www.europesays.com\/fr\/wp-json\/wp\/v2\/comments?post=121994"}],"version-history":[{"count":0,"href":"https:\/\/www.europesays.com\/fr\/wp-json\/wp\/v2\/posts\/121994\/revisions"}],"wp:featuredmedia":[{"embeddable":true,"href":"https:\/\/www.europesays.com\/fr\/wp-json\/wp\/v2\/media\/121995"}],"wp:attachment":[{"href":"https:\/\/www.europesays.com\/fr\/wp-json\/wp\/v2\/media?parent=121994"}],"wp:term":[{"taxonomy":"category","embeddable":true,"href":"https:\/\/www.europesays.com\/fr\/wp-json\/wp\/v2\/categories?post=121994"},{"taxonomy":"post_tag","embeddable":true,"href":"https:\/\/www.europesays.com\/fr\/wp-json\/wp\/v2\/tags?post=121994"}],"curies":[{"name":"wp","href":"https:\/\/api.w.org\/{rel}","templated":true}]}}