{"id":122023,"date":"2025-05-23T13:10:09","date_gmt":"2025-05-23T13:10:09","guid":{"rendered":"https:\/\/www.europesays.com\/fr\/122023\/"},"modified":"2025-05-23T13:10:09","modified_gmt":"2025-05-23T13:10:09","slug":"kendji-girac-papa-il-ne-se-refuse-rien-pour-faire-plaisir-a-son-deuxieme-enfant","status":"publish","type":"post","link":"https:\/\/www.europesays.com\/fr\/122023\/","title":{"rendered":"Kendji Girac papa : il ne se refuse rien pour faire plaisir \u00e0 son deuxi\u00e8me enfant"},"content":{"rendered":"<p>Elle est bien loin cette nuit du 21 au 22 avril 2024 lorsque<br \/>\n<a href=\"https:\/\/www.closermag.fr\/people\/kendji-girac-quel-est-le-vrai-nom-du-chanteur-3236998#item=1\" target=\"_blank\" rel=\"noopener\"><br \/>\nKendji Girac<\/a> a fait la Une des magazines pour un triste<br \/>\nfait-divers qui aurait pu conduire au drame. Le chanteur \u00e9tait<br \/>\nalors <a href=\"https:\/\/www.closermag.fr\/people\/kendji-girac-blesse-par-balle-ce-quil-sest-passe-il-parle-enfin-de-son-tir-accidentel-et-cest-epatant-3536417\" target=\"_blank\" rel=\"noopener\"><br \/>\nbless\u00e9 par balle<\/a> dans sa caravane situ\u00e9e sur un camp de gens du<br \/>\nvoyage \u00e0 Biscarosse dans les Landes. Son pronostic vital avait<br \/>\nd\u2019abord \u00e9t\u00e9 engag\u00e9. Puis, son \u00e9tat de sant\u00e9 s\u2019\u00e9tait am\u00e9lior\u00e9, lui<br \/>\npermettant d\u2019indiquer aux enqu\u00eateurs qu\u2019il s\u2019\u00e9tait tir\u00e9 dessus \u00e0<br \/>\nl\u2019occasion d\u2019une dispute avec sa compagne, Soraya Miranda.<\/p>\n<p>D\u00e9sormais, Kendji Girac a tir\u00e9 un trait sur ses d\u00e9rives,<br \/>\n<strong>laissant la drogue et l\u2019alcool derri\u00e8re lui<\/strong>, pour<br \/>\nse consacrer \u00e0 sa carri\u00e8re et \u00e0 sa famille. Le samedi 17 mai,<br \/>\nl\u2019interpr\u00e8te de Color Gitano a fait part d\u2019une heureuse<br \/>\nnouvelle.<\/p>\n<p>Kendji Girac\u00a0: fier d\u2019agrandir sa famille<\/p>\n<p>D\u00e9j\u00e0 parents d\u2019une petite Eva, n\u00e9e en janvier 2021, Kendji Girac<br \/>\net sa compagne ont r\u00e9cemment eu le plaisir d\u2019accueillir un petit<br \/>\ngar\u00e7on. En effet, la fillette est devenue grande s\u0153ur. C\u2019est sur<br \/>\nson compte Instagram que le chanteur, r\u00e9v\u00e9l\u00e9 dans The<br \/>\nVoice en 2014, a annonc\u00e9 <a href=\"https:\/\/www.closermag.fr\/people\/kendji-girac-papa-il-annonce-la-naissance-de-son-fils-avec-une-tendre-photo-3545932\" target=\"_blank\" rel=\"noopener\"><br \/>\nla naissance de son deuxi\u00e8me enfant<\/a>, dont le pr\u00e9nom n&rsquo;a pas<br \/>\nencore \u00e9t\u00e9 d\u00e9voil\u00e9.<\/p>\n<p>L\u2019heureux papa a tout m\u00eame <strong>partag\u00e9 une photo de son<br \/>\nfils<\/strong> dont les internautes ont pu apercevoir la main.<br \/>\n\u00ab\u00a0<strong>Mon tr\u00e9sor, ma fiert\u00e9, mon amour. Aujourd\u2019hui \u00e0 15:10<br \/>\nnotre petit gar\u00e7on est arriv\u00e9 au monde<\/strong>\u00ab\u00a0, a \u00e9crit<br \/>\nKendji Girac avec tendresse. Un message salu\u00e9\u00a0 par le chanteur<br \/>\nVianney mais aussi par Laeticia Hallyday et Lucie Bernardoni.<\/p>\n<blockquote class=\"instagram-media\" style=\"background: #ffffff;border: 0;margin: 1px;width: 100%;padding: 0;max-width: 500px;\" data-instgrm-permalink=\"https:\/\/www.instagram.com\/p\/DJwnPgxtrWT\/?utm_source=ig_embed\" data-instgrm-version=\"14\"\/><p>\nKendji Girac\u00a0: photographi\u00e9 dans<br \/>\nune c\u00e9l\u00e8bre enseigne<\/p>\n<p>Quelques jours apr\u00e8s l\u2019arriv\u00e9e de son fils, Kendji Girac a<br \/>\nd\u00e9cid\u00e9 de faire <strong>quelques emplettes<\/strong>. Et c\u2019est dans<br \/>\nune c\u00e9l\u00e8bre enseigne de pu\u00e9riculture situ\u00e9e \u00e0<br \/>\nSainte-Genevi\u00e8ve-des-Bois dans l\u2019Essonne que le chanteur a achet\u00e9<br \/>\nune nouvelle poussette.<\/p>\n<blockquote class=\"instagram-media\" style=\"background: #ffffff;border: 0;margin: 1px;width: 100%;padding: 0;max-width: 500px;\" data-instgrm-permalink=\"https:\/\/www.instagram.com\/p\/DJ2Uf63s7s9\/?utm_source=ig_embed\" data-instgrm-version=\"14\"\/>\n<p>Sur les r\u00e9seaux, le magasin a publi\u00e9 une photo de son client<br \/>\nsurprise, avec en l\u00e9gende : \u00ab\u00a0<strong>Merci \u00e0 Kendji Girac<br \/>\nd\u2019\u00eatre venu chez B\u00e9b\u00e99 !\u00a0<\/strong>Il a choisi la poussette<br \/>\nCybex Mios\u00a0pour son deuxi\u00e8me enfant ! Avec nacelle et cosi<br \/>\nCloud t + base t !!!\u00a0\u00bb. Un joli coup de pub pour l\u2019enseigne<br \/>\nbien d\u00e9cid\u00e9e \u00e0 profiter du capital sympathie du chanteur de 28 ans,<br \/>\naussit\u00f4t reparti pour pouponner et profiter de sa famille agrandie<br \/>\n!<\/p>\n<p><script async src=\"\/\/www.instagram.com\/embed.js\"><\/script><\/p>\n","protected":false},"excerpt":{"rendered":"Elle est bien loin cette nuit du 21 au 22 avril 2024 lorsque Kendji Girac a fait la&hellip;\n","protected":false},"author":2,"featured_media":122024,"comment_status":"","ping_status":"","sticky":false,"template":"","format":"standard","meta":{"footnotes":""},"categories":[1359],"tags":[548,3493,58,59,1011,27,7780,198,973],"class_list":{"0":"post-122023","1":"post","2":"type-post","3":"status-publish","4":"format-standard","5":"has-post-thumbnail","7":"category-people","8":"tag-article-simple","9":"tag-bebe","10":"tag-divertissement","11":"tag-entertainment","12":"tag-fr","13":"tag-france","14":"tag-kendji-girac","15":"tag-naissance","16":"tag-people"},"share_on_mastodon":{"url":"https:\/\/pubeurope.com\/@fr\/114557316229473645","error":""},"_links":{"self":[{"href":"https:\/\/www.europesays.com\/fr\/wp-json\/wp\/v2\/posts\/122023","targetHints":{"allow":["GET"]}}],"collection":[{"href":"https:\/\/www.europesays.com\/fr\/wp-json\/wp\/v2\/posts"}],"about":[{"href":"https:\/\/www.europesays.com\/fr\/wp-json\/wp\/v2\/types\/post"}],"author":[{"embeddable":true,"href":"https:\/\/www.europesays.com\/fr\/wp-json\/wp\/v2\/users\/2"}],"replies":[{"embeddable":true,"href":"https:\/\/www.europesays.com\/fr\/wp-json\/wp\/v2\/comments?post=122023"}],"version-history":[{"count":0,"href":"https:\/\/www.europesays.com\/fr\/wp-json\/wp\/v2\/posts\/122023\/revisions"}],"wp:featuredmedia":[{"embeddable":true,"href":"https:\/\/www.europesays.com\/fr\/wp-json\/wp\/v2\/media\/122024"}],"wp:attachment":[{"href":"https:\/\/www.europesays.com\/fr\/wp-json\/wp\/v2\/media?parent=122023"}],"wp:term":[{"taxonomy":"category","embeddable":true,"href":"https:\/\/www.europesays.com\/fr\/wp-json\/wp\/v2\/categories?post=122023"},{"taxonomy":"post_tag","embeddable":true,"href":"https:\/\/www.europesays.com\/fr\/wp-json\/wp\/v2\/tags?post=122023"}],"curies":[{"name":"wp","href":"https:\/\/api.w.org\/{rel}","templated":true}]}}