{"id":122027,"date":"2025-05-23T13:12:09","date_gmt":"2025-05-23T13:12:09","guid":{"rendered":"https:\/\/www.europesays.com\/fr\/122027\/"},"modified":"2025-05-23T13:12:09","modified_gmt":"2025-05-23T13:12:09","slug":"un-paris-brest-sportif-un-festival-pour-les-petits-et-des-livres-a-1-e-que-faire-ce-week-end-dans-le-pays-de-brest","status":"publish","type":"post","link":"https:\/\/www.europesays.com\/fr\/122027\/","title":{"rendered":"Un Paris-Brest sportif, un festival pour les petits et des livres \u00e0 1\u00a0\u20ac\u2026 Que faire ce week-end dans le pays de Brest\u00a0?"},"content":{"rendered":"<p>1 Le festival des petits, le festival Confettis\u00a0!<\/p>\n<p>Depuis mercredi, <a href=\"https:\/\/www.letelegramme.fr\/finistere\/brest-29200\/pour-sa-quatrieme-edition-le-festival-confettis-sous-le-signe-de-la-joie-et-du-bonheur-6816913.php\" target=\"_blank\" rel=\"noopener\">la quatri\u00e8me \u00e9dition du festival Confettis <\/a>fait r\u00eaver les enfants du pays de Brest. Organis\u00e9 par La Car\u00e8ne, il se poursuit tout ce week-end avec notamment un atelier de jeux de construction, en acc\u00e8s libre et gratuit pour tous dans le hall d\u2019entr\u00e9e de la salle de concert, ce samedi 24 mai 2025 de 15\u00a0h \u00e0 19\u00a0h. L\u2019activit\u00e9, imagin\u00e9e par le collectif d\u2019artistes Indien.nes dans la ville, invite les 7 ans et plus \u00e0 jouer \u00e0 une partie de c\u00e9l\u00e8bres planchettes g\u00e9antes fluorescentes rythm\u00e9e par la musique et l\u2019apprentissage du mix en compagnie du <a href=\"https:\/\/www.letelegramme.fr\/finistere\/concarneau-29900\/spanfestival-cultures-hip-hopspan-concert-demain-a-la-chapl-2846991.php\" target=\"_blank\" rel=\"noopener\">rappeur et beatmaker Fl-How<\/a>.<\/p>\n<p>Toujours dans l\u2019apr\u00e8s-midi, Confettis s\u2019est associ\u00e9 \u00e0 la librairie-patisserie Comme les Grands, pour proposer des lectures et des go\u00fbters aux plus petits.<\/p>\n<p>Pratique<\/p>\n<p class=\"note\">Samedi 24 et dimanche 25 mai, \u00e0 La Car\u00e8ne, 30, rue Jean Marie le Bris, 29200 Brest. Inscriptions aux concerts et aux ateliers sur le site internet de la Car\u00e8ne\u00a0: <a href=\"https:\/\/labilletterie.lacarene.fr\/\" target=\"_blank\" rel=\"noopener\">labilletterie.lacarene.fr<\/a>. T\u00e9l. 02\u00a098\u00a046\u00a065\u00a099 ou directement au guichet le jour m\u00eame, en fonction des places restantes. Tarifs\u00a0: de 5 \u20ac par enfant de moins de 12 ans \u00e0 7 \u20ac par adulte.<\/p>\n<p>2 Dernier jour pour faire le plein de livres \u00e0 partir de 1 \u20ac<\/p>\n<p>La grande vente de livres (et de CD et DVD) \u00e0 la m\u00e9diath\u00e8que des Capucins a fait des heureux depuis mercredi. Ce samedi 24 mai 2025, ce sera la derni\u00e8re occasion pour faire ses emplettes culturelles, parmi les plus de <a href=\"https:\/\/www.letelegramme.fr\/finistere\/brest-29200\/a-brest-la-grande-vente-de-livres-et-de-cd-de-la-mediatheque-des-capucins-revient-du-21-au-24-mai-6820490.php\" target=\"_blank\" rel=\"noopener\">15\u00a0000 ouvrages propos\u00e9s \u00e0 l\u2019achat<\/a>. Ce destockage de 10\u00a0% des m\u00e9diath\u00e8ques municipales, \u00e0 prix r\u00e9duits, est une op\u00e9ration ponctuelle organis\u00e9e afin de laisser de la place aux nouvelles \u00e9ditions. Un bon plan qui ne doit pas d\u00e9passer 50 \u20ac par panier d\u2019achat\u00a0!<\/p>\n<p>Pratique<\/p>\n<p class=\"note\">Vente de livres, CD et DVD samedi 24 mai de 10\u00a0h \u00e0 18\u00a0h. Dans la salle d\u2019exposition au rez-de-chauss\u00e9e de la m\u00e9diath\u00e8que Fran\u00e7ois-Mitterrand, aux Ateliers des Capucins, 25, rue de Pontaniou, \u00e0 Brest. Vente r\u00e9serv\u00e9e aux particuliers et aux associations.<\/p>\n<p>3Handball\u00a0: un Paris-Brest haletant en cette fin de saison<\/p>\n<p>Le Brest Bretagne Handball accueille Paris 92 \u00e0 la Brest Arena dimanche 25 mai 2025 \u00e0 15\u00a0h. Ce match, jou\u00e9 pour le compte de la 24e journ\u00e9e de la Ligue Butagaz \u00c9nergie, est sans grands enjeux pour les handballeuses brestoises. N\u00e9anmoins, les dauphines des futures championnes messines auront \u00e0 c\u0153ur de s\u2019imposer apr\u00e8s leur belle victoire <a href=\"https:\/\/www.letelegramme.fr\/sports\/handball\/brest-bretagne-handball\/lfh-on-veut-respecter-le-maillot-malgre-une-fin-de-saison-sans-enjeu-le-brest-bh-bat-dijon-et-tente-de-garder-le-cap-6822191.php\" target=\"_blank\" rel=\"noopener\">face \u00e0 Dijon ce mercredi<\/a>.<\/p>\n<p>Pratique<\/p>\n<p class=\"note\">Brest Bretagne Handball &#8211; Paris 92 pour la 24e journ\u00e9e de la Ligue Butagaz \u00c9nergie. Dimanche 25 mai 2025 \u00e0 15\u00a0h \u00e0 la Brest Arena. Tarifs\u00a0: de 10,90 \u20ac \u00e0 30,90 \u20ac. Billetterie disponible au si\u00e8ge de Brest Bretagne Handball, au guichet de l\u2019ar\u00e8ne 1\u00a0h\u00a030 avant le d\u00e9but du match et sur le site de Brest Arena\u00a0: <a href=\"https:\/\/billetterie.brestarena.com\/fr\/product\/285\/brest_arena_sport_\/lbe_match_11\" target=\"_blank\" rel=\"noopener\">https:\/\/billetterie.brestarena.com\/fr\/product\/285\/brest_arena_sport_\/lbe_match_11<\/a>.<\/p>\n<p>4Cap sur l\u2019Iroise avec une course nature \u00e0 Ploudalm\u00e9zeau<\/p>\n<p>Si vous voulez \u00eatre acteur plut\u00f4t que spectateur d\u2019un \u00e9v\u00e8nement sportif, le pays de Brest a aussi ce qu\u2019il vous faut pour ce week-end\u00a0! Dimanche 25 mai 2025, deux courses \u00e0 pied nature chronom\u00e9tr\u00e9es et deux marches randonn\u00e9es non chronom\u00e9tr\u00e9es sont organis\u00e9es \u00e0 Ploudalm\u00e9zeau. Les d\u00e9parts et arriv\u00e9es sont pr\u00e9vus sur le port de Portsall, \u00e0 9\u00a0h\u00a030 pour les 18 km et \u00e0 10\u00a0h pour les 10 km. Concernant les marches, ce sera entre 8\u00a0h et 9\u00a0h. L\u2019\u00e9v\u00e8nement nomm\u00e9 <a href=\"https:\/\/www.letelegramme.fr\/agenda\/loisirs-sportifs\/finistere\/ploudalmezeau-29830\/course-nature-cap-iroise-sur-inscription-2778001.php\" target=\"_blank\" rel=\"noopener\">\u00ab\u00a0Cap Iroise\u00a0\u00bb<\/a> proposera des circuits en pleine nature autour de dunes, de chemins, de sable et de routes.<\/p>\n<p>Pratique<\/p>\n<p class=\"note\">Deux courses et deux marches natures, d\u00e9part sur le port de Portsall \u00e0 Ploudalm\u00e9zeau entre 8\u00a0h et 9\u00a0h\u00a030. Tarifs &#8211; pour les 18 km\u00a0: 11,00 \u20ac &#8211; pour les 10 km\u00a0: 8,80 \u20ac &#8211; pour les randonn\u00e9es de 6 et 12 km\u00a0: 5,75 \u20ac. Inscriptions\u00a0: <a href=\"https:\/\/www.cap-iroise.fr\/\" target=\"_blank\" rel=\"noopener\">cap-iroise.fr<\/a> ou <a href=\"https:\/\/sportinnovation.fr\/\" target=\"_blank\" rel=\"noopener\">sportinnovation.fr<\/a><\/p>\n<p>5La F\u00eate de la Bretagne pour finir le week-end en beaut\u00e9\u00a0! (et en Bigouden)<\/p>\n<p>Appel\u00e9e aussi <a href=\"https:\/\/www.letelegramme.fr\/agenda\/fetes-festivals\/finistere\/brest-29200\/brest-la-fest-yves-fete-de-la-bretagne-concert-et-spectacle-2789343.php\" target=\"_blank\" rel=\"noopener\">la Fest\u2019Yves<\/a>, la F\u00eate de la Bretagne enchantera la rue de Saint-Malo \u00e0 Brest dimanche 25 mai 2025 \u00e0 partir de 15\u00a0h. Organis\u00e9e par l\u2019association <a href=\"https:\/\/www.letelegramme.fr\/finistere\/brest-29200\/a-brest-le-festival-musical-a-la-brestoise-investit-la-rue-saint-malo-du-15-au-17-juillet-6625869.php\" target=\"_blank\" rel=\"noopener\">Vivre la rue<\/a>, cette f\u00eate populaire, citoyenne, artistique et culturelle vise \u00e0 promouvoir une Bretagne vivante, cr\u00e9ative, festive et solidaire. Les artistes Blue Glaz, Emeiz, A\u00efelo pr\u00e9senteront leurs spectacles originaux m\u00ealant cultures traditionnelles et contemporaines.<\/p>\n<p>Pratique<\/p>\n<p class=\"note\">F\u00eate de la Bretagne rue de Saint-Malo \u00e0 Brest dimanche \u00e0 partir de 15\u00a0h. Participation minimum\u00a0: 6,00 \u20ac. Site internet\u00a0: <a href=\"https:\/\/www.vivrelarue.net\/\" target=\"_blank\" rel=\"noopener\">http:\/\/www.vivrelarue.net\/<\/a><\/p>\n","protected":false},"excerpt":{"rendered":"1 Le festival des petits, le festival Confettis\u00a0! Depuis mercredi, la quatri\u00e8me \u00e9dition du festival Confettis fait r\u00eaver&hellip;\n","protected":false},"author":2,"featured_media":122028,"comment_status":"","ping_status":"","sticky":false,"template":"","format":"standard","meta":{"footnotes":""},"categories":[1357],"tags":[1063,1379,3450,58,59,1011,27,1380,1393,24383],"class_list":{"0":"post-122027","1":"post","2":"type-post","3":"status-publish","4":"format-standard","5":"has-post-thumbnail","7":"category-livres","8":"tag-animations","9":"tag-books","10":"tag-brest","11":"tag-divertissement","12":"tag-entertainment","13":"tag-fr","14":"tag-france","15":"tag-livres","16":"tag-loisirs","17":"tag-ploudalmezeau"},"share_on_mastodon":{"url":"https:\/\/pubeurope.com\/@fr\/114557324083388704","error":""},"_links":{"self":[{"href":"https:\/\/www.europesays.com\/fr\/wp-json\/wp\/v2\/posts\/122027","targetHints":{"allow":["GET"]}}],"collection":[{"href":"https:\/\/www.europesays.com\/fr\/wp-json\/wp\/v2\/posts"}],"about":[{"href":"https:\/\/www.europesays.com\/fr\/wp-json\/wp\/v2\/types\/post"}],"author":[{"embeddable":true,"href":"https:\/\/www.europesays.com\/fr\/wp-json\/wp\/v2\/users\/2"}],"replies":[{"embeddable":true,"href":"https:\/\/www.europesays.com\/fr\/wp-json\/wp\/v2\/comments?post=122027"}],"version-history":[{"count":0,"href":"https:\/\/www.europesays.com\/fr\/wp-json\/wp\/v2\/posts\/122027\/revisions"}],"wp:featuredmedia":[{"embeddable":true,"href":"https:\/\/www.europesays.com\/fr\/wp-json\/wp\/v2\/media\/122028"}],"wp:attachment":[{"href":"https:\/\/www.europesays.com\/fr\/wp-json\/wp\/v2\/media?parent=122027"}],"wp:term":[{"taxonomy":"category","embeddable":true,"href":"https:\/\/www.europesays.com\/fr\/wp-json\/wp\/v2\/categories?post=122027"},{"taxonomy":"post_tag","embeddable":true,"href":"https:\/\/www.europesays.com\/fr\/wp-json\/wp\/v2\/tags?post=122027"}],"curies":[{"name":"wp","href":"https:\/\/api.w.org\/{rel}","templated":true}]}}