{"id":122029,"date":"2025-05-23T13:13:13","date_gmt":"2025-05-23T13:13:13","guid":{"rendered":"https:\/\/www.europesays.com\/fr\/122029\/"},"modified":"2025-05-23T13:13:13","modified_gmt":"2025-05-23T13:13:13","slug":"itc-spoiler-la-brigade-feminine-sous-tension","status":"publish","type":"post","link":"https:\/\/www.europesays.com\/fr\/122029\/","title":{"rendered":"ITC &#8211; [SPOILER] &#8211; La brigade f\u00e9minine sous tension !"},"content":{"rendered":"<p id=\"descriptionPanel\" aria-labelledby=\"descriptionArrow\" aria-expanded=\"false\" class=\"mr-2 line-clamp-2 pr-2.5 text-secondary overflow-visible\">La brigade d&rsquo;Ana\u00efs Grimbert est sous pression ! Le service s&rsquo;appr\u00eate \u00e0 commencer et le stress est \u00e0 son comble. Quand Billie rencontre un probl\u00e8me sur l&rsquo;une de ses pr\u00e9parations, Ana\u00efs s&#8217;emporte. Heureusement, Billie garde son calme et demande l&rsquo;avis d&rsquo;Emi. Les trois femmes se serrent les coudes pour trouver la meilleure solution au probl\u00e8me de Billie. Dans quelques minutes \u00e0 peine, d&rsquo;importants clients feront leur entr\u00e9e dans le Double A. Les apprenties savent qu&rsquo;elles n&rsquo;ont pas le droit \u00e0 l&rsquo;erreur&#8230; Spoiler de l&rsquo;\u00e9pisode 1185 d&rsquo;Ici tout commence. Retrouvez \u00ab\u00a0Ici tout commence\u00a0\u00bb, du lundi au vendredi \u00e0 18h35 sur TF1.<\/p>\n<p><a class=\"shrink-0\" href=\"https:\/\/www.tf1.fr\/tf1\/ici-tout-commence\" target=\"_blank\" rel=\"noopener\"><img decoding=\"async\" src=\"https:\/\/www.europesays.com\/fr\/wp-content\/uploads\/2025\/05\/program-card-portrait-1-0d2bc5-87b354-0@1x.jpg\" width=\"138\" height=\"184\" alt=\"\" loading=\"eager\" fetchpriority=\"auto\" class=\"aspect-[3\/4] h-24 w-auto rounded-3px\" aria-hidden=\"true\"\/><\/a><\/p>\n","protected":false},"excerpt":{"rendered":"La brigade d&rsquo;Ana\u00efs Grimbert est sous pression ! Le service s&rsquo;appr\u00eate \u00e0 commencer et le stress est \u00e0&hellip;\n","protected":false},"author":2,"featured_media":122030,"comment_status":"","ping_status":"","sticky":false,"template":"","format":"standard","meta":{"footnotes":""},"categories":[1356],"tags":[58,59,3483,14231,1011,27,620,14232,14234,252,1364,14235,14233],"class_list":{"0":"post-122029","1":"post","2":"type-post","3":"status-publish","4":"format-standard","5":"has-post-thumbnail","7":"category-television","8":"tag-divertissement","9":"tag-entertainment","10":"tag-extrait","11":"tag-extrait-ici-tout-commence","12":"tag-fr","13":"tag-france","14":"tag-ici-tout-commence","15":"tag-ici-tout-commence-extrait","16":"tag-streaming-ici-tout-commence","17":"tag-television","18":"tag-tv","19":"tag-video-en-streaming-ici-tout-commence","20":"tag-video-ici-tout-commence"},"share_on_mastodon":{"url":"https:\/\/pubeurope.com\/@fr\/114557328192311613","error":""},"_links":{"self":[{"href":"https:\/\/www.europesays.com\/fr\/wp-json\/wp\/v2\/posts\/122029","targetHints":{"allow":["GET"]}}],"collection":[{"href":"https:\/\/www.europesays.com\/fr\/wp-json\/wp\/v2\/posts"}],"about":[{"href":"https:\/\/www.europesays.com\/fr\/wp-json\/wp\/v2\/types\/post"}],"author":[{"embeddable":true,"href":"https:\/\/www.europesays.com\/fr\/wp-json\/wp\/v2\/users\/2"}],"replies":[{"embeddable":true,"href":"https:\/\/www.europesays.com\/fr\/wp-json\/wp\/v2\/comments?post=122029"}],"version-history":[{"count":0,"href":"https:\/\/www.europesays.com\/fr\/wp-json\/wp\/v2\/posts\/122029\/revisions"}],"wp:featuredmedia":[{"embeddable":true,"href":"https:\/\/www.europesays.com\/fr\/wp-json\/wp\/v2\/media\/122030"}],"wp:attachment":[{"href":"https:\/\/www.europesays.com\/fr\/wp-json\/wp\/v2\/media?parent=122029"}],"wp:term":[{"taxonomy":"category","embeddable":true,"href":"https:\/\/www.europesays.com\/fr\/wp-json\/wp\/v2\/categories?post=122029"},{"taxonomy":"post_tag","embeddable":true,"href":"https:\/\/www.europesays.com\/fr\/wp-json\/wp\/v2\/tags?post=122029"}],"curies":[{"name":"wp","href":"https:\/\/api.w.org\/{rel}","templated":true}]}}