{"id":122031,"date":"2025-05-23T13:14:14","date_gmt":"2025-05-23T13:14:14","guid":{"rendered":"https:\/\/www.europesays.com\/fr\/122031\/"},"modified":"2025-05-23T13:14:14","modified_gmt":"2025-05-23T13:14:14","slug":"une-foule-massive-pour-louverture-du-jul-store-au-prado","status":"publish","type":"post","link":"https:\/\/www.europesays.com\/fr\/122031\/","title":{"rendered":"une foule massive pour l&rsquo;ouverture du Jul store au Prado"},"content":{"rendered":"<p>La <a href=\"https:\/\/www.laprovence.com\/article\/culture-loisirs\/2660965839555514\/direct-laprovence-jul-au-velodrome-invites-surprises-folie-des-fans-videos-suivez-le-concert-a-marseille-en-direct\" target=\"_blank\" rel=\"nofollow noopener\">fi\u00e8vre Jul<\/a> est d\u00e9j\u00e0 en place depuis ce vendredi matin aux abords de l\u2019Orange V\u00e9lodrome, o\u00f9 le rappeur marseillais lancera dans quelques heures le premier de ses <a href=\"https:\/\/www.laprovence.com\/article\/culture-loisirs\/2606676449353314\/jul-au-velodrome-le-ballon-dor-et-de-platine-du-rap-ce-phenomene-qui-depasse-le-monde-de-la-musique\" target=\"_blank\" rel=\"nofollow noopener\">deux shows cons\u00e9cutifs ce week-end<\/a>. Et s\u2019ils sont encore peu nombreux \u00e0 faire la queue sur les marches pour rentrer dans l\u2019ar\u00e8ne en fin d\u2019apr\u00e8s-midi, les fans sont en revanche bien au rendez-vous pour l\u2019autre \u00e9v\u00e9nement du jour\u00a0: l\u2019ouverture du Jul store au centre commercial Prado Shopping (8e), dont l\u2019annonce avait suscit\u00e9 une vague d\u2019enthousiasme sur les r\u00e9seaux sociaux.<\/p>\n<p>Ouverte \u00e0 10h, <a href=\"https:\/\/www.laprovence.com\/article\/region\/72981721689965\/jul-ouvre-une-nouvelle-boutique-ephemere-pour-ses-deux-concerts-au-velodrome\" target=\"_blank\" rel=\"nofollow noopener\">la boutique \u00e9ph\u00e9m\u00e8re<\/a>, qui restera en place jusqu\u2019au 7\u00a0juin prochain, a \u00e9t\u00e9 prise d\u2019assaut par plusieurs milliers de fans notamment venus s\u2019\u00e9quiper avant d\u2019assister au concert. M\u00eame si certains arboraient d\u00e9j\u00e0 plusieurs objets \u00e0 l\u2019effigie de leur idole avant de rentrer dans le magasin. \u00ab\u00a0Il y a plein de nouveaut\u00e9s qu\u2019il nous faut pour \u00eatre au top dans la fosse\u00a0\u00bb, lan\u00e7ait Illyes, entour\u00e9 de ses amis.<\/p>\n<p>Comme le joyeux groupe, ils \u00e9taient nombreux \u00e0 enfiler leurs tee-shirts et agiter leurs goodies juste apr\u00e8s leur passage en caisse. O\u00f9 les vendeurs, \u00e9galement d\u00e9ploy\u00e9s pour conseiller leurs jeunes clients, \u00e9taient au four et au moulin : \u00ab\u00a0Il y a du monde mais \u00e7a va, les gens ont le sourire et \u00e7a va \u00eatre le feu ce soir\u00a0\u00bb, soufflait Nayel, entre deux commandes, fr\u00f4lant pour certaines les 200\u00a0\u20ac.<\/p>\n<p>\u00ab\u00a0J\u2019ai trouv\u00e9 de quoi faire une surprise pour la f\u00eate des m\u00e8res\u00a0\u00bb<\/p>\n<p>Habitu\u00e9s \u00e0 faire leurs achats aux Terrasses du Port, o\u00f9 sont habituellement ouverts les Jul store, les fans ont d\u00e9couvert une nouvelle configuration au Prado. Apr\u00e8s avoir brav\u00e9 une longue file d\u2019attente, qui n\u00e9cessitait presque trois minutes de marche pour en voir le bout, chacun entrait dans un premier espace d\u2019exposition pour prendre le temps de rep\u00e9rer les produits.<\/p>\n<p>Pour la phase d\u2019achat, except\u00e9 le pack tee-shirt + disque, il faut acc\u00e9der \u00e0 un deuxi\u00e8me local, o\u00f9 la circulation et le passage en caisse sont fluides. \u00ab\u00a0J\u2019ai trouv\u00e9 de quoi faire une surprise pour la f\u00eate des m\u00e8res\u00a0\u00bb, souriait Laurie, qui sera rejointe <a href=\"https:\/\/www.laprovence.com\/article\/culture-loisirs\/363313168713814\/acces-au-velodrome-pour-le-concert-de-jul-les-recommandations-de-la-prefecture-pour-vendredi-et-samedi\" target=\"_blank\" rel=\"nofollow noopener\">pour le show<\/a> par sa maman venue d\u2019Aubagne apr\u00e8s sa journ\u00e9e de travail.<\/p>\n<p><img alt=\"Ouverture du Jul store au Prado Shopping.\" loading=\"lazy\" decoding=\"async\" data-nimg=\"fill\" class=\" TwicCore_img__i9TC1 undefined  undefined\" style=\"position:absolute;height:100%;width:100%;left:0;top:0;right:0;bottom:0;color:transparent;background-size:cover;background-position:50% 50%;background-repeat:no-repeat;background-image:url(&quot;data:image\/svg+xml;charset=utf-8,%3Csvg xmlns='http:\/\/www.w3.org\/2000\/svg' %3E%3Cfilter id='b' color-interpolation-filters='sRGB'%3E%3CfeGaussianBlur stdDeviation='20'\/%3E%3CfeColorMatrix values='1 0 0 0 0 0 1 0 0 0 0 0 1 0 0 0 0 0 100 -1' result='s'\/%3E%3CfeFlood x='0' y='0' width='100%25' height='100%25'\/%3E%3CfeComposite operator='out' in='s'\/%3E%3CfeComposite in2='SourceGraphic'\/%3E%3CfeGaussianBlur stdDeviation='20'\/%3E%3C\/filter%3E%3Cimage width='100%25' height='100%25' x='0' y='0' preserveAspectRatio='none' style='filter: url(%23b);' href='https:\/\/pictures.laprovence.com\/cdn-cgi\/image\/blur=250\/media\/melody\/2025\/05\/23\/ouverture-du-jul-store-au-prado-shopping-1747997027_cd2a2b9a40386d13a2b9a4038c53a2v_.jpg'\/%3E%3C\/svg%3E&quot;)\"   src=\"https:\/\/www.europesays.com\/fr\/wp-content\/uploads\/2025\/05\/ouverture-du-jul-store-au-prado-shopping-1747997027_cd2a2b9a40386d13a2b9a4038c53a2v_.jpg\"\/>Ouverture du Jul store au Prado Shopping. PHOTO VICTOR TILLET<\/p>\n<p>La jeune femme faisait partie des fans arriv\u00e9s de bonne heure, certains affirmant \u00ab\u00a0\u00eatre l\u00e0 depuis 7\u00a0heures du matin\u00a0\u00bb. Quand d\u2019autres avaient fait la route de nuit depuis l\u2019Ouest de la France, le Centre ou encore la Corse. \u00ab\u00a0On a l\u2019habitude de ces grandes affluences avec les matchs de l\u2019OM donc tout se passe tr\u00e8s bien\u00a0\u00bb, glissait-on au sein du personnel de s\u00e9curit\u00e9 d\u00e9ploy\u00e9 par le centre commercial. Dont les employ\u00e9s regardaient d\u2019un \u0153il amus\u00e9 les jeunes fans faire monter l\u2019ambiance en douceur, au son des hits de Jul diffus\u00e9s par les brasseries voisines.<\/p>\n","protected":false},"excerpt":{"rendered":"La fi\u00e8vre Jul est d\u00e9j\u00e0 en place depuis ce vendredi matin aux abords de l\u2019Orange V\u00e9lodrome, o\u00f9 le&hellip;\n","protected":false},"author":2,"featured_media":122032,"comment_status":"","ping_status":"","sticky":false,"template":"","format":"standard","meta":{"footnotes":""},"categories":[1355],"tags":[17,1697,251,58,59,8383,1011,27,1279,17350,1361,873,96,957,133],"class_list":{"0":"post-122031","1":"post","2":"type-post","3":"status-publish","4":"format-standard","5":"has-post-thumbnail","7":"category-musique","8":"tag-17","9":"tag-concert","10":"tag-culture","11":"tag-divertissement","12":"tag-entertainment","13":"tag-foule","14":"tag-fr","15":"tag-france","16":"tag-jul","17":"tag-massive","18":"tag-music","19":"tag-musique","20":"tag-une","21":"tag-velodrome","22":"tag-video"},"share_on_mastodon":{"url":"https:\/\/pubeurope.com\/@fr\/114557332000355239","error":""},"_links":{"self":[{"href":"https:\/\/www.europesays.com\/fr\/wp-json\/wp\/v2\/posts\/122031","targetHints":{"allow":["GET"]}}],"collection":[{"href":"https:\/\/www.europesays.com\/fr\/wp-json\/wp\/v2\/posts"}],"about":[{"href":"https:\/\/www.europesays.com\/fr\/wp-json\/wp\/v2\/types\/post"}],"author":[{"embeddable":true,"href":"https:\/\/www.europesays.com\/fr\/wp-json\/wp\/v2\/users\/2"}],"replies":[{"embeddable":true,"href":"https:\/\/www.europesays.com\/fr\/wp-json\/wp\/v2\/comments?post=122031"}],"version-history":[{"count":0,"href":"https:\/\/www.europesays.com\/fr\/wp-json\/wp\/v2\/posts\/122031\/revisions"}],"wp:featuredmedia":[{"embeddable":true,"href":"https:\/\/www.europesays.com\/fr\/wp-json\/wp\/v2\/media\/122032"}],"wp:attachment":[{"href":"https:\/\/www.europesays.com\/fr\/wp-json\/wp\/v2\/media?parent=122031"}],"wp:term":[{"taxonomy":"category","embeddable":true,"href":"https:\/\/www.europesays.com\/fr\/wp-json\/wp\/v2\/categories?post=122031"},{"taxonomy":"post_tag","embeddable":true,"href":"https:\/\/www.europesays.com\/fr\/wp-json\/wp\/v2\/tags?post=122031"}],"curies":[{"name":"wp","href":"https:\/\/api.w.org\/{rel}","templated":true}]}}