{"id":122044,"date":"2025-05-23T13:21:10","date_gmt":"2025-05-23T13:21:10","guid":{"rendered":"https:\/\/www.europesays.com\/fr\/122044\/"},"modified":"2025-05-23T13:21:10","modified_gmt":"2025-05-23T13:21:10","slug":"guerre-en-ukraine-donald-trump-annonce-un-gros-echange-de-prisonniers-entre-moscou-et-kiev-23-05-2025-a-1319","status":"publish","type":"post","link":"https:\/\/www.europesays.com\/fr\/122044\/","title":{"rendered":"Guerre en Ukraine : Donald Trump annonce un \u00ab\u00a0gros \u00e9change de prisonniers\u00a0\u00bb entre Moscou et Kiev &#8211; 23\/05\/2025 \u00e0 13:19"},"content":{"rendered":"<p> Ni la Russie ni l&rsquo;Ukraine n&rsquo;ont confirm\u00e9 ces affirmations dans l&rsquo;imm\u00e9diat.<\/p>\n<p>        <img fetchpriority=\"high\" decoding=\"async\" src=\"https:\/\/www.europesays.com\/fr\/wp-content\/uploads\/2025\/05\/2661412f841be26a7278ae9a364f190c-760x507.jpg\" alt=\"Donald Trump, \u00e0 Washington DC, le 24 avril 2025 ( GETTY IMAGES NORTH AMERICA \/ CHIP SOMODEVILLA )\" loading=\"eager\" width=\"760\" height=\"507\" style=\"max-width: 100%!important; height: auto;\"\/><\/p>\n<p class=\"c-image-news__legend\">Donald Trump, \u00e0 Washington DC, le 24 avril 2025 ( GETTY IMAGES NORTH AMERICA \/ CHIP SOMODEVILLA )<\/p>\n<p>\n Donald Trump a annonc\u00e9 vendredi 23 mai \u00ab\u00a0un gros \u00e9change de prisonniers\u00a0\u00bb entre la Russie et l&rsquo;Ukraine, f\u00e9licitant ces pays et se demandant si cela pourrait augurer de \u00ab\u00a0quelque chose d&rsquo;\u00e9norme\u00a0\u00bb, une possible r\u00e9f\u00e9rence \u00e0 des n\u00e9gociations entre les bellig\u00e9rants.\n<\/p>\n<p>\n Un accord sur \u00ab\u00a0un gros \u00e9change de prisonniers vient d&rsquo;\u00eatre achev\u00e9 entre la Russie et l&rsquo;Ukraine. Il entrera en vigueur sous peu. F\u00e9licitations aux deux parties pour cette n\u00e9gociation. Cela pourrait conduire \u00e0 quelque chose d&rsquo;\u00e9norme ???\u00a0\u00bb, a \u00e9crit le pr\u00e9sident des Etats-Unis sur son r\u00e9seau Truth Social, sans fournir plus de d\u00e9tails.\n<\/p>\n<p> Mille pour mille?<\/p>\n<p>\n Un accord sur un \u00e9change de prisonniers avait \u00e9t\u00e9 trouv\u00e9 pendant une s\u00e9ance de n\u00e9gociations \u00e0 Istanbul le 16 mai au cours de laquelle Russes et Ukrainiens ne s&rsquo;\u00e9taient toutefois pas entendus sur une tr\u00eave. Il s&rsquo;agissait des premiers pourparlers directs entre eux depuis 2022.\n<\/p>\n<p>\n Moscou avait ensuite dit qu&rsquo;une \u00e9ventuelle poursuite des pourparlers avec Kiev ne pourrait se faire qu&rsquo;apr\u00e8s l&rsquo;\u00e9change de prisonniers, pr\u00e9vu dans un format de 1.000 Russes pour 1.000 Ukrainiens. Le pr\u00e9sident ukrainien Volodymyr Zelensky a de son c\u00f4t\u00e9 d\u00e9clar\u00e9 que les n\u00e9gociateurs en chef ukrainien et russe s&rsquo;\u00e9taient appel\u00e9s lundi pour parler de cet \u00e9change.\n<\/p>\n<p>\n Son homologue am\u00e9ricain Donald Trump, qui, au moment de sa campagne \u00e9lectorale, avait dit qu&rsquo;il parviendrait \u00e0 mettre un terme tr\u00e8s rapide \u00e0 l&rsquo;invasion de l&rsquo;Ukraine par la Russie d\u00e9clench\u00e9e en 2022, tente depuis plusieurs semaines d&rsquo;obtenir un cessez-le-feu entre les deux bellig\u00e9rants, tout en agitant la menace de se d\u00e9sengager du processus si les choses n&rsquo;avan\u00e7aient pas.<\/p>\n","protected":false},"excerpt":{"rendered":"Ni la Russie ni l&rsquo;Ukraine n&rsquo;ont confirm\u00e9 ces affirmations dans l&rsquo;imm\u00e9diat. Donald Trump, \u00e0 Washington DC, le 24&hellip;\n","protected":false},"author":2,"featured_media":122045,"comment_status":"","ping_status":"","sticky":false,"template":"","format":"standard","meta":{"footnotes":""},"categories":[5],"tags":[400,11,398,408,405,1011,27,403,14,402,399,404,12,401,406,407,28],"class_list":{"0":"post-122044","1":"post","2":"type-post","3":"status-publish","4":"format-standard","5":"has-post-thumbnail","7":"category-international","8":"tag-action-cac-40","9":"tag-actualites","10":"tag-bourse-de-paris","11":"tag-boursorama","12":"tag-cotations","13":"tag-fr","14":"tag-france","15":"tag-indices-devises","16":"tag-international","17":"tag-investir","18":"tag-investissement","19":"tag-marche-boursier","20":"tag-news","21":"tag-sicav","22":"tag-trackers","23":"tag-warrants","24":"tag-world"},"share_on_mastodon":{"url":"https:\/\/pubeurope.com\/@fr\/114557359509877613","error":""},"_links":{"self":[{"href":"https:\/\/www.europesays.com\/fr\/wp-json\/wp\/v2\/posts\/122044","targetHints":{"allow":["GET"]}}],"collection":[{"href":"https:\/\/www.europesays.com\/fr\/wp-json\/wp\/v2\/posts"}],"about":[{"href":"https:\/\/www.europesays.com\/fr\/wp-json\/wp\/v2\/types\/post"}],"author":[{"embeddable":true,"href":"https:\/\/www.europesays.com\/fr\/wp-json\/wp\/v2\/users\/2"}],"replies":[{"embeddable":true,"href":"https:\/\/www.europesays.com\/fr\/wp-json\/wp\/v2\/comments?post=122044"}],"version-history":[{"count":0,"href":"https:\/\/www.europesays.com\/fr\/wp-json\/wp\/v2\/posts\/122044\/revisions"}],"wp:featuredmedia":[{"embeddable":true,"href":"https:\/\/www.europesays.com\/fr\/wp-json\/wp\/v2\/media\/122045"}],"wp:attachment":[{"href":"https:\/\/www.europesays.com\/fr\/wp-json\/wp\/v2\/media?parent=122044"}],"wp:term":[{"taxonomy":"category","embeddable":true,"href":"https:\/\/www.europesays.com\/fr\/wp-json\/wp\/v2\/categories?post=122044"},{"taxonomy":"post_tag","embeddable":true,"href":"https:\/\/www.europesays.com\/fr\/wp-json\/wp\/v2\/tags?post=122044"}],"curies":[{"name":"wp","href":"https:\/\/api.w.org\/{rel}","templated":true}]}}