{"id":122046,"date":"2025-05-23T13:22:10","date_gmt":"2025-05-23T13:22:10","guid":{"rendered":"https:\/\/www.europesays.com\/fr\/122046\/"},"modified":"2025-05-23T13:22:10","modified_gmt":"2025-05-23T13:22:10","slug":"leveque-alsacien-interpelle-lors-dun-vaste-coup-de-filet-lundi-sest-defenestre","status":"publish","type":"post","link":"https:\/\/www.europesays.com\/fr\/122046\/","title":{"rendered":"l&rsquo;\u00e9v\u00eaque alsacien, interpell\u00e9 lors d&rsquo;un vaste coup de filet lundi, s&rsquo;est d\u00e9fenestr\u00e9"},"content":{"rendered":"<p class=\"article-p mdl\">Lors d&rsquo;un vaste coup de filet,\u00a0<strong>55 hommes accus\u00e9s de p\u00e9docriminalit\u00e9 ont \u00e9t\u00e9 interpell\u00e9s par la police<\/strong>, le 19 mai dernier. L&rsquo;un d&rsquo;eux, un religieux au profil particuli\u00e8rement atypique, s&rsquo;est d\u00e9fenestr\u00e9 selon une\u00a0<a class=\"link\" href=\"https:\/\/www.lalsace.fr\/faits-divers-justice\/2025\/05\/23\/vaste-reseau-pedocriminel-demantele-l-eveque-gallican-mis-en-cause-s-est-defenestre\" target=\"_blank\" rel=\"noopener\">information de L&rsquo;Alsace<\/a>, confirm\u00e9 par le procureur \u00e0 l&rsquo;AFP. Il a \u00e9t\u00e9 pris en charge par les secours apr\u00e8s s&rsquo;\u00eatre d\u00e9fenestr\u00e9 \u00e0 son domicile de Geispolsheim (Bas-Rhin), ce vendredi 23 mai.\u00a0<\/p>\n<p class=\"article-p mdl\">L&rsquo;homme qui devait \u00eatre jug\u00e9 en comparution imm\u00e9diate ce vendredi apr\u00e8s-midi, est depuis ce matin, hospitalis\u00e9.<\/p>\n<p class=\"article-p mdl\">Install\u00e9 depuis plusieurs ann\u00e9es dans l&rsquo;est, cet \u00e9v\u00eaque gallican de 45 ans a \u00e9t\u00e9 interpell\u00e9 au sein m\u00eame d&rsquo;une \u00e9glise dans la r\u00e9gion de <strong>Strasbourg<\/strong>. Il est connu pour \u00eatre un ami proche de l&rsquo;acteur\u00a0<a class=\"link\" href=\"https:\/\/www.rtl.fr\/culture\/medias-people\/alain-delon-pourquoi-ses-fils-demandent-la-revision-de-tout-l-heritage-7900507451\" title=\"H\u00e9ritage d&#039;Alain Delon : la guerre des enfants Delon se poursuit\" target=\"_blank\" rel=\"noopener\">Alain Delon, d\u00e9c\u00e9d\u00e9 en ao\u00fbt dernier.<\/a>\u00a0C&rsquo;est lui qui a\u00a0b\u00e9ni la chapelle priv\u00e9e de l&rsquo;acteur sur sa propri\u00e9t\u00e9 de Douchy.\u00a0<\/p>\n<p class=\"article-p mdl\">Parmi ces 55 hommes interpell\u00e9s cette semaine, tous les profils sont repr\u00e9sent\u00e9s dans toutes les r\u00e9gions de France. Un militaire, un haut fonctionnaire de l&rsquo;\u00e9ducation nationale, un professeur de musique, mais surtout des p\u00e8res de famille, des grands-p\u00e8res qui \u00e9taient au contact d&rsquo;enfants et qui sur Telegram se sont vant\u00e9s d&rsquo;avoir <strong>abus\u00e9 de jeunes mineurs <\/strong>ou m\u00eame de proposer les enfants \u00e0 des inconnus pour les violer.<\/p>\n<p>    L&rsquo;\u00e9quipe de l&rsquo;\u00e9mission vous recommande<\/p>\n<p class=\"s-newsletter__title\">\n                L\u2019actualit\u00e9 par la r\u00e9daction de RTL dans votre bo\u00eete mail.\n            <\/p>\n<p class=\"s-newsletter__subtitle\">\n                Gr\u00e2ce \u00e0 votre compte RTL abonnez-vous \u00e0 la newsletter RTL info pour suivre toute l&rsquo;actualit\u00e9 au quotidien\n            <\/p>\n<p>\n                                    Lire la suite\n                                <\/p>\n","protected":false},"excerpt":{"rendered":"Lors d&rsquo;un vaste coup de filet,\u00a055 hommes accus\u00e9s de p\u00e9docriminalit\u00e9 ont \u00e9t\u00e9 interpell\u00e9s par la police, le 19&hellip;\n","protected":false},"author":2,"featured_media":122047,"comment_status":"","ping_status":"","sticky":false,"template":"","format":"standard","meta":{"footnotes":""},"categories":[4],"tags":[11,118,107,1011,27,12,874,362,360,25],"class_list":{"0":"post-122046","1":"post","2":"type-post","3":"status-publish","4":"format-standard","5":"has-post-thumbnail","7":"category-france","8":"tag-actualites","9":"tag-faits-divers","10":"tag-fil-info","11":"tag-fr","12":"tag-france","13":"tag-news","14":"tag-pedophilie","15":"tag-replay","16":"tag-replay-integral","17":"tag-republique-francaise"},"share_on_mastodon":{"url":"https:\/\/pubeurope.com\/@fr\/114557363341887315","error":""},"_links":{"self":[{"href":"https:\/\/www.europesays.com\/fr\/wp-json\/wp\/v2\/posts\/122046","targetHints":{"allow":["GET"]}}],"collection":[{"href":"https:\/\/www.europesays.com\/fr\/wp-json\/wp\/v2\/posts"}],"about":[{"href":"https:\/\/www.europesays.com\/fr\/wp-json\/wp\/v2\/types\/post"}],"author":[{"embeddable":true,"href":"https:\/\/www.europesays.com\/fr\/wp-json\/wp\/v2\/users\/2"}],"replies":[{"embeddable":true,"href":"https:\/\/www.europesays.com\/fr\/wp-json\/wp\/v2\/comments?post=122046"}],"version-history":[{"count":0,"href":"https:\/\/www.europesays.com\/fr\/wp-json\/wp\/v2\/posts\/122046\/revisions"}],"wp:featuredmedia":[{"embeddable":true,"href":"https:\/\/www.europesays.com\/fr\/wp-json\/wp\/v2\/media\/122047"}],"wp:attachment":[{"href":"https:\/\/www.europesays.com\/fr\/wp-json\/wp\/v2\/media?parent=122046"}],"wp:term":[{"taxonomy":"category","embeddable":true,"href":"https:\/\/www.europesays.com\/fr\/wp-json\/wp\/v2\/categories?post=122046"},{"taxonomy":"post_tag","embeddable":true,"href":"https:\/\/www.europesays.com\/fr\/wp-json\/wp\/v2\/tags?post=122046"}],"curies":[{"name":"wp","href":"https:\/\/api.w.org\/{rel}","templated":true}]}}