{"id":122048,"date":"2025-05-23T13:23:08","date_gmt":"2025-05-23T13:23:08","guid":{"rendered":"https:\/\/www.europesays.com\/fr\/122048\/"},"modified":"2025-05-23T13:23:08","modified_gmt":"2025-05-23T13:23:08","slug":"les-bourses-europeennes-devissent-le-cac-40-senfonce-de-pres-de-3","status":"publish","type":"post","link":"https:\/\/www.europesays.com\/fr\/122048\/","title":{"rendered":"les Bourses europ\u00e9ennes d\u00e9vissent, le CAC 40 s\u2019enfonce de pr\u00e8s de 3%"},"content":{"rendered":"<p>La Bourse de Paris d\u00e9vissait de 2,43% vers 14h00, Francfort l\u00e2chait 2,03% et Milan, 2,77%.<\/p>\n<p class=\"fig-paragraph\">Les Bourses europ\u00e9ennes chutaient vendredi apr\u00e8s que\u00a0<a href=\"http:\/\/www.lefigaro.fr\/conjoncture\/donald-trump-menace-l-union-europeenne-de-50-de-droits-de-douane-a-partir-du-1er-juin-20250523\" data-fig-type=\"NewsFlash\" data-gtm-custom-categorie=\"navigation\" data-gtm-custom-action=\"crossclick\" data-gtm-custom-label=\"Contextuel\" data-gtm-event=\"customEventSPE\" data-fig-domain=\"LEFIGARO\" target=\"_blank\" rel=\"noopener\">Donald Trump<\/a>\u00a0a menac\u00e9 d\u2019imposer 50% de droits de douane aux produits issus de l\u2019Union europ\u00e9enne import\u00e9s aux \u00c9tats-Unis \u00e0 compter du 1er juin, dans un message post\u00e9 sur son r\u00e9seau social\u00a0<a href=\"http:\/\/www.lefigaro.fr\/secteur\/high-tech\/la-revanche-annoncee-du-reseau-social-truth-social-megaphone-decomplexe-de-donald-trump-20250118\" data-fig-type=\"Article\" data-gtm-custom-categorie=\"navigation\" data-gtm-custom-action=\"crossclick\" data-gtm-custom-label=\"Contextuel\" data-gtm-event=\"customEventSPE\" data-fig-domain=\"LEFIGARO\" target=\"_blank\" rel=\"noopener\">Truth Social<\/a>.<\/p>\n<p class=\"fig-paragraph\">La Bourse de Paris d\u00e9vissait de 2,43% vers 14h00, Francfort l\u00e2chait 2,03% et Milan, 2,77%.<\/p>\n<p class=\"fig-paragraph\">Plus d\u2019informations \u00e0 venir&#8230;<\/p>\n","protected":false},"excerpt":{"rendered":"La Bourse de Paris d\u00e9vissait de 2,43% vers 14h00, Francfort l\u00e2chait 2,03% et Milan, 2,77%. Les Bourses europ\u00e9ennes&hellip;\n","protected":false},"author":2,"featured_media":122049,"comment_status":"","ping_status":"","sticky":false,"template":"","format":"standard","meta":{"footnotes":""},"categories":[2],"tags":[339,11,340,343,345,350,130,344,352,349,75,33,341,313,1011,27,346,342,353,351,347,12,348,2658,354],"class_list":{"0":"post-122048","1":"post","2":"type-post","3":"status-publish","4":"format-standard","5":"has-post-thumbnail","7":"category-actualites","8":"tag-actualite-economique","9":"tag-actualites","10":"tag-bourse","11":"tag-cac-40","12":"tag-chef-dentreprise","13":"tag-concurrence","14":"tag-consommation","15":"tag-creation-dentreprise","16":"tag-crise","17":"tag-delocalisations","18":"tag-donald-trump","19":"tag-economie","20":"tag-emploi","21":"tag-entreprises","22":"tag-fr","23":"tag-france","24":"tag-grands-patrons","25":"tag-impots","26":"tag-licenciements","27":"tag-monopole","28":"tag-multinationales","29":"tag-news","30":"tag-privatisation","31":"tag-taxes-douanieres","32":"tag-unio"},"share_on_mastodon":{"url":"https:\/\/pubeurope.com\/@fr\/114557367322976340","error":""},"_links":{"self":[{"href":"https:\/\/www.europesays.com\/fr\/wp-json\/wp\/v2\/posts\/122048","targetHints":{"allow":["GET"]}}],"collection":[{"href":"https:\/\/www.europesays.com\/fr\/wp-json\/wp\/v2\/posts"}],"about":[{"href":"https:\/\/www.europesays.com\/fr\/wp-json\/wp\/v2\/types\/post"}],"author":[{"embeddable":true,"href":"https:\/\/www.europesays.com\/fr\/wp-json\/wp\/v2\/users\/2"}],"replies":[{"embeddable":true,"href":"https:\/\/www.europesays.com\/fr\/wp-json\/wp\/v2\/comments?post=122048"}],"version-history":[{"count":0,"href":"https:\/\/www.europesays.com\/fr\/wp-json\/wp\/v2\/posts\/122048\/revisions"}],"wp:featuredmedia":[{"embeddable":true,"href":"https:\/\/www.europesays.com\/fr\/wp-json\/wp\/v2\/media\/122049"}],"wp:attachment":[{"href":"https:\/\/www.europesays.com\/fr\/wp-json\/wp\/v2\/media?parent=122048"}],"wp:term":[{"taxonomy":"category","embeddable":true,"href":"https:\/\/www.europesays.com\/fr\/wp-json\/wp\/v2\/categories?post=122048"},{"taxonomy":"post_tag","embeddable":true,"href":"https:\/\/www.europesays.com\/fr\/wp-json\/wp\/v2\/tags?post=122048"}],"curies":[{"name":"wp","href":"https:\/\/api.w.org\/{rel}","templated":true}]}}