{"id":122058,"date":"2025-05-23T13:28:08","date_gmt":"2025-05-23T13:28:08","guid":{"rendered":"https:\/\/www.europesays.com\/fr\/122058\/"},"modified":"2025-05-23T13:28:08","modified_gmt":"2025-05-23T13:28:08","slug":"ce-que-lon-sait-sur-les-mysterieux-avions-qui-ont-survole-le-ciel-toulonnais-ce-jeudi-soir","status":"publish","type":"post","link":"https:\/\/www.europesays.com\/fr\/122058\/","title":{"rendered":"Ce que l&rsquo;on sait sur les myst\u00e9rieux avions qui ont survol\u00e9 le ciel toulonnais ce jeudi soir"},"content":{"rendered":"<p>Certains n\u2019ont fait que les entendre, d\u2019autres les ont vus voler \u00e0 basse altitude. Une chose est s\u00fbre:<strong> les avions militaires qui sont pass\u00e9s jeudi soir, \u00e0 plusieurs reprises, dans le ciel de l\u2019aire toulonnaise n\u2019ont laiss\u00e9 personne indiff\u00e9rent<\/strong>. Tr\u00e8s vite les r\u00e9seaux sociaux se sont agit\u00e9s. Entre curiosit\u00e9 et inqui\u00e9tude, chacun y est all\u00e9 de son explication.<\/p>\n<p>Pour en savoir plus, Var-matin a contact\u00e9 la pr\u00e9fecture maritime de la M\u00e9diterran\u00e9e. Logique: quand un a\u00e9ronef \u00e9volue dans le ciel varois, il y a de fortes chances pour qu\u2019il appartienne \u00e0 une flottille de la Marine nationale. Pas cette fois. \u00ab\u00a0A priori, il s\u2019agit d\u2019a\u00e9ronefs de l\u2019arm\u00e9e de l\u2019Air\u00a0\u00bb, nous a ainsi r\u00e9pondu la pr\u00e9fecture maritime.<\/p>\n<p>Sollicit\u00e9 par t\u00e9l\u00e9phone, le Service d\u2019information et de relations publiques de l\u2019arm\u00e9e de l\u2019Air et de l\u2019Espace ne s\u2019est pas montr\u00e9 tr\u00e8s bavard. \u00ab\u00a0<strong>Il s\u2019agit d\u2019un exercice de l\u2019arm\u00e9e de l\u2019Air<\/strong>\u00ab\u00a0, a d\u00e9clar\u00e9 laconiquement un officier en charge des relations publiques. Quel exercice? S\u2019agissait-il de Rafale ou de Mirage 2.000? Combien \u00e9taient-ils? Myst\u00e8re. \u00ab\u00a0On n\u2019a pas d\u2019informations \u00e0 communiquer\u00a0\u00bb, a coup\u00e9 court le m\u00eame officier.<\/p>\n","protected":false},"excerpt":{"rendered":"Certains n\u2019ont fait que les entendre, d\u2019autres les ont vus voler \u00e0 basse altitude. Une chose est s\u00fbre:&hellip;\n","protected":false},"author":2,"featured_media":122059,"comment_status":"","ping_status":"","sticky":false,"template":"","format":"standard","meta":{"footnotes":""},"categories":[9619],"tags":[1111,11,554,1777,674,1011,27,12,882,25,2310],"class_list":{"0":"post-122058","1":"post","2":"type-post","3":"status-publish","4":"format-standard","5":"has-post-thumbnail","7":"category-toulon","8":"tag-actu","9":"tag-actualites","10":"tag-defense","11":"tag-eu","12":"tag-europe","13":"tag-fr","14":"tag-france","15":"tag-news","16":"tag-provence-alpes-cote-dazur","17":"tag-republique-francaise","18":"tag-toulon"},"share_on_mastodon":{"url":"https:\/\/pubeurope.com\/@fr\/114557387107712520","error":""},"_links":{"self":[{"href":"https:\/\/www.europesays.com\/fr\/wp-json\/wp\/v2\/posts\/122058","targetHints":{"allow":["GET"]}}],"collection":[{"href":"https:\/\/www.europesays.com\/fr\/wp-json\/wp\/v2\/posts"}],"about":[{"href":"https:\/\/www.europesays.com\/fr\/wp-json\/wp\/v2\/types\/post"}],"author":[{"embeddable":true,"href":"https:\/\/www.europesays.com\/fr\/wp-json\/wp\/v2\/users\/2"}],"replies":[{"embeddable":true,"href":"https:\/\/www.europesays.com\/fr\/wp-json\/wp\/v2\/comments?post=122058"}],"version-history":[{"count":0,"href":"https:\/\/www.europesays.com\/fr\/wp-json\/wp\/v2\/posts\/122058\/revisions"}],"wp:featuredmedia":[{"embeddable":true,"href":"https:\/\/www.europesays.com\/fr\/wp-json\/wp\/v2\/media\/122059"}],"wp:attachment":[{"href":"https:\/\/www.europesays.com\/fr\/wp-json\/wp\/v2\/media?parent=122058"}],"wp:term":[{"taxonomy":"category","embeddable":true,"href":"https:\/\/www.europesays.com\/fr\/wp-json\/wp\/v2\/categories?post=122058"},{"taxonomy":"post_tag","embeddable":true,"href":"https:\/\/www.europesays.com\/fr\/wp-json\/wp\/v2\/tags?post=122058"}],"curies":[{"name":"wp","href":"https:\/\/api.w.org\/{rel}","templated":true}]}}