{"id":122062,"date":"2025-05-23T13:30:09","date_gmt":"2025-05-23T13:30:09","guid":{"rendered":"https:\/\/www.europesays.com\/fr\/122062\/"},"modified":"2025-05-23T13:30:09","modified_gmt":"2025-05-23T13:30:09","slug":"decouvrez-poucet-pour-les-grands","status":"publish","type":"post","link":"https:\/\/www.europesays.com\/fr\/122062\/","title":{"rendered":"d\u00e9couvrez \u00ab\u00a0Poucet, pour les grands\u00a0\u00bb"},"content":{"rendered":"<p>            Par<br \/>\n        <strong><br \/>\n            <a href=\"https:\/\/actu.fr\/auteur\/manon-haddouche\" title=\"Consulter tous les articles de Manon Haddouche\" rel=\"nofollow noopener\" target=\"_blank\">Manon Haddouche<\/a><br \/>\n        <\/strong><\/p>\n<p>        Publi\u00e9 le<\/p>\n<p>            23 mai 2025 \u00e0 13h12        <\/p>\n<p>Et si l\u2019on relisait \u00ab\u00a0<strong>Le Petit Poucet<\/strong>\u00a0\u00bb ? C\u2019est le pari audacieux de la <strong>Compagnie La Chouette blanche<\/strong> avec \u00ab\u00a0Poucet, pour les grands\u00a0\u00bb, une pi\u00e8ce profonde et pleine d\u2019ironie, \u00e0 d\u00e9couvrir le <strong>vendredi 23 mai, \u00e0 20h,<\/strong> dans le cadre de la saison culturelle de<strong> La Devoiselle<\/strong>, orchestr\u00e9e par la Ville de<strong> Saint-G\u00e9ly-du-Fesc<\/strong>. Avec une relecture du c\u00e9l\u00e8bre conte pour enfants qui se place du c\u00f4t\u00e9 des filles de l\u2019ogre, ce spectacle destin\u00e9 au j<strong>eune public<\/strong> saura s\u00e9duire tout autant les grands enfants.\u00a0<\/p>\n<p>Une cr\u00e9ation montpelli\u00e9raine\u00a0<\/p>\n<p class=\" wall-content\">Cr\u00e9\u00e9e en novembre dernier \u00e0 Montpellier, cette r<strong>electure contemporaine du conte de Perrault<\/strong> invite \u00e0 r\u00e9fl\u00e9chir sur les poids familiaux, les chemins de traverse et la force de tracer sa propre voie, entre absurdit\u00e9, tendresse et r\u00e9volte. Une proposition artistique qui s\u2019adresse <strong>autant aux ados d\u00e8s 8 ans qu\u2019aux adultes en qu\u00eate de sens<\/strong>. Si tout le monde conna\u00eet l\u2019histoire du Petit Poucet, ce spectacle s\u2019inspire de la rencontre de Poucet avec ces ogresses, en particulier avec la plus jeune, qui ne mange pas de viande et qui passe ses journ\u00e9es \u00e0 lire des livres : une ogresse r\u00e9siliente en quelque sorte !\u00a0<\/p>\n<p class=\" wall-content\">Sous la plume de Gilles Granouillet et la mise en sc\u00e8ne d\u2019Azyad\u00e9 Bascunana, Poucet, pour les grands explore les zones d\u2019ombre du conte originel. On y croise un p\u00e8re fuyant, une fratrie en d\u00e9s\u00e9quilibre, et une ogresse pas comme les autres \u2014 v\u00e9g\u00e9tarienne, lectrice, presque philosophe. C\u2019est dans cette galerie de figures troubles que les personnages cherchent leur place et leur libert\u00e9. \u00ab Ce spectacle aborde avec l\u00e9g\u00e8ret\u00e9 et \u00e9motion ce que signifie \u201cgrandir malgr\u00e9 tout\u201d. Il parle des failles, mais aussi de la puissance des trajectoires singuli\u00e8res \u00bb, explique.\u00a0<\/p>\n<p>    <a href=\"https:\/\/www.google.com\/maps\/embed?pb=!1m18!1m12!1m3!1d2884.8220120486544!2d3.8047758758312953!3d43.69346357110018!2m3!1f0!2f0!3f0!3m2!1i1024!2i768!4f13.1!3m3!1m2!1s0x12b6ab0472c75e9d%3A0x896612a237630ca1!2sSalle%20Culturelle%20-%20Espace%20Georges%20Brassens!5e0!3m2!1sfr!2sfr!4v1747143833769!5m2!1sfr!2sfr\" title=\"Ouvrie le lien\" rel=\"nofollow noopener\" target=\"_blank\">Cliquez ici pour visualiser le contenu<\/a><\/p>\n<p class=\" wall-content\"><strong>Distribution :\u00a0<\/strong><\/p>\n<p class=\" wall-content\">Gilles Granouillet, texte<br \/>Azyad\u00e9 Bascunana, mise en sc\u00e8ne<br \/>Avec Zo\u00e9 Urenia, Ambre Besnainou, Nina Berard, Lena Delorme, Bianca Ceravolo.\u00a0<br \/>Olivier Modol \u00e0 la cr\u00e9ation lumi\u00e8re et Damien Fadat \u00e0 la cr\u00e9ation son<\/p>\n<p>Vid\u00e9os : en ce moment sur Actu<strong>&gt; <\/strong>\u00ab Poucet, pour les grands \u00bb le vendredi 23 mai, \u00e0 20h, \u00e0 l\u2019auditorium Georges Brassens, \u00e0 Saint G\u00e9ly-du-Fesc. Tarif unique 5\u20ac. R\u00e9servations : <a href=\"http:\/\/www.ladevoiselle.com\/\" rel=\"nofollow noopener\" target=\"_blank\">en ligne par ici<\/a>, en mairie\u00a0 au service culture-communication-animation pendant les heures d\u2019ouverture ou sur site le jour m\u00eame, une heure avant le spectacle, en fonction des places disponibles.\u00a0<\/p>\n<p class=\" wall-content\">Suivez toute l\u2019actualit\u00e9 de vos villes et m\u00e9dias favoris en vous inscrivant \u00e0 <a href=\"https:\/\/moncompte.actu.fr\" title=\"D\u00e9couvez Mon Actu\" rel=\"nofollow noopener\" data-trk=\"{&quot;cta&quot;:{&quot;action&quot;:&quot;https:\\\/\\\/moncompte.actu.fr&quot;,&quot;category&quot;:&quot;mon compte&quot;,&quot;from&quot;:&quot;article footer&quot;,&quot;name&quot;:&quot;Mon actu&quot;,&quot;type&quot;:&quot;cta&quot;}}\" target=\"_blank\">Mon Actu<\/a>.<\/p>\n","protected":false},"excerpt":{"rendered":"Par Manon Haddouche Publi\u00e9 le 23 mai 2025 \u00e0 13h12 Et si l\u2019on relisait \u00ab\u00a0Le Petit Poucet\u00a0\u00bb ?&hellip;\n","protected":false},"author":2,"featured_media":122063,"comment_status":"","ping_status":"","sticky":false,"template":"","format":"standard","meta":{"footnotes":""},"categories":[9599],"tags":[1111,11,1777,674,1011,27,1652,2208,12,2680,25,1347],"class_list":{"0":"post-122062","1":"post","2":"type-post","3":"status-publish","4":"format-standard","5":"has-post-thumbnail","7":"category-montpellier","8":"tag-actu","9":"tag-actualites","10":"tag-eu","11":"tag-europe","12":"tag-fr","13":"tag-france","14":"tag-loisirs-culture","15":"tag-montpellier","16":"tag-news","17":"tag-occitanie","18":"tag-republique-francaise","19":"tag-theatre"},"share_on_mastodon":{"url":"https:\/\/pubeurope.com\/@fr\/114557394867270663","error":""},"_links":{"self":[{"href":"https:\/\/www.europesays.com\/fr\/wp-json\/wp\/v2\/posts\/122062","targetHints":{"allow":["GET"]}}],"collection":[{"href":"https:\/\/www.europesays.com\/fr\/wp-json\/wp\/v2\/posts"}],"about":[{"href":"https:\/\/www.europesays.com\/fr\/wp-json\/wp\/v2\/types\/post"}],"author":[{"embeddable":true,"href":"https:\/\/www.europesays.com\/fr\/wp-json\/wp\/v2\/users\/2"}],"replies":[{"embeddable":true,"href":"https:\/\/www.europesays.com\/fr\/wp-json\/wp\/v2\/comments?post=122062"}],"version-history":[{"count":0,"href":"https:\/\/www.europesays.com\/fr\/wp-json\/wp\/v2\/posts\/122062\/revisions"}],"wp:featuredmedia":[{"embeddable":true,"href":"https:\/\/www.europesays.com\/fr\/wp-json\/wp\/v2\/media\/122063"}],"wp:attachment":[{"href":"https:\/\/www.europesays.com\/fr\/wp-json\/wp\/v2\/media?parent=122062"}],"wp:term":[{"taxonomy":"category","embeddable":true,"href":"https:\/\/www.europesays.com\/fr\/wp-json\/wp\/v2\/categories?post=122062"},{"taxonomy":"post_tag","embeddable":true,"href":"https:\/\/www.europesays.com\/fr\/wp-json\/wp\/v2\/tags?post=122062"}],"curies":[{"name":"wp","href":"https:\/\/api.w.org\/{rel}","templated":true}]}}