{"id":122067,"date":"2025-05-23T13:34:12","date_gmt":"2025-05-23T13:34:12","guid":{"rendered":"https:\/\/www.europesays.com\/fr\/122067\/"},"modified":"2025-05-23T13:34:12","modified_gmt":"2025-05-23T13:34:12","slug":"grenoble-son-appartement-degage-une-odeur-suspecte-il-jette-la-marchandise-par-la-fenetre","status":"publish","type":"post","link":"https:\/\/www.europesays.com\/fr\/122067\/","title":{"rendered":"Grenoble. Son appartement d\u00e9gage une odeur suspecte, il jette la marchandise par la fen\u00eatre"},"content":{"rendered":"<p>            Par<br \/>\n        <strong><br \/>\n            <a href=\"https:\/\/actu.fr\/auteur\/lisa-rodrigues\" title=\"Consulter tous les articles de Lisa Rodrigues\" rel=\"nofollow noopener\" target=\"_blank\">Lisa Rodrigues<\/a><br \/>\n        <\/strong><\/p>\n<p>        Publi\u00e9 le<\/p>\n<p>            23 mai 2025 \u00e0 10h24        <\/p>\n<p>Jackpot inattendu pour les forces de l\u2019ordre.<\/p>\n<p class=\" wall-content\">Jeudi 22 mai, en toute fin de journ\u00e9e, alors qu\u2019un \u00e9quipage de la police nationale \u00e9tait en pleine op\u00e9ration de communication en porte-\u00e0-porte aupr\u00e8s des habitants dans un immeuble de l\u2019avenue Rhin et Danube \u00e0 <a href=\"https:\/\/actu.fr\/auvergne-rhone-alpes\/grenoble_38185\" rel=\"nofollow noopener\" target=\"_blank\">Grenoble<\/a>, il va s\u2019arr\u00eater sur un appartement suspect.<\/p>\n<p>    <a href=\"https:\/\/www.google.com\/maps\/embed?pb=!1m18!1m12!1m3!1d2812.7875962672897!2d5.701443976134538!3d45.171150871070616!2m3!1f0!2f0!3f0!3m2!1i1024!2i768!4f13.1!3m3!1m2!1s0x478af35932fbbdc7%3A0xf3e8afbd9953eee5!2s74%20Av.%20Rhin%20et%20Danube%2C%2038100%20Grenoble!5e0!3m2!1sfr!2sfr!4v1747986952973!5m2!1sfr!2sfr\" title=\"Ouvrie le lien\" rel=\"nofollow noopener\" target=\"_blank\">Cliquez ici pour visualiser le contenu<\/a><\/p>\n<p class=\" wall-content\">Au 5e \u00e9tage de l\u2019immeuble, les agents sentent une <strong>forte odeur<\/strong> se d\u00e9gageant de l\u2019habitation, odeur rapidement identifi\u00e9e comme \u00e9tant celle de la r\u00e9sine de cannabis.\u00a0<\/p>\n<p>La drogue tombe du 5e \u00e9tage<\/p>\n<p class=\" wall-content\">\u00c0 l\u2019int\u00e9rieur, deux occupants majeurs, des hommes \u00e2g\u00e9s de 18 et 22 ans. Rapidement, les policiers se rendent compte de la pr\u00e9sence de <strong>nombreux sacs<\/strong> stock\u00e9s dans l\u2019appartement, contenant de la r\u00e9sine de cannabis.<\/p>\n<p>Vid\u00e9os : en ce moment sur Actu<\/p>\n<p class=\" wall-content\">\u00c0 la vue des forces de l\u2019ordre, l\u2019un des deux individus va alors <strong>tenter de se d\u00e9barrasser<\/strong> <strong>d\u2019une partie de la drogue<\/strong> en jetant par la fen\u00eatre plusieurs paquets.<\/p>\n<p class=\" wall-content\">Les deux hommes vont toutefois \u00eatre interpell\u00e9s pour d\u00e9tention de stup\u00e9fiants.<\/p>\n<p>Des sacs coinc\u00e9s dans les arbres<\/p>\n<p class=\" wall-content\">Rapidement, les policiers \u00e9paul\u00e9s de CRS s\u00e9curisent les ext\u00e9rieurs de l\u2019immeuble pour r\u00e9cup\u00e9rer les sacs de r\u00e9sine de cannabis tomb\u00e9s du 5e \u00e9tage. Certains ayant \u00e9t\u00e9 rep\u00e9r\u00e9s coinc\u00e9s en hauteur dans des arbres, les sapeurs-pompiers de l\u2019<a href=\"https:\/\/actu.fr\/auvergne-rhone-alpes\/isere_38\" rel=\"nofollow noopener\" target=\"_blank\">Is\u00e8re<\/a> ont \u00e9t\u00e9 mobilis\u00e9s pour les r\u00e9cup\u00e9rer, \u00e0 l\u2019aide d\u2019une grande \u00e9chelle.\u00a0<\/p>\n<p class=\" wall-content\">La quantit\u00e9 exacte de stup\u00e9fiants saisie n\u2019a, pour le moment, pas \u00e9t\u00e9 communiqu\u00e9e.<\/p>\n<p class=\" wall-content\">Suivez toute l\u2019actualit\u00e9 de vos villes et m\u00e9dias favoris en vous inscrivant \u00e0 <a href=\"https:\/\/moncompte.actu.fr\" title=\"D\u00e9couvez Mon Actu\" rel=\"nofollow noopener\" data-trk=\"{&quot;cta&quot;:{&quot;action&quot;:&quot;https:\\\/\\\/moncompte.actu.fr&quot;,&quot;category&quot;:&quot;mon compte&quot;,&quot;from&quot;:&quot;article footer&quot;,&quot;name&quot;:&quot;Mon actu&quot;,&quot;type&quot;:&quot;cta&quot;}}\" target=\"_blank\">Mon Actu<\/a>.<\/p>\n","protected":false},"excerpt":{"rendered":"Par Lisa Rodrigues Publi\u00e9 le 23 mai 2025 \u00e0 10h24 Jackpot inattendu pour les forces de l\u2019ordre. Jeudi&hellip;\n","protected":false},"author":2,"featured_media":122068,"comment_status":"","ping_status":"","sticky":false,"template":"","format":"standard","meta":{"footnotes":""},"categories":[9566],"tags":[1111,11,2430,1052,1777,674,118,1011,27,2731,12,1072,25],"class_list":{"0":"post-122067","1":"post","2":"type-post","3":"status-publish","4":"format-standard","5":"has-post-thumbnail","7":"category-grenoble","8":"tag-actu","9":"tag-actualites","10":"tag-auvergne-rhone-alpes","11":"tag-drogue","12":"tag-eu","13":"tag-europe","14":"tag-faits-divers","15":"tag-fr","16":"tag-france","17":"tag-grenoble","18":"tag-news","19":"tag-police","20":"tag-republique-francaise"},"share_on_mastodon":{"url":"https:\/\/pubeurope.com\/@fr\/114557410687213243","error":""},"_links":{"self":[{"href":"https:\/\/www.europesays.com\/fr\/wp-json\/wp\/v2\/posts\/122067","targetHints":{"allow":["GET"]}}],"collection":[{"href":"https:\/\/www.europesays.com\/fr\/wp-json\/wp\/v2\/posts"}],"about":[{"href":"https:\/\/www.europesays.com\/fr\/wp-json\/wp\/v2\/types\/post"}],"author":[{"embeddable":true,"href":"https:\/\/www.europesays.com\/fr\/wp-json\/wp\/v2\/users\/2"}],"replies":[{"embeddable":true,"href":"https:\/\/www.europesays.com\/fr\/wp-json\/wp\/v2\/comments?post=122067"}],"version-history":[{"count":0,"href":"https:\/\/www.europesays.com\/fr\/wp-json\/wp\/v2\/posts\/122067\/revisions"}],"wp:featuredmedia":[{"embeddable":true,"href":"https:\/\/www.europesays.com\/fr\/wp-json\/wp\/v2\/media\/122068"}],"wp:attachment":[{"href":"https:\/\/www.europesays.com\/fr\/wp-json\/wp\/v2\/media?parent=122067"}],"wp:term":[{"taxonomy":"category","embeddable":true,"href":"https:\/\/www.europesays.com\/fr\/wp-json\/wp\/v2\/categories?post=122067"},{"taxonomy":"post_tag","embeddable":true,"href":"https:\/\/www.europesays.com\/fr\/wp-json\/wp\/v2\/tags?post=122067"}],"curies":[{"name":"wp","href":"https:\/\/api.w.org\/{rel}","templated":true}]}}