{"id":122080,"date":"2025-05-23T13:41:09","date_gmt":"2025-05-23T13:41:09","guid":{"rendered":"https:\/\/www.europesays.com\/fr\/122080\/"},"modified":"2025-05-23T13:41:09","modified_gmt":"2025-05-23T13:41:09","slug":"apres-caballero-nice-va-recruter-au-sein-du-staff-de-lol-academie","status":"publish","type":"post","link":"https:\/\/www.europesays.com\/fr\/122080\/","title":{"rendered":"Apr\u00e8s Caballero, Nice va recruter au sein du staff de l&rsquo;OL Acad\u00e9mie"},"content":{"rendered":"<p>                            <img width=\"770\" height=\"433\" src=\"https:\/\/www.europesays.com\/fr\/wp-content\/uploads\/2025\/05\/fabien-UNE-e1735903019432-770x433.jpg\" class=\"attachment-article size-article wp-post-image\" alt=\"Fabien Caballero \u00e0 Nice\" decoding=\"async\" fetchpriority=\"high\"  \/><\/p>\n<p>Fabien Caballero \u00e0 Nice (@Nice)<\/p>\n<p>Apr\u00e8s avoir attir\u00e9 Fabien Caballero \u00e0 la t\u00eate de la formation, l&rsquo;OGC Nice devrait en faire de m\u00eame avec l&rsquo;un des formateurs de l&rsquo;OL Acad\u00e9mie. Arriv\u00e9 l&rsquo;\u00e9t\u00e9 dernier, Rapha\u00ebl Cosmidis serait en partance pour les Aiglons.<\/p>\n<p>\u00c0 l&rsquo;<strong>OL<\/strong>, il n&rsquo;y a pas que dans le groupe professionnel que l&rsquo;\u00e9t\u00e9 devrait s&rsquo;annoncer br\u00fblant. Au sein de l&rsquo;Acad\u00e9mie, les changements s&rsquo;annoncent nombreux, que ce soit dans le renouvellement des joueurs, mais aussi du staff. Comme appris, Florent <strong>Balmont<\/strong> va prendre les U19 \u00e0 partir de la rentr\u00e9e, tandis que Gue\u00efda <strong>Fofana <\/strong>a bon espoir de poursuivre sa mission avec la r\u00e9serve. N\u00e9anmoins, comme indiqu\u00e9 par Le Progr\u00e8s, au sein de la pr\u00e9formation, <a href=\"https:\/\/www.olympique-et-lyonnais.com\/ca-bouge-a-l-ol-academie,362619.html\" rel=\"nofollow noopener\" target=\"_blank\">quelques changements importants vont avoir lieu.<\/a> Formateur historique, Cyrille <strong>Dolce <\/strong>va devenir adjoint des U15 aux c\u00f4t\u00e9s de Martin <strong>Fabre<\/strong>. En prenant un peu de recul, si l&rsquo;on peut dire, l&rsquo;entra\u00eeneur lyonnais laisse la lumi\u00e8re \u00e0 son d\u00e9sormais num\u00e9ro 1.<\/p>\n<p>Une seule saison \u00e0 Meyzieu<\/p>\n<p>Mais quid de l&rsquo;avenir de Rapha\u00ebl <strong>Cosmidis <\/strong>qui occupait ce r\u00f4le d&rsquo;adjoint depuis le d\u00e9but de la saison ? Selon nos informations confirmant celles du toujours bien inform\u00e9 Borgia_OL_Acad, son avenir ne s&rsquo;\u00e9crira plus \u00e0 Meyzieu, mais bien plus dans le sud de la France. Pas d&rsquo;officialisation encore, mais l&rsquo;<strong>OGC Nice<\/strong> continuerait de venir pilier au sein de l&rsquo;OL Acad\u00e9mie. Le formateur devrait prendre la direction de la French Riviera pour retrouver Fabien <strong>Caballero<\/strong>, ancien directeur du centre de formation lyonnais et qui <a href=\"https:\/\/www.olympique-et-lyonnais.com\/ol-mercato-fabien-caballero-rejoint-officiellement-nice,347735.html\" rel=\"nofollow noopener\" target=\"_blank\">a pris la direction<\/a> de celui des Aiglons au d\u00e9but de l&rsquo;ann\u00e9e 2025.<\/p>\n","protected":false},"excerpt":{"rendered":"Fabien Caballero \u00e0 Nice (@Nice) Apr\u00e8s avoir attir\u00e9 Fabien Caballero \u00e0 la t\u00eate de la formation, l&rsquo;OGC Nice&hellip;\n","protected":false},"author":2,"featured_media":122081,"comment_status":"","ping_status":"","sticky":false,"template":"","format":"standard","meta":{"footnotes":""},"categories":[2819],"tags":[1111,11,1777,674,1011,27,12,2401,241,978,882,25],"class_list":{"0":"post-122080","1":"post","2":"type-post","3":"status-publish","4":"format-standard","5":"has-post-thumbnail","7":"category-nice","8":"tag-actu","9":"tag-actualites","10":"tag-eu","11":"tag-europe","12":"tag-fr","13":"tag-france","14":"tag-news","15":"tag-nice","16":"tag-ol","17":"tag-olympique-lyonnais","18":"tag-provence-alpes-cote-dazur","19":"tag-republique-francaise"},"share_on_mastodon":{"url":"https:\/\/pubeurope.com\/@fr\/114557438147164782","error":""},"_links":{"self":[{"href":"https:\/\/www.europesays.com\/fr\/wp-json\/wp\/v2\/posts\/122080","targetHints":{"allow":["GET"]}}],"collection":[{"href":"https:\/\/www.europesays.com\/fr\/wp-json\/wp\/v2\/posts"}],"about":[{"href":"https:\/\/www.europesays.com\/fr\/wp-json\/wp\/v2\/types\/post"}],"author":[{"embeddable":true,"href":"https:\/\/www.europesays.com\/fr\/wp-json\/wp\/v2\/users\/2"}],"replies":[{"embeddable":true,"href":"https:\/\/www.europesays.com\/fr\/wp-json\/wp\/v2\/comments?post=122080"}],"version-history":[{"count":0,"href":"https:\/\/www.europesays.com\/fr\/wp-json\/wp\/v2\/posts\/122080\/revisions"}],"wp:featuredmedia":[{"embeddable":true,"href":"https:\/\/www.europesays.com\/fr\/wp-json\/wp\/v2\/media\/122081"}],"wp:attachment":[{"href":"https:\/\/www.europesays.com\/fr\/wp-json\/wp\/v2\/media?parent=122080"}],"wp:term":[{"taxonomy":"category","embeddable":true,"href":"https:\/\/www.europesays.com\/fr\/wp-json\/wp\/v2\/categories?post=122080"},{"taxonomy":"post_tag","embeddable":true,"href":"https:\/\/www.europesays.com\/fr\/wp-json\/wp\/v2\/tags?post=122080"}],"curies":[{"name":"wp","href":"https:\/\/api.w.org\/{rel}","templated":true}]}}