{"id":122082,"date":"2025-05-23T13:42:11","date_gmt":"2025-05-23T13:42:11","guid":{"rendered":"https:\/\/www.europesays.com\/fr\/122082\/"},"modified":"2025-05-23T13:42:11","modified_gmt":"2025-05-23T13:42:11","slug":"quatre-mineures-en-garde-a-vue-pour-du-harcelement-apres-setre-introduit-de-force-chez-une-adolescente","status":"publish","type":"post","link":"https:\/\/www.europesays.com\/fr\/122082\/","title":{"rendered":"quatre mineures en garde \u00e0 vue pour du harc\u00e8lement apr\u00e8s s\u2019\u00eatre introduit de force chez une adolescente"},"content":{"rendered":"<p>Elles lui ont demand\u00e9 de l\u2019argent et des v\u00eatements. Une dispute sur Snapchat serait le d\u00e9clencheur de ces faits r\u00e9it\u00e9r\u00e9s. Le quatuor avait d\u00e9j\u00e0 s\u00e9vi de la sorte en avril.<\/p>\n<p class=\"fig-paragraph\">Elles n\u2019en sont pas \u00e0 leur coup d\u2019essai. En revanche, c\u2019est la premi\u00e8re fois qu\u2019elles partent en garde \u00e0 vue. Jeudi vers 13h, quatre jeunes filles n\u00e9es en 2009 et 2010 ont \u00e9t\u00e9 interpell\u00e9es, \u00e0\u00a0<a href=\"http:\/\/www.lefigaro.fr\/nantes\/nantes-un-hotel-3-etoiles-du-centre-ville-braque-a-main-armee-20250522\" target=\"_blank\" data-fig-type=\"NewsFlash\" rel=\"noopener\" data-gtm-custom-categorie=\"navigation\" data-gtm-custom-action=\"crossclick\" data-gtm-custom-label=\"Contextuel\" data-gtm-event=\"customEventSPE\" data-fig-domain=\"LEFIGARO\">Nantes<\/a>, pour des faits de violation de domicile et de harc\u00e8lement sur mineur de moins de 15 ans. Elles ont \u00e9t\u00e9 embarqu\u00e9es par les policiers alors qu\u2019elles se trouvaient dans l\u2019appartement d\u2019une jeune fille qu\u2019elles sont suspect\u00e9es de harceler. Apr\u00e8s avoir tambourin\u00e9 \u00e0 la porte, elles lui ont demand\u00e9 de l\u2019argent et des v\u00eatements, sous les yeux de la m\u00e8re qui a pu pr\u00e9venir les forces de l\u2019ordre.<\/p>\n<p class=\"fig-paragraph\">Le quatuor avait d\u00e9j\u00e0 s\u00e9vi de la sorte d\u00e9but avril. La police ne poss\u00e9dait pas assez d\u2019\u00e9l\u00e9ments permettant de les arr\u00eater mais des faits harc\u00e8lement et de menaces via les r\u00e9seaux sociaux avaient \u00e9t\u00e9 retenus. Cette nouvelle s\u00e9quence va permettre aux forces de l\u2019ordre de faire la lumi\u00e8re sur cette affaire. La victime et les quatre filles accus\u00e9es de harc\u00e8lement se connaissent de l\u2019\u00e9cole. Un diff\u00e9rend aurait \u00e9clat\u00e9 sur les r\u00e9seaux sociaux. \u00abIl y aurait eu des r\u00e9flexions faites qui ont d\u00e9plu aux quatre filles, qui ont alors pris en grippe la victime, autrice des messages\u00bb, raconte une source polici\u00e8re. Depuis, le groupe des quatre lui m\u00e8ne la vie dure.<\/p>\n","protected":false},"excerpt":{"rendered":"Elles lui ont demand\u00e9 de l\u2019argent et des v\u00eatements. Une dispute sur Snapchat serait le d\u00e9clencheur de ces&hellip;\n","protected":false},"author":2,"featured_media":122083,"comment_status":"","ping_status":"","sticky":false,"template":"","format":"standard","meta":{"footnotes":""},"categories":[2818],"tags":[1111,11,1777,674,462,1011,27,3668,2640,2642,766,2638,2643,2637,2639,2646,2645,2641,2635,2644,2647,12,2636,25],"class_list":{"0":"post-122082","1":"post","2":"type-post","3":"status-publish","4":"format-standard","5":"has-post-thumbnail","7":"category-nantes","8":"tag-actu","9":"tag-actualites","10":"tag-eu","11":"tag-europe","12":"tag-fc-nantes","13":"tag-fr","14":"tag-france","15":"tag-harcelement","16":"tag-hauts-paves-saint-felix","17":"tag-ile-de-nantes","18":"tag-nantes","19":"tag-nantes-bellevue-chantenay-sainte-anne","20":"tag-nantes-breil-barberie","21":"tag-nantes-centre-ville","22":"tag-nantes-dervallieres-zola","23":"tag-nantes-doulon-bottiere","24":"tag-nantes-erdre","25":"tag-nantes-malakoff-saint-donatien","26":"tag-nantes-metropole","27":"tag-nantes-nord","28":"tag-nantes-sud","29":"tag-news","30":"tag-pays-de-la-loire","31":"tag-republique-francaise"},"share_on_mastodon":{"url":"https:\/\/pubeurope.com\/@fr\/114557442048693021","error":""},"_links":{"self":[{"href":"https:\/\/www.europesays.com\/fr\/wp-json\/wp\/v2\/posts\/122082","targetHints":{"allow":["GET"]}}],"collection":[{"href":"https:\/\/www.europesays.com\/fr\/wp-json\/wp\/v2\/posts"}],"about":[{"href":"https:\/\/www.europesays.com\/fr\/wp-json\/wp\/v2\/types\/post"}],"author":[{"embeddable":true,"href":"https:\/\/www.europesays.com\/fr\/wp-json\/wp\/v2\/users\/2"}],"replies":[{"embeddable":true,"href":"https:\/\/www.europesays.com\/fr\/wp-json\/wp\/v2\/comments?post=122082"}],"version-history":[{"count":0,"href":"https:\/\/www.europesays.com\/fr\/wp-json\/wp\/v2\/posts\/122082\/revisions"}],"wp:featuredmedia":[{"embeddable":true,"href":"https:\/\/www.europesays.com\/fr\/wp-json\/wp\/v2\/media\/122083"}],"wp:attachment":[{"href":"https:\/\/www.europesays.com\/fr\/wp-json\/wp\/v2\/media?parent=122082"}],"wp:term":[{"taxonomy":"category","embeddable":true,"href":"https:\/\/www.europesays.com\/fr\/wp-json\/wp\/v2\/categories?post=122082"},{"taxonomy":"post_tag","embeddable":true,"href":"https:\/\/www.europesays.com\/fr\/wp-json\/wp\/v2\/tags?post=122082"}],"curies":[{"name":"wp","href":"https:\/\/api.w.org\/{rel}","templated":true}]}}