{"id":122092,"date":"2025-05-23T13:47:08","date_gmt":"2025-05-23T13:47:08","guid":{"rendered":"https:\/\/www.europesays.com\/fr\/122092\/"},"modified":"2025-05-23T13:47:08","modified_gmt":"2025-05-23T13:47:08","slug":"toulouse-fc-la-campagne-dabonnement-2025-2026-est-lancee-un-nouveau-pass-avec-pleins-davantages","status":"publish","type":"post","link":"https:\/\/www.europesays.com\/fr\/122092\/","title":{"rendered":"Toulouse FC. La campagne d&rsquo;abonnement 2025-2026 est lanc\u00e9e, un nouveau pass avec pleins d&rsquo;avantages"},"content":{"rendered":"<p>            Par<br \/>\n        <strong><br \/>\n            <a href=\"https:\/\/actu.fr\/auteur\/lucie-2\" title=\"Consulter tous les articles de Lucie Fraisse\" rel=\"nofollow noopener\" target=\"_blank\">Lucie Fraisse<\/a><br \/>\n        <\/strong><\/p>\n<p>        Publi\u00e9 le<\/p>\n<p>            23 mai 2025 \u00e0 15h17        <\/p>\n<p>La saison de <strong>Ligue\u00a01 de football<\/strong> n\u2019est pas encore termin\u00e9e, mais le <a href=\"https:\/\/actu.fr\/tag\/toulouse-football-club-tfc\" rel=\"nofollow noopener\" target=\"_blank\">Toulouse football club<\/a> lance d\u00e9j\u00e0 sa campagne d\u2019<strong>abonnement pour 2025-2026<\/strong>.<\/p>\n<p>16\u2009000 supporters lors de la derni\u00e8re saison<\/p>\n<p class=\" wall-content\">16\u2009000 supporters des Violets avaient souscrit <strong>un abonnement pour 2024-2025<\/strong>. Seront-ils aussi nombreux pour la saison qui s\u2019annonce\u2009?<\/p>\n<p class=\" wall-content\">Les passionn\u00e9s ont en tout cas int\u00e9r\u00eat \u00e0 se bouger rapidement\u2009: l\u2019offre mise en place en cette fin mai permet en effet de profiter de <strong>20\u00a0euros de r\u00e9duction<\/strong> sur le tarif de l\u2019abonnement. Un petit cadeau qui ne sera plus valable \u00e0 partir du 1er\u00a0juillet 2025.<\/p>\n<p>\u00c0 partir de 159\u00a0euros<\/p>\n<p class=\" wall-content\">C\u00f4t\u00e9 tarifs, le prix de l\u2019offre la plus accessible reste inchang\u00e9, \u00e0 159\u00a0euros. Les places les plus ch\u00e8res, en tribune Capitole, sont \u00e0 899\u00a0euros l\u2019ann\u00e9e.<\/p>\n<p class=\" wall-content\">Petite nouveaut\u00e9 de cette nouvelle saison, le<strong> \u00ab\u2009Pass totjorn Mai\u2009\u00bb<\/strong>, qui remplace les Pass Viola et Forza Viola. Un pass disponible en compl\u00e9ment de l\u2019abonnement qui offre des avantages aux supporters\u2009: remises en boutiques\u2009; rencontres avec les joueurs\u2009; kit du supporter\u2009; acc\u00e8s au 1er match de la Coupe de France \u00e0 domicile sans suppl\u00e9ment\u2026 Il faut d\u00e9bourser <strong>30\u00a0euros<\/strong> pour l\u2019obtenir (en plus du prix de l\u2019abonnement).<\/p>\n<p>Vid\u00e9os : en ce moment sur Actu<\/p>\n<p class=\" wall-content\">Comme les ann\u00e9es pr\u00e9c\u00e9dentes, le TFC propose le paiement en 10\u00a0fois sans frais ou en comptant et par carte bancaire<\/p>\n<p>Infos pratiques\u2009:<br \/>\nRendez-vous sur le site du<a href=\"https:\/\/billetterie.toulousefc.com\/fr\/abonnements-2025-2026?utm_source=Splio&amp;utm_medium=BIL-6001-1ST+MAIL+ABO2526+GP-SPLIO-210525&amp;utm_id=BIL-6001-1ST+MAIL+ABO2526+GP-SPLIO-210525\" rel=\"nofollow noopener\" target=\"_blank\"> Toulouse football club<\/a>.<\/p>\n<p class=\" wall-content\">Suivez toute l\u2019actualit\u00e9 de vos villes et m\u00e9dias favoris en vous inscrivant \u00e0 <a href=\"https:\/\/moncompte.actu.fr\" title=\"D\u00e9couvez Mon Actu\" rel=\"nofollow noopener\" data-trk=\"{&quot;cta&quot;:{&quot;action&quot;:&quot;https:\\\/\\\/moncompte.actu.fr&quot;,&quot;category&quot;:&quot;mon compte&quot;,&quot;from&quot;:&quot;article footer&quot;,&quot;name&quot;:&quot;Mon actu&quot;,&quot;type&quot;:&quot;cta&quot;}}\" target=\"_blank\">Mon Actu<\/a>.<\/p>\n<ul class=\"ac-article-tag wall-content\">\n<li><a href=\"https:\/\/actu.fr\/tag\/toulouse-football-club-tfc\" data-trk=\"{&quot;cta&quot;:{&quot;action&quot;:&quot;Toulouse Football Club (TFC)&quot;,&quot;category&quot;:&quot;tag&quot;,&quot;from&quot;:&quot;article footer&quot;,&quot;name&quot;:&quot;Toulouse Football Club (TFC)&quot;,&quot;type&quot;:&quot;cta&quot;}}\" rel=\"nofollow noopener\" target=\"_blank\">#Toulouse Football Club (TFC)<\/a><\/li>\n<\/ul>\n","protected":false},"excerpt":{"rendered":"Par Lucie Fraisse Publi\u00e9 le 23 mai 2025 \u00e0 15h17 La saison de Ligue\u00a01 de football n\u2019est pas&hellip;\n","protected":false},"author":2,"featured_media":122093,"comment_status":"","ping_status":"","sticky":false,"template":"","format":"standard","meta":{"footnotes":""},"categories":[2816],"tags":[1111,11,1777,674,63,1011,27,12,2680,25,60,2312,4159],"class_list":{"0":"post-122092","1":"post","2":"type-post","3":"status-publish","4":"format-standard","5":"has-post-thumbnail","7":"category-toulouse","8":"tag-actu","9":"tag-actualites","10":"tag-eu","11":"tag-europe","12":"tag-football","13":"tag-fr","14":"tag-france","15":"tag-news","16":"tag-occitanie","17":"tag-republique-francaise","18":"tag-sports","19":"tag-toulouse","20":"tag-toulouse-football-club-tfc"},"share_on_mastodon":{"url":"https:\/\/pubeurope.com\/@fr\/114557461656307452","error":""},"_links":{"self":[{"href":"https:\/\/www.europesays.com\/fr\/wp-json\/wp\/v2\/posts\/122092","targetHints":{"allow":["GET"]}}],"collection":[{"href":"https:\/\/www.europesays.com\/fr\/wp-json\/wp\/v2\/posts"}],"about":[{"href":"https:\/\/www.europesays.com\/fr\/wp-json\/wp\/v2\/types\/post"}],"author":[{"embeddable":true,"href":"https:\/\/www.europesays.com\/fr\/wp-json\/wp\/v2\/users\/2"}],"replies":[{"embeddable":true,"href":"https:\/\/www.europesays.com\/fr\/wp-json\/wp\/v2\/comments?post=122092"}],"version-history":[{"count":0,"href":"https:\/\/www.europesays.com\/fr\/wp-json\/wp\/v2\/posts\/122092\/revisions"}],"wp:featuredmedia":[{"embeddable":true,"href":"https:\/\/www.europesays.com\/fr\/wp-json\/wp\/v2\/media\/122093"}],"wp:attachment":[{"href":"https:\/\/www.europesays.com\/fr\/wp-json\/wp\/v2\/media?parent=122092"}],"wp:term":[{"taxonomy":"category","embeddable":true,"href":"https:\/\/www.europesays.com\/fr\/wp-json\/wp\/v2\/categories?post=122092"},{"taxonomy":"post_tag","embeddable":true,"href":"https:\/\/www.europesays.com\/fr\/wp-json\/wp\/v2\/tags?post=122092"}],"curies":[{"name":"wp","href":"https:\/\/api.w.org\/{rel}","templated":true}]}}