{"id":122094,"date":"2025-05-23T13:48:26","date_gmt":"2025-05-23T13:48:26","guid":{"rendered":"https:\/\/www.europesays.com\/fr\/122094\/"},"modified":"2025-05-23T13:48:26","modified_gmt":"2025-05-23T13:48:26","slug":"de-nouveaux-elements-suite-a-lagression-de-pompiers-a-saint-pol-sur-mer","status":"publish","type":"post","link":"https:\/\/www.europesays.com\/fr\/122094\/","title":{"rendered":"De nouveaux \u00e9l\u00e9ments suite \u00e0 l\u2019agression de pompiers \u00e0 Saint-Pol-sur-Mer"},"content":{"rendered":"<p><img decoding=\"async\" class=\"\" style=\"width:100%;max-width:100%\" src=\"https:\/\/www.europesays.com\/fr\/wp-content\/uploads\/2025\/05\/Photo_pompiers_agresses1747834169536-format16by9.jpg\" alt=\"SDIS 59\"\/><\/p>\n<p>La direction des pompiers du Nord soutient les pompiers agress\u00e9s. <\/p>\n<p>Cr\u00e9dit : SDIS 59<\/p>\n<p data-syno-attrs=\"{&quot;textMarks&quot;:[{&quot;_&quot;:&quot;font_size&quot;,&quot;value&quot;:&quot;14pt&quot;},{&quot;_&quot;:&quot;font_family&quot;,&quot;value&quot;:&quot;Times New Roman&quot;}]}\"><strong>Retour sur l&rsquo;agression de pompiers, c&rsquo;\u00e9tait dans la nuit de lundi \u00e0 mardi.\u00a0<\/strong><\/p>\n<p data-syno-attrs=\"{&quot;textMarks&quot;:[{&quot;_&quot;:&quot;font_size&quot;,&quot;value&quot;:&quot;14pt&quot;},{&quot;_&quot;:&quot;font_family&quot;,&quot;value&quot;:&quot;Times New Roman&quot;}]}\">Nous vous en avions d\u00e9j\u00e0 parl\u00e9 sur Delta FM. Les pompiers de Fort-Mardyck ont \u00e9t\u00e9 victimes d\u2019une agression lors d\u2019une intervention \u00e0 Saint-Pol, dans la nuit de lundi \u00e0 mardi. Vers 3h50, une femme de 23 ans a frapp\u00e9 plusieurs secouristes, qui \u00e9taient pourtant l\u00e0 pour l\u2019aider. Des plaintes ont \u00e9t\u00e9 d\u00e9pos\u00e9es. Et la direction des pompiers du Nord, le SDIS 59, a vivement r\u00e9agi.<\/p>\n<p data-syno-attrs=\"{&quot;textMarks&quot;:[{&quot;_&quot;:&quot;font_size&quot;,&quot;value&quot;:&quot;14pt&quot;},{&quot;_&quot;:&quot;font_family&quot;,&quot;value&quot;:&quot;Times New Roman&quot;}]}\">Il faut dire que l\u2019agression ne s\u2019est pas faite qu\u2019\u00e0 moiti\u00e9, les violences ont \u00e9t\u00e9 d\u2019une force inou\u00efe, l\u2019une des secouristes a m\u00eame eu une \u00e9paule d\u00e9mise, elle a termin\u00e9 sa journ\u00e9e \u00e0 l\u2019h\u00f4pital de Dunkerque. <\/p>\n<p data-syno-attrs=\"{&quot;textMarks&quot;:[{&quot;_&quot;:&quot;font_size&quot;,&quot;value&quot;:&quot;14pt&quot;},{&quot;_&quot;:&quot;font_family&quot;,&quot;value&quot;:&quot;Times New Roman&quot;}]}\">Le Pr\u00e9sident du SDIS 59, Jacques Houssin, et le colonel Weclawiak parlent d\u2019une agression inadmissible. Ils apportent leur total soutien aux sapeurs-pompiers de Fort-Mardyck, et plus particuli\u00e8rement \u00e0 celle qui a donc \u00e9t\u00e9 le plus bless\u00e9e, \u00e0 l\u2019\u00e9paule.<\/p>\n<p>Agression physique et verbale, des crachats<\/p>\n<p data-syno-attrs=\"{&quot;textMarks&quot;:[{&quot;_&quot;:&quot;font_size&quot;,&quot;value&quot;:&quot;14pt&quot;},{&quot;_&quot;:&quot;font_family&quot;,&quot;value&quot;:&quot;Times New Roman&quot;}]}\">Les premiers \u00e9l\u00e9ments de l\u2019enqu\u00eate permettent d\u2019en savoir plus sur ce qui s\u2019est pass\u00e9. Celle qui \u00e9tait \u00e0 la base la victime, les secours \u00e9taient l\u00e0 pour l\u2019aider apr\u00e8s un malaise, \u00e9tait allong\u00e9e sur un brancard. Et c\u2019est \u00e0 ce moment-l\u00e0 qu\u2019elle s\u2019est mise \u00e0 se d\u00e9battre, \u00e0 donner des coups de poing, des coups de pied. Les sapeurs-pompiers sont frapp\u00e9s au visage, au ventre. L\u2019agression se terminera par des crachats et des insultes. <\/p>\n<p data-syno-attrs=\"{&quot;textMarks&quot;:[{&quot;_&quot;:&quot;font_size&quot;,&quot;value&quot;:&quot;14pt&quot;},{&quot;_&quot;:&quot;font_family&quot;,&quot;value&quot;:&quot;Times New Roman&quot;}]}\">Finalement, les victimes, ce sont bien les pompiers, ils ont \u00e9t\u00e9 d\u00e9poser plainte. L\u2019agresseuse a \u00e9t\u00e9 interpell\u00e9e, plac\u00e9e en garde \u00e0 vue pour violences volontaires sur des personnes charg\u00e9es de mission de service public. Elle est actuellement plac\u00e9e sous contr\u00f4le judiciaire en attente de son proc\u00e8s. <\/p>\n<p data-syno-attrs=\"{&quot;textMarks&quot;:[{&quot;_&quot;:&quot;font_size&quot;,&quot;value&quot;:&quot;12pt&quot;},{&quot;_&quot;:&quot;font_family&quot;,&quot;value&quot;:&quot;Times New Roman&quot;}]}\">Jacques Houssin d\u00e9nonce le caract\u00e8re inadmissible de tels actes. \u00ab\u00a0S\u2019attaquer aux sapeurs-pompiers, c\u2019est s\u2019attaquer \u00e0 la R\u00e9publique\u00a0\u00bb.<\/p>\n<p data-syno-attrs=\"{&quot;textMarks&quot;:[{&quot;_&quot;:&quot;font_size&quot;,&quot;value&quot;:&quot;12pt&quot;},{&quot;_&quot;:&quot;font_family&quot;,&quot;value&quot;:&quot;Times New Roman&quot;}]}\">\u00a0<\/p>\n","protected":false},"excerpt":{"rendered":"La direction des pompiers du Nord soutient les pompiers agress\u00e9s. Cr\u00e9dit : SDIS 59 Retour sur l&rsquo;agression de&hellip;\n","protected":false},"author":2,"featured_media":122095,"comment_status":"","ping_status":"","sticky":false,"template":"","format":"standard","meta":{"footnotes":""},"categories":[2815],"tags":[1111,11,1120,24391,20389,14637,1067,1777,674,24388,1011,27,7774,811,24390,1307,12,2634,1311,2694,15599,25,24386,24387,24389,17311,7618,9418,2949],"class_list":{"0":"post-122094","1":"post","2":"type-post","3":"status-publish","4":"format-standard","5":"has-post-thumbnail","7":"category-lille","8":"tag-actu","9":"tag-actualites","10":"tag-agression","11":"tag-colonel-weclawiak","12":"tag-controle-judiciaire","13":"tag-delta-fm","14":"tag-enquete","15":"tag-eu","16":"tag-europe","17":"tag-fort-mardyck","18":"tag-fr","19":"tag-france","20":"tag-garde-a-vue","21":"tag-hauts-de-france","22":"tag-jacques-houssin","23":"tag-lille","24":"tag-news","25":"tag-plainte","26":"tag-pompiers","27":"tag-proces","28":"tag-republique","29":"tag-republique-francaise","30":"tag-saint-pol-sur-mer","31":"tag-sdis-59","32":"tag-secouristes","33":"tag-service-public","34":"tag-soutien","35":"tag-victime","36":"tag-violences"},"share_on_mastodon":{"url":"https:\/\/pubeurope.com\/@fr\/114557465676352168","error":""},"_links":{"self":[{"href":"https:\/\/www.europesays.com\/fr\/wp-json\/wp\/v2\/posts\/122094","targetHints":{"allow":["GET"]}}],"collection":[{"href":"https:\/\/www.europesays.com\/fr\/wp-json\/wp\/v2\/posts"}],"about":[{"href":"https:\/\/www.europesays.com\/fr\/wp-json\/wp\/v2\/types\/post"}],"author":[{"embeddable":true,"href":"https:\/\/www.europesays.com\/fr\/wp-json\/wp\/v2\/users\/2"}],"replies":[{"embeddable":true,"href":"https:\/\/www.europesays.com\/fr\/wp-json\/wp\/v2\/comments?post=122094"}],"version-history":[{"count":0,"href":"https:\/\/www.europesays.com\/fr\/wp-json\/wp\/v2\/posts\/122094\/revisions"}],"wp:featuredmedia":[{"embeddable":true,"href":"https:\/\/www.europesays.com\/fr\/wp-json\/wp\/v2\/media\/122095"}],"wp:attachment":[{"href":"https:\/\/www.europesays.com\/fr\/wp-json\/wp\/v2\/media?parent=122094"}],"wp:term":[{"taxonomy":"category","embeddable":true,"href":"https:\/\/www.europesays.com\/fr\/wp-json\/wp\/v2\/categories?post=122094"},{"taxonomy":"post_tag","embeddable":true,"href":"https:\/\/www.europesays.com\/fr\/wp-json\/wp\/v2\/tags?post=122094"}],"curies":[{"name":"wp","href":"https:\/\/api.w.org\/{rel}","templated":true}]}}