{"id":122098,"date":"2025-05-23T13:50:10","date_gmt":"2025-05-23T13:50:10","guid":{"rendered":"https:\/\/www.europesays.com\/fr\/122098\/"},"modified":"2025-05-23T13:50:10","modified_gmt":"2025-05-23T13:50:10","slug":"le-differend-entre-automobilistes-finit-en-coups-de-couteau","status":"publish","type":"post","link":"https:\/\/www.europesays.com\/fr\/122098\/","title":{"rendered":"Le diff\u00e9rend entre automobilistes finit en coups de couteau"},"content":{"rendered":"<p>Un trentenaire a \u00e9t\u00e9 rou\u00e9 de coups dans la nuit de jeudi \u00e0 vendredi \u00e0 <a href=\"https:\/\/www.laprovence.com\/article\/region\/2701776798143814\/marseille-a-frais-vallon-se-dessine-le-futur-trace-du-bus-a-haut-niveau-de-service-b4\" target=\"_blank\" rel=\"nofollow noopener\">Frais Vallon<\/a>, avant de recevoir des coups de couteau. C&rsquo;est \u00e0 l&rsquo;<a href=\"https:\/\/www.laprovence.com\/article\/region\/1409969735957114\/marseille-a-malpasse-lavenir-de-laveran-est-lune-des-grandes-preoccupations-des-habitants\" target=\"_blank\" rel=\"nofollow noopener\">h\u00f4pital Lav\u00e9ran<\/a>, dans le 13e arrondissement de Marseille, que les policiers ont retrouv\u00e9 la victime bless\u00e9e par arme blanche dans la nuit de jeudi \u00e0 vendredi, mais les faits se seraient produits un peu plus t\u00f4t dans la soir\u00e9e du c\u00f4t\u00e9 de Frais Vallon.<\/p>\n<p>Tout aurait commenc\u00e9 par un <a href=\"https:\/\/www.laprovence.com\/article\/faits-divers-justice\/3153649117024714\/le-differend-entre-automobilistes-se-termine-en-coups-de-marteau-et-de-barre-de-fer\" target=\"_blank\" rel=\"nofollow noopener\">diff\u00e9rend entre automobilistes<\/a> qui a d\u00e9g\u00e9n\u00e9r\u00e9 au point que les trois occupants d&rsquo;un v\u00e9hicule seraient descendus de leur voiture pour infliger une correction \u00e0 la victime.<\/p>\n<p>L&rsquo;automobiliste aurait alors \u00e9t\u00e9 rou\u00e9 de coups, avant que l&rsquo;un de ses assaillants ne lui ass\u00e8ne des <a href=\"https:\/\/www.laprovence.com\/article\/faits-divers-justice\/2426916927462514\/info-la-provence-un-homme-blesse-de-plusieurs-coups-de-couteau-dans-le-quartier-saint-loup-a-marseille\" target=\"_blank\" rel=\"nofollow noopener\">coups de couteau<\/a>.<\/p>\n<p>La vie de la victime, \u00e2g\u00e9e de 30 ans, ne serait pas en danger. Quant aux auteurs pr\u00e9sum\u00e9s de l&rsquo;agression, ils demeurent pour l&rsquo;instant introuvables.<\/p>\n","protected":false},"excerpt":{"rendered":"Un trentenaire a \u00e9t\u00e9 rou\u00e9 de coups dans la nuit de jeudi \u00e0 vendredi \u00e0 Frais Vallon, avant&hellip;\n","protected":false},"author":2,"featured_media":122099,"comment_status":"","ping_status":"","sticky":false,"template":"","format":"standard","meta":{"footnotes":""},"categories":[2814],"tags":[17,1111,11,4691,854,5264,22268,2834,1777,674,274,8928,1011,27,884,12,882,25],"class_list":{"0":"post-122098","1":"post","2":"type-post","3":"status-publish","4":"format-standard","5":"has-post-thumbnail","7":"category-marseille","8":"tag-17","9":"tag-actu","10":"tag-actualites","11":"tag-automobilistes","12":"tag-coups","13":"tag-couteau","14":"tag-differend","15":"tag-entre","16":"tag-eu","17":"tag-europe","18":"tag-faits-divers-justice","19":"tag-finit","20":"tag-fr","21":"tag-france","22":"tag-marseille","23":"tag-news","24":"tag-provence-alpes-cote-dazur","25":"tag-republique-francaise"},"share_on_mastodon":{"url":"https:\/\/pubeurope.com\/@fr\/114557473480850117","error":""},"_links":{"self":[{"href":"https:\/\/www.europesays.com\/fr\/wp-json\/wp\/v2\/posts\/122098","targetHints":{"allow":["GET"]}}],"collection":[{"href":"https:\/\/www.europesays.com\/fr\/wp-json\/wp\/v2\/posts"}],"about":[{"href":"https:\/\/www.europesays.com\/fr\/wp-json\/wp\/v2\/types\/post"}],"author":[{"embeddable":true,"href":"https:\/\/www.europesays.com\/fr\/wp-json\/wp\/v2\/users\/2"}],"replies":[{"embeddable":true,"href":"https:\/\/www.europesays.com\/fr\/wp-json\/wp\/v2\/comments?post=122098"}],"version-history":[{"count":0,"href":"https:\/\/www.europesays.com\/fr\/wp-json\/wp\/v2\/posts\/122098\/revisions"}],"wp:featuredmedia":[{"embeddable":true,"href":"https:\/\/www.europesays.com\/fr\/wp-json\/wp\/v2\/media\/122099"}],"wp:attachment":[{"href":"https:\/\/www.europesays.com\/fr\/wp-json\/wp\/v2\/media?parent=122098"}],"wp:term":[{"taxonomy":"category","embeddable":true,"href":"https:\/\/www.europesays.com\/fr\/wp-json\/wp\/v2\/categories?post=122098"},{"taxonomy":"post_tag","embeddable":true,"href":"https:\/\/www.europesays.com\/fr\/wp-json\/wp\/v2\/tags?post=122098"}],"curies":[{"name":"wp","href":"https:\/\/api.w.org\/{rel}","templated":true}]}}