{"id":122102,"date":"2025-05-23T13:52:18","date_gmt":"2025-05-23T13:52:18","guid":{"rendered":"https:\/\/www.europesays.com\/fr\/122102\/"},"modified":"2025-05-23T13:52:18","modified_gmt":"2025-05-23T13:52:18","slug":"rhone-normal-ouvre-un-nouveau-magasin-ce-mardi-au-sud-de-lyon","status":"publish","type":"post","link":"https:\/\/www.europesays.com\/fr\/122102\/","title":{"rendered":"Rh\u00f4ne. Normal ouvre un nouveau magasin ce mardi au sud de Lyon"},"content":{"rendered":"<p>Apr\u00e8s Part Dieu, Confluence puis la rue de la R\u00e9publique \u00e0 Lyon, en juin 2023, Normal ouvre un nouveau magasin \u00e0 Givors ce mardi 27 mai. Un projet lanc\u00e9 il y a d\u00e9j\u00e0 pr\u00e8s de deux ans, qui a pris du retard en raison d\u2019un premier avis d\u00e9favorable de la commission d\u00e9partementale d\u2019am\u00e9nagement commercial.<\/p>\n<p>La soci\u00e9t\u00e9 KC 4 SNC avait d\u00e9pos\u00e9, au nom de Normal, une demande d\u2019autorisation pour un magasin d\u2019une superficie de 1 014,55 m 2. Le projet avait finalement \u00e9t\u00e9 <a href=\"https:\/\/www.leprogres.fr\/economie\/2023\/11\/20\/givors-2-vallees-normal-veut-ouvrir-un-magasin-a-prix-casses\" target=\"_blank\" rel=\"noopener\">revu \u00e0 la baisse<\/a> et accept\u00e9 l\u2019an dernier. La nouvelle boutique aura une surface de vente de 563 m 2 , g\u00e9n\u00e9rant la cr\u00e9ation d\u2019une dizaine d\u2019emplois.<\/p>\n<p>Ce contenu est bloqu\u00e9 car vous n&rsquo;avez pas accept\u00e9 les cookies et autres traceurs.<\/p>\n<p>En cliquant sur \u00ab J\u2019accepte \u00bb, les cookies et autres traceurs seront d\u00e9pos\u00e9s et vous pourrez visualiser les contenus  (<a href=\"\" class=\"consentModule_policy\" target=\"_blank\" title=\"Consulter la politique de protection des donn\u00e9es du fournisseur\">plus d&rsquo;informations<\/a>).<\/p>\n<p>En cliquant sur \u00ab J\u2019accepte tous les cookies \u00bb, vous autorisez des d\u00e9p\u00f4ts de cookies et autres traceurs pour le stockage de vos donn\u00e9es sur nos sites et applications \u00e0 des fins de personnalisation et de ciblage publicitaire.<\/p>\n<p class=\"consentModule_secondaryText\">Vous gardez la possibilit\u00e9 de retirer votre consentement \u00e0 tout moment en consultant notre <a href=\"https:\/\/www.leprogres.fr\/protection-des-donnees\" target=\"_blank\" title=\"Consulter notre politique de protection des donn\u00e9es\" rel=\"noopener\">politique de protection des donn\u00e9es<\/a>. <br \/>&#13;<br \/>\n            <a href=\"https:\/\/www.leprogres.fr\/economie\/2025\/05\/23\/javascript:Didomi.notice.show()\" class=\"consentModule_cmp\" target=\"_blank\" rel=\"noopener\">G\u00e9rer mes choix<\/a>&#13;\n        <\/p>\n<p>&#13;<br \/>\n                        J&rsquo;accepte&#13;<br \/>\n            J&rsquo;accepte tous les cookies&#13;\n        <\/p>\n<p>  Roue des cadeaux et sacs de goodies<\/p>\n<p>L\u2019enseigne, qui cartonne avec ses produits d\u2019hygi\u00e8ne et de beaut\u00e9 \u00e0 des prix d\u00e9fiant toute concurrence, attire les foules \u00e0 chaque nouvelle ouverture. Ce mardi \u00e0 Givors, l\u2019\u00e9quipe du magasin accueillera comme \u00e0 son habitude les clients avec une roue des cadeaux \u00e0 faire tourner, des chocolats et des petits sacs de \u201cgoodies\u201d pour ceux qui seront pr\u00e9sents d\u00e8s 9 h 30.<\/p>\n<p>Cr\u00e9\u00e9 en 2013 au Danemark, Normal poss\u00e8de 206 boutiques en France, \u00e0 raison d\u2019une ouverture par semaine en moyenne. \u00ab Avec cette nouvelle ouverture, qui sera notre dix-septi\u00e8me de l\u2019ann\u00e9e 2025, nous continuons \u00e0 renforcer notre pr\u00e9sence en France et \u00e0 d\u00e9ployer notre concept sur tout le territoire \u00bb, d\u00e9clare dans un communiqu\u00e9 Torben Mouritsen, PDG de Normal.<\/p>\n<p>Dans le Rh\u00f4ne, il s\u2019agira du cinqui\u00e8me magasin, l\u2019enseigne \u00e9tant aussi install\u00e9e <a href=\"https:\/\/www.leprogres.fr\/economie\/2025\/03\/09\/l-enseigne-normal-est-ce-que-ca-vaut-vraiment-le-coup\" target=\"_blank\" rel=\"noopener\">\u00e0 Villefranche-sur-Sa\u00f4ne<\/a> depuis d\u00e9but 2024. Comme annonc\u00e9 <a href=\"https:\/\/www.leprogres.fr\/economie\/2025\/05\/16\/l-enseigne-normal-s-installe-dans-la-galerie-grand-ouest-a-ecully\" target=\"_blank\" rel=\"noopener\">dans nos colonnes<\/a> , l\u2019enseigne devrait ouvrir au centre commercial d\u2019\u00c9cully Grand Ouest d\u2019ici \u00e0 fin 2025, dans les anciens locaux de Quiksilver.<\/p>\n","protected":false},"excerpt":{"rendered":"Apr\u00e8s Part Dieu, Confluence puis la rue de la R\u00e9publique \u00e0 Lyon, en juin 2023, Normal ouvre un&hellip;\n","protected":false},"author":2,"featured_media":122103,"comment_status":"","ping_status":"","sticky":false,"template":"","format":"standard","meta":{"footnotes":""},"categories":[1889],"tags":[1111,11,2430,4406,130,33,3154,1777,674,107,1011,27,19625,22961,2428,12,25,2429],"class_list":{"0":"post-122102","1":"post","2":"type-post","3":"status-publish","4":"format-standard","5":"has-post-thumbnail","7":"category-lyon","8":"tag-actu","9":"tag-actualites","10":"tag-auvergne-rhone-alpes","11":"tag-commerce-et-services","12":"tag-consommation","13":"tag-economie","14":"tag-edition-sud-lyonnais","15":"tag-eu","16":"tag-europe","17":"tag-fil-info","18":"tag-fr","19":"tag-france","20":"tag-givors","21":"tag-givors-bassin","22":"tag-lyon","23":"tag-news","24":"tag-republique-francaise","25":"tag-rhone"},"share_on_mastodon":{"url":"https:\/\/pubeurope.com\/@fr\/114557481378591511","error":""},"_links":{"self":[{"href":"https:\/\/www.europesays.com\/fr\/wp-json\/wp\/v2\/posts\/122102","targetHints":{"allow":["GET"]}}],"collection":[{"href":"https:\/\/www.europesays.com\/fr\/wp-json\/wp\/v2\/posts"}],"about":[{"href":"https:\/\/www.europesays.com\/fr\/wp-json\/wp\/v2\/types\/post"}],"author":[{"embeddable":true,"href":"https:\/\/www.europesays.com\/fr\/wp-json\/wp\/v2\/users\/2"}],"replies":[{"embeddable":true,"href":"https:\/\/www.europesays.com\/fr\/wp-json\/wp\/v2\/comments?post=122102"}],"version-history":[{"count":0,"href":"https:\/\/www.europesays.com\/fr\/wp-json\/wp\/v2\/posts\/122102\/revisions"}],"wp:featuredmedia":[{"embeddable":true,"href":"https:\/\/www.europesays.com\/fr\/wp-json\/wp\/v2\/media\/122103"}],"wp:attachment":[{"href":"https:\/\/www.europesays.com\/fr\/wp-json\/wp\/v2\/media?parent=122102"}],"wp:term":[{"taxonomy":"category","embeddable":true,"href":"https:\/\/www.europesays.com\/fr\/wp-json\/wp\/v2\/categories?post=122102"},{"taxonomy":"post_tag","embeddable":true,"href":"https:\/\/www.europesays.com\/fr\/wp-json\/wp\/v2\/tags?post=122102"}],"curies":[{"name":"wp","href":"https:\/\/api.w.org\/{rel}","templated":true}]}}