{"id":122105,"date":"2025-05-23T13:54:09","date_gmt":"2025-05-23T13:54:09","guid":{"rendered":"https:\/\/www.europesays.com\/fr\/122105\/"},"modified":"2025-05-23T13:54:09","modified_gmt":"2025-05-23T13:54:09","slug":"ile-de-france-plus-de-100-departs-organises-pour-la-convergence-velo-2025","status":"publish","type":"post","link":"https:\/\/www.europesays.com\/fr\/122105\/","title":{"rendered":"Ile-de-France\u00a0: Plus de 100 d\u00e9parts organis\u00e9s pour la Convergence V\u00e9lo 2025"},"content":{"rendered":"<p>Des milliers de cyclistes organis\u00e9s en 115 convois depuis la banlieue, sont attendus ce dimanche 25 mai en Ile-de-France, pour la 17\u1d49 \u00e9dition de la Convergence V\u00e9lo.<\/p>\n<p>Inspir\u00e9 du circuit en \u00e9toile Berlin-Brandenburg, qui a r\u00e9uni jusqu\u2019\u00e0 250 000 cyclistes, la Convergence v\u00e9lo, organis\u00e9e est le plus grand rassemblement cycliste d\u2019Ile-de-France. La participation varie en fonction du temps mais a culmin\u00e9 \u00e0 8 000 avant la crise sanitaire. En 2024, 3500 cyclistes ont r\u00e9pondu \u00e0 l\u2019appel. A l\u2019initiative : l\u2019association Mieux Se D\u00e9placer \u00e0 Bicyclette qui revendique 3 000 adh\u00e9rents et 80 antennes dans la r\u00e9gion.<\/p>\n<p>Le principe : des association ou collectifs organisent des d\u00e9parts d\u2019un peu partout dans la banlieue, pour converger vers Paris en suivant des parcours balis\u00e9s et encadr\u00e9s par des b\u00e9n\u00e9voles. L\u2019arriv\u00e9e est pr\u00e9vue \u00e0 partir de midi sur l\u2019avenue de Saxe, avant d\u2019emprunter de mettre le cap vers l\u2019Arc de Triomphe pour la parade qui d\u00e9butera \u00e0 14h30. Le pique-nique du midi se tiendra sur la pelouse des jardins de Breteuil.<\/p>\n<p>Avec 115 d\u00e9parts organis\u00e9s en \u00cele-de-France, dont une trentaine dans le Val-de-Marne, les cort\u00e8ges suivront six itin\u00e9raires avant d\u2019envahir les rues de la capitale.<strong> <\/strong>\u201cRassembler des personnes de 7 \u00e0 107 ans autour d\u2019une journ\u00e9e v\u00e9lo\u201d<strong>, <\/strong>telle est l\u2019ambition des organisateurs. L\u2019enjeu n\u2019est pas d\u2019aller vite mais de stimuler les \u00e9changes et la convivialit\u00e9, et de rouler en s\u00e9curit\u00e9.<\/p>\n<p><a href=\"https:\/\/94.citoyens.com\/wp-content\/blogs.dir\/2\/files\/2025\/05\/convergence-velo.jpg\" target=\"_blank\" rel=\"noopener\"><img fetchpriority=\"high\" decoding=\"async\" width=\"1024\" height=\"694\" src=\"https:\/\/www.europesays.com\/fr\/wp-content\/uploads\/2025\/05\/convergence-velo-1024x694.jpg\" alt=\"\" class=\"wp-image-345486\"  \/><\/a>Melun, Houdan, Mantes-la-Jolie\u2026 certains cyclistes vont parcourir pr\u00e8s de 100 km pour la Convergence v\u00e9lo ce dimanche 25 mai.<\/p>\n<p>L\u2019organisation repose sur 250 b\u00e9n\u00e9voles mobilis\u00e9s dont une centaine de r\u00e9f\u00e9rents s\u00e9curit\u00e9, reconnaissables \u00e0 leur gilet bleu. Les parcours seront balis\u00e9s d\u2019une couleur sp\u00e9cifique en fonction des six diff\u00e9rentes branches (bleu pour le Val-de-Marne). Ces couleurs, que chaque participant doit porter selon son itin\u00e9raire, permettront aux cyclistes d\u2019une m\u00eame zone de se reconna\u00eetre et de rentrer ensemble par la suite. Des retours seront organis\u00e9s \u00e0 v\u00e9lo pour certaines branches, d\u2019autres en Transilien et RER o\u00f9 les v\u00e9los sont autoris\u00e9s \u00e0 bord le dimanche.<\/p>\n<p>Au-del\u00e0 du c\u00f4t\u00e9 festif, l\u2019enjeu est de mobiliser sur la qualit\u00e9 et continuit\u00e9 des parcours cyclables, notamment l\u2019acc\u00e9l\u00e9ration des projets en cours comme le r\u00e9seau Vif. \u00c0 terme, 11 itin\u00e9raires totalisant 750 km de pistes cyclables s\u00e9curis\u00e9es permettront de traverser l\u2019\u00cele-de-France \u00e0 v\u00e9lo. La premi\u00e8re phase touche \u00e0 sa fin cette ann\u00e9e, avec 70 % des 450 km pr\u00e9vus d\u00e9j\u00e0 r\u00e9alis\u00e9s. Certains projets de la phase 2, dont l\u2019ach\u00e8vement est pr\u00e9vu en 2030, ont d\u00e9j\u00e0 d\u00e9but\u00e9, offrant une avance sur plusieurs tron\u00e7ons.<\/p>\n<p>Lire aussi :<\/p><\/p>\n","protected":false},"excerpt":{"rendered":"Des milliers de cyclistes organis\u00e9s en 115 convois depuis la banlieue, sont attendus ce dimanche 25 mai en&hellip;\n","protected":false},"author":2,"featured_media":122106,"comment_status":"","ping_status":"","sticky":false,"template":"","format":"standard","meta":{"footnotes":""},"categories":[1592],"tags":[1111,11,7552,24392,3625,15089,24393,22098,10628,23527,24394,1777,674,1011,27,662,24395,12,626,16589,24396,24397,3919,25,24398,24399,1125,208,3459,21683],"class_list":{"0":"post-122105","1":"post","2":"type-post","3":"status-publish","4":"format-standard","5":"has-post-thumbnail","7":"category-ile-de-france","8":"tag-actu","9":"tag-actualites","10":"tag-balade","11":"tag-balade-a-velo","12":"tag-banlieue","13":"tag-benevoles","14":"tag-collectif-velo-ile-de-france","15":"tag-cycliste","16":"tag-cyclistes","17":"tag-developpement-durable","18":"tag-developpement-territorial","19":"tag-eu","20":"tag-europe","21":"tag-fr","22":"tag-france","23":"tag-ile-de-france","24":"tag-maison-du-velo","25":"tag-news","26":"tag-paris","27":"tag-pique-nique","28":"tag-place-au-velo","29":"tag-plan-velo","30":"tag-rassemblement","31":"tag-republique-francaise","32":"tag-rer-velo","33":"tag-tous-a-velo","34":"tag-val-de-marne","35":"tag-velo","36":"tag-velo-electrique","37":"tag-vincennes"},"share_on_mastodon":{"url":"https:\/\/pubeurope.com\/@fr\/114557489285200131","error":""},"_links":{"self":[{"href":"https:\/\/www.europesays.com\/fr\/wp-json\/wp\/v2\/posts\/122105","targetHints":{"allow":["GET"]}}],"collection":[{"href":"https:\/\/www.europesays.com\/fr\/wp-json\/wp\/v2\/posts"}],"about":[{"href":"https:\/\/www.europesays.com\/fr\/wp-json\/wp\/v2\/types\/post"}],"author":[{"embeddable":true,"href":"https:\/\/www.europesays.com\/fr\/wp-json\/wp\/v2\/users\/2"}],"replies":[{"embeddable":true,"href":"https:\/\/www.europesays.com\/fr\/wp-json\/wp\/v2\/comments?post=122105"}],"version-history":[{"count":0,"href":"https:\/\/www.europesays.com\/fr\/wp-json\/wp\/v2\/posts\/122105\/revisions"}],"wp:featuredmedia":[{"embeddable":true,"href":"https:\/\/www.europesays.com\/fr\/wp-json\/wp\/v2\/media\/122106"}],"wp:attachment":[{"href":"https:\/\/www.europesays.com\/fr\/wp-json\/wp\/v2\/media?parent=122105"}],"wp:term":[{"taxonomy":"category","embeddable":true,"href":"https:\/\/www.europesays.com\/fr\/wp-json\/wp\/v2\/categories?post=122105"},{"taxonomy":"post_tag","embeddable":true,"href":"https:\/\/www.europesays.com\/fr\/wp-json\/wp\/v2\/tags?post=122105"}],"curies":[{"name":"wp","href":"https:\/\/api.w.org\/{rel}","templated":true}]}}