{"id":122119,"date":"2025-05-23T14:01:08","date_gmt":"2025-05-23T14:01:08","guid":{"rendered":"https:\/\/www.europesays.com\/fr\/122119\/"},"modified":"2025-05-23T14:01:08","modified_gmt":"2025-05-23T14:01:08","slug":"mise-au-ban-apres-linvasion-de-lukraine-la-soprano-russe-anna-netrebko-fait-son-retour-a-orange","status":"publish","type":"post","link":"https:\/\/www.europesays.com\/fr\/122119\/","title":{"rendered":"Mise au ban apr\u00e8s l\u2019invasion de l\u2019Ukraine, la soprano russe Anna Netrebko fait son retour \u00e0 Orange"},"content":{"rendered":"<p>C\u2019est pour une version concert d\u2019Il\u00a0trovatore qu\u2019elle revient sur le devant de la sc\u00e8ne. La Netrebko y donnera la r\u00e9plique \u00e0 Marie-Nicole Lemieux en Azucena et Yusif Eyvazov en Mancuro.<\/p>\n<p class=\"fig-paragraph\">En avril 2022, bravant la pol\u00e9mique, il avait \u00e9t\u00e9 le premier \u00e0 lui offrir l\u2019opportunit\u00e9 de revenir sur le devant de la sc\u00e8ne europ\u00e9enne\u2026 Lui proposant de remplacer Maria Agresta, souffrante, dans Manon Lescaut \u00e0 Monte-Carlo. La soprano russe, mise au ban des sc\u00e8nes occidentales apr\u00e8s l\u2019invasion de l\u2019Ukraine, venait alors de prendre ses distances avec le r\u00e9gime de\u00a0<a href=\"http:\/\/www.lefigaro.fr\/international\/en-exigeant-une-reddition-de-l-ukraine-vladimir-poutine-campe-sur-sa-position-maximaliste-20250518\" data-fig-type=\"Article\" data-gtm-custom-categorie=\"navigation\" data-gtm-custom-action=\"crossclick\" data-gtm-custom-label=\"Contextuel\" data-gtm-event=\"customEventSPE\" data-fig-domain=\"LEFIGARO\" target=\"_blank\" rel=\"noopener\">Vladimir Poutine<\/a>, condamnant la\u00a0<a href=\"http:\/\/www.lefigaro.fr\/international\/guerre-en-ukraine-serguei-lavrov-emet-des-doutes-quant-au-choix-du-vatican-comme-lieu-de-pourparlers-20250523\" data-fig-type=\"NewsFlash\" data-gtm-custom-categorie=\"navigation\" data-gtm-custom-action=\"crossclick\" data-gtm-custom-label=\"Contextuel\" data-gtm-event=\"customEventSPE\" data-fig-domain=\"LEFIGARO\" target=\"_blank\" rel=\"noopener\">guerre en Ukraine<\/a>\u00a0par voie de communiqu\u00e9. \u00ab\u00a0On l\u2019avait sentie tellement heureuse de pouvoir chanter de nouveau\u00a0! Refaire enfin ce pour quoi elle est n\u00e9e\u00a0: transmettre son art. Son amour du chant, de la musique et de l\u2019incarnation\u00a0\u00bb, se souvient Jean-Louis Grinda.<\/p>\n<p class=\"fig-paragraph\">Depuis, la chanteuse ph\u00e9nom\u00e8ne regagne progressivement la place qu\u2019elle m\u00e9rite sur les grandes sc\u00e8nes de ce monde. De l\u2019<a href=\"http:\/\/www.lefigaro.fr\/culture\/avec-manuel-legris-les-lecons-d-un-prodige-a-l-opera-de-paris-20250508\" data-fig-type=\"Article\" data-gtm-custom-categorie=\"navigation\" data-gtm-custom-action=\"crossclick\" data-gtm-custom-label=\"Contextuel\" data-gtm-event=\"customEventSPE\" data-fig-domain=\"LEFIGARO\" target=\"_blank\" rel=\"noopener\">Op\u00e9ra de Paris<\/a>, qui la fit revenir dans La\u00a0Force du destin d\u00e8s la fin 2022, \u00e0 Covent Garden, qui l\u2019accueillera la saison prochaine en Tosca &#8211; dont elle est incontestablement devenue ces derni\u00e8res ann\u00e9es l\u2019une des premi\u00e8res grandes r\u00e9f\u00e9rences en ce XXIe\u00a0si\u00e8cle. Ce n\u2019est ni Floria Tosca qui l\u2019am\u00e8nera cet \u00e9t\u00e9 \u00e0 Orange, ni la Leonora de La\u00a0Force du destin, mais celle du Trouv\u00e8re. \u00c0 l\u2019\u00e9t\u00e9 2023, la diva, accompagn\u00e9e comme \u00e0 son habitude de son (d\u00e9sormais ex) mari, Yuri Eyvazov, avait illumin\u00e9 de son chant verdien de plus en plus affermi le ciel \u00e9toil\u00e9 d\u2019Orange, en cl\u00f4ture de festival, lors d\u2019un gala tout entier d\u00e9di\u00e9 au compositeur.<\/p>\n<p class=\"fig-body-link\">\n            \u00c0 lire aussi<br \/>\n        <a class=\"fig-body-link__link fig-premium-mark\" href=\"https:\/\/www.lefigaro.fr\/musique\/a-l-opera-bastille-anna-netrebko-force-son-destin-20221219\" data-fig-type=\"Article\" data-gtm-custom-categorie=\"navigation\" data-gtm-custom-action=\"crossclick\" data-gtm-custom-label=\"Contextuel\" data-gtm-event=\"customEventSPE\" data-fig-domain=\"LEFIGARO\" target=\"_blank\" rel=\"noopener\">\u00c0 l\u2019Op\u00e9ra Bastille, Anna Netrebko force son destin<br \/>\n    <\/a>\n<\/p>\n<p>Rien d\u2019un hasard<\/p>\n<p class=\"fig-paragraph\">Cette fois-ci, c\u2019est pour une version concert d\u2019Il\u00a0trovatore qu\u2019elle y fait son retour. Quelle version de concert\u00a0! La Netrebko y donnera la r\u00e9plique \u00e0 Marie-Nicole Lemieux en Azucena et Yusif Eyvazov en Mancuro (les deux artistes, continuent de se produire ensemble, marque de leur g\u00e9n\u00e9rosit\u00e9 comme de leur d\u00e9votion \u00e0 leur art). Le tout sous la baguette du sp\u00e9cialiste du r\u00e9pertoire italien Jader Bignamini.<\/p>\n<p class=\"fig-paragraph\">Un choix de titre qui n\u2019a sans doute rien d\u2019un hasard. \u00ab\u00a0Je me souvenais d\u2019une production d\u2019Il\u00a0trovatore profond\u00e9ment ennuyeuse. D\u00e8s qu\u2019(Anna Netrebko) \u00e9tait entr\u00e9e en sc\u00e8ne, c\u2019est comme si le spectacle \u00e9tait pass\u00e9 du noir et blanc \u00e0 la couleur, assure Jean-Louis Grinda. Quand elle est sur sc\u00e8ne, on sent une urgence. Comme chez Placido Domingo. Ce sont des artistes qui ne vivent que pour la sc\u00e8ne. C\u2019est la raison de la ferveur qu\u2019ils d\u00e9clenchent. Et ce qui explique que, quoi que vous fassiez, ils ne seront jamais interchangeables.\u00a0\u00bb<\/p>\n<p class=\"fig-paragraph\">Le 6\u00a0juillet au Th\u00e9\u00e2tre antique \u00e0 21\u00a0h\u00a030.<\/p>\n","protected":false},"excerpt":{"rendered":"C\u2019est pour une version concert d\u2019Il\u00a0trovatore qu\u2019elle revient sur le devant de la sc\u00e8ne. La Netrebko y donnera&hellip;\n","protected":false},"author":2,"featured_media":122120,"comment_status":"","ping_status":"","sticky":false,"template":"","format":"standard","meta":{"footnotes":""},"categories":[1590],"tags":[11,24400,2937,2932,2935,1696,2934,24401,2933,1777,674,873,2936,1698,12,220],"class_list":{"0":"post-122119","1":"post","2":"type-post","3":"status-publish","4":"format-standard","5":"has-post-thumbnail","7":"category-ukraine","8":"tag-actualites","9":"tag-anna-netrebko","10":"tag-artistes","11":"tag-cd","12":"tag-chansons","13":"tag-chanteur","14":"tag-chason","15":"tag-choregies-dorange","16":"tag-dvd","17":"tag-eu","18":"tag-europe","19":"tag-musique","20":"tag-musique-classique","21":"tag-musiques","22":"tag-news","23":"tag-ukraine"},"share_on_mastodon":{"url":"https:\/\/pubeurope.com\/@fr\/114557517152776899","error":""},"_links":{"self":[{"href":"https:\/\/www.europesays.com\/fr\/wp-json\/wp\/v2\/posts\/122119","targetHints":{"allow":["GET"]}}],"collection":[{"href":"https:\/\/www.europesays.com\/fr\/wp-json\/wp\/v2\/posts"}],"about":[{"href":"https:\/\/www.europesays.com\/fr\/wp-json\/wp\/v2\/types\/post"}],"author":[{"embeddable":true,"href":"https:\/\/www.europesays.com\/fr\/wp-json\/wp\/v2\/users\/2"}],"replies":[{"embeddable":true,"href":"https:\/\/www.europesays.com\/fr\/wp-json\/wp\/v2\/comments?post=122119"}],"version-history":[{"count":0,"href":"https:\/\/www.europesays.com\/fr\/wp-json\/wp\/v2\/posts\/122119\/revisions"}],"wp:featuredmedia":[{"embeddable":true,"href":"https:\/\/www.europesays.com\/fr\/wp-json\/wp\/v2\/media\/122120"}],"wp:attachment":[{"href":"https:\/\/www.europesays.com\/fr\/wp-json\/wp\/v2\/media?parent=122119"}],"wp:term":[{"taxonomy":"category","embeddable":true,"href":"https:\/\/www.europesays.com\/fr\/wp-json\/wp\/v2\/categories?post=122119"},{"taxonomy":"post_tag","embeddable":true,"href":"https:\/\/www.europesays.com\/fr\/wp-json\/wp\/v2\/tags?post=122119"}],"curies":[{"name":"wp","href":"https:\/\/api.w.org\/{rel}","templated":true}]}}