{"id":122122,"date":"2025-05-23T14:03:10","date_gmt":"2025-05-23T14:03:10","guid":{"rendered":"https:\/\/www.europesays.com\/fr\/122122\/"},"modified":"2025-05-23T14:03:10","modified_gmt":"2025-05-23T14:03:10","slug":"le-premier-ministre-israelien-accuse-la-france-le-royaume-uni-et-le-canada-de-se-ranger-du-cote-du-hamas","status":"publish","type":"post","link":"https:\/\/www.europesays.com\/fr\/122122\/","title":{"rendered":"Le Premier ministre isra\u00e9lien accuse la France, le Royaume-Uni et le Canada de se ranger du c\u00f4t\u00e9 du Hamas"},"content":{"rendered":"<p><img decoding=\"async\" class=\"c-ad__placeholder__logo\" src=\"https:\/\/www.europesays.com\/fr\/wp-content\/uploads\/2025\/03\/logo-euronews-grey-6-180x22.svg.svg+xml\" width=\"180\" height=\"22\" alt=\"\" loading=\"lazy\"\/>PUBLICIT\u00c9<\/p>\n<p>Le Premier ministre isra\u00e9lien Benjamin Netanyahu a accus\u00e9 les dirigeants de la <strong>France, du Royaume-Uni et du Canada<\/strong> d&rsquo;\u00eatre du \u00ab\u00a0mauvais c\u00f4t\u00e9 de l&rsquo;histoire\u00a0\u00bb et de se ranger du c\u00f4t\u00e9 du Hamas, apr\u00e8s que ces derniers aient appel\u00e9s \u00e0 la fin de l&rsquo;op\u00e9ration militaire isra\u00e9lienne \u00e0 Gaza et \u00e0 une augmentation de l&rsquo;aide humanitaire.<\/p>\n<p>\u00ab\u00a0Lorsque des meurtriers de masse, des violeurs, des tueurs de b\u00e9b\u00e9s et des kidnappeurs vous remercient, vous \u00eates du mauvais c\u00f4t\u00e9 de la justice, du mauvais c\u00f4t\u00e9 de l&rsquo;humanit\u00e9 et du mauvais c\u00f4t\u00e9 de l&rsquo;histoire\u00a0\u00bb, a-t-il d\u00e9clar\u00e9 vendredi, citant nomm\u00e9ment <strong>Emmanuel Macron, Keir Starmer et Mark Carney<\/strong>.<\/p>\n<p>\u00ab\u00a0Ces dirigeants peuvent penser qu&rsquo;ils font avancer la paix, mais ce n&rsquo;est pas le cas. Ils encouragent le Hamas \u00e0 continuer \u00e0 se battre pour toujours et leur donnent l&rsquo;espoir de cr\u00e9er un deuxi\u00e8me \u00c9tat palestinien \u00e0 partir duquel le Hamas cherchera \u00e0 nouveau \u00e0 d\u00e9truire l&rsquo;\u00c9tat juif &#8211; et attention, il ne s&rsquo;agira pas d&rsquo;un \u00c9tat d\u00e9barrass\u00e9 du Hamas\u00a0\u00bb.<\/p>\n<p>En d\u00e9but de semaine, les trois dirigeants ont publi\u00e9 une <strong>d\u00e9claration commune<\/strong> condamnant ce qu&rsquo;ils d\u00e9crivent comme des \u00ab\u00a0actions militaires flagrantes\u00a0\u00bb d&rsquo;Isra\u00ebl \u00e0 Gaza et avertissant qu&rsquo;ils prendraient des \u00ab\u00a0mesures concr\u00e8tes\u00a0\u00bb si Netanyahu ne changeait pas de cap, notamment en ce qui concerne l&rsquo;aide humanitaire.<\/p>\n<p>Dans son allocution t\u00e9l\u00e9vis\u00e9e, Netanyahu a \u00e9galement d\u00e9clar\u00e9 que l&rsquo;<strong>assassinat de deux membres du personnel<\/strong> de l&rsquo;ambassade d&rsquo;Isra\u00ebl \u00e0 Washington \u00e9tait un acte de violence antis\u00e9mite \u00ab\u00a0horrible\u00a0\u00bb.<\/p>\n<p><strong>Yaron Lischinsky, 30 ans, et Sarah Milgrim, 26 ans<\/strong>, ont \u00e9t\u00e9 abattus lors d&rsquo;un \u00e9v\u00e9nement organis\u00e9 par le mus\u00e9e juif de la capitale mercredi soir.<\/p>\n<p>Elias Rodriguez, le principal suspect a cri\u00e9 \u00ab\u00a0Lib\u00e9rez la Palestine !\u00a0\u00bb  lorsque la police l&rsquo;a emmen\u00e9. Pour le Premier ministre Netanyahu, il y a un lien direct entre la fusillade et l&rsquo;attaque men\u00e9e par <strong>le Hamas contre Isra\u00ebl en 2023<\/strong>, qui a d\u00e9clench\u00e9 la guerre dans la bande de Gaza.<\/p>\n<p>La France, le Royaume-Uni et le Canada, tous proches alli\u00e9s d&rsquo;Isra\u00ebl, ont condamn\u00e9 les meurtres \u00e0 Washington, comme ils l&rsquo;avaient fait apr\u00e8s l&rsquo;attaque du Hamas du 7 octobre 2023.<\/p>\n<p>Des relations qui se d\u00e9gradent<\/p>\n<p>Les ministres des trois pays se sont empress\u00e9s de d\u00e9fendre leurs dirigeants. Christophe Lemoine, porte-parole du minist\u00e8re fran\u00e7ais des affaires \u00e9trang\u00e8res, a d\u00e9clar\u00e9 \u00e0 la radio qu'\u00a0\u00bbIsra\u00ebl doit laisser entrer l&rsquo;aide ; l&rsquo;acc\u00e8s doit \u00eatre massif et libre\u00a0\u00bb, tout en critiquant l&rsquo;escalade militaire.<\/p>\n<p>Le ministre britannique des forces arm\u00e9es, Luke Pollard, a rejet\u00e9 les critiques de Netanyahou \u00e0 l&rsquo;encontre de Starmer en d\u00e9clarant : \u00ab\u00a0Nous soutenons le droit d&rsquo;Isra\u00ebl \u00e0 l&rsquo;autod\u00e9fense tant qu&rsquo;il respecte le droit humanitaire international\u00a0\u00bb.<\/p>\n<p>Les relations entre Isra\u00ebl et le Royaume-Uni ont atteint leur niveau le plus critique depuis des d\u00e9cennies en d\u00e9but de semaine, apr\u00e8s que le ministre britannique des affaires \u00e9trang\u00e8res, David Lammy, a annonc\u00e9 qu&rsquo;il <strong>suspendait les n\u00e9gociations de libre-\u00e9change avec Isra\u00ebl<\/strong>, qualifiant de r\u00e9pulsifs les appels des ministres isra\u00e9liens \u00e0 <strong>\u00ab\u00a0purifier Gaza\u00a0\u00bb<\/strong>.<\/p>\n<p>Ce n&rsquo;est pas non plus la premi\u00e8re fois qu&rsquo;Emmanuel<a href=\"https:\/\/www.euronews.com\/my-europe\/2025\/05\/14\/israeli-pm-netanyahu-accuses-french-president-macron-of-choosing-to-stand-with-hamas\" target=\"_blank\" rel=\"noopener\">Macron est vivement repris par le Premier ministre isra\u00e9lien.<\/p>\n<p>Au d\u00e9but du mois, Benyamin Netanyahou a d\u00e9clar\u00e9 que Macron avait \u00ab\u00a0une fois de plus choisi de se ranger\u00a0\u00bb du c\u00f4t\u00e9 du Hamas apr\u00e8s que le pr\u00e9sident fran\u00e7ais eut d\u00e9clar\u00e9 que l&rsquo;Europe devrait envisager de sanctionner Isra\u00ebl en raison de la situation humanitaire \u00e0 Gaza, o\u00f9 des centaines de milliers de personnes seraient aujourd&rsquo;hui <strong>menac\u00e9es de famine<\/strong>.<\/p>\n<p>Apr\u00e8s un blocus de pr\u00e8s de trois mois sur toute aide entrant dans la bande de Gaza, des dizaines de camions ont \u00e9t\u00e9 autoris\u00e9s \u00e0 y p\u00e9n\u00e9trer \u00e0 nouveau en d\u00e9but de semaine. Pour l&rsquo;ONU, la quantit\u00e9 de nourriture qui est arriv\u00e9e repr\u00e9sente une \u00ab\u00a0goutte d&rsquo;eau dans l&rsquo;oc\u00e9an\u00a0\u00bb par rapport aux besoins de la population.<\/p>\n<p>Les forces de d\u00e9fense isra\u00e9liennes (FDI) ont lanc\u00e9 vendredi dernier une nouvelle offensive dans la bande de Gaza, sous le nom de code <strong>\u00ab\u00a0Op\u00e9ration Chariots de G\u00e9d\u00e9on\u00a0\u00bb<\/strong>.<\/p>\n<p>Cette vaste offensive terrestre dans le nord et le sud de la bande de Gaza est soutenue par l&rsquo;arm\u00e9e de l&rsquo;air isra\u00e9lienne et vise \u00e0 \u00e9tendre le \u00ab\u00a0contr\u00f4le op\u00e9rationnel\u00a0\u00bb sur la bande de Gaza et \u00e0 <strong>lib\u00e9rer les derniers otages<\/strong> encore d\u00e9tenus par le Hamas.<\/p>\n","protected":false},"excerpt":{"rendered":"PUBLICIT\u00c9 Le Premier ministre isra\u00e9lien Benjamin Netanyahu a accus\u00e9 les dirigeants de la France, du Royaume-Uni et du&hellip;\n","protected":false},"author":2,"featured_media":122123,"comment_status":"","ping_status":"","sticky":false,"template":"","format":"standard","meta":{"footnotes":""},"categories":[1588],"tags":[11,23327,574,1777,674,27,5643,664,12,473,1853,1851,1850,1852],"class_list":{"0":"post-122122","1":"post","2":"type-post","3":"status-publish","4":"format-standard","5":"has-post-thumbnail","7":"category-royaume-uni","8":"tag-actualites","9":"tag-benjamin-netanyahu","10":"tag-canada","11":"tag-eu","12":"tag-europe","13":"tag-france","14":"tag-guerre-israel-hamas","15":"tag-israel","16":"tag-news","17":"tag-royaume-uni","18":"tag-royaume-uni-de-grande-bretagne-et-dirlande-du-nord","19":"tag-uk","20":"tag-united-kingdom","21":"tag-united-kingdom-of-great-britain-and-northern-ireland"},"share_on_mastodon":{"url":"https:\/\/pubeurope.com\/@fr\/114557524631680062","error":""},"_links":{"self":[{"href":"https:\/\/www.europesays.com\/fr\/wp-json\/wp\/v2\/posts\/122122","targetHints":{"allow":["GET"]}}],"collection":[{"href":"https:\/\/www.europesays.com\/fr\/wp-json\/wp\/v2\/posts"}],"about":[{"href":"https:\/\/www.europesays.com\/fr\/wp-json\/wp\/v2\/types\/post"}],"author":[{"embeddable":true,"href":"https:\/\/www.europesays.com\/fr\/wp-json\/wp\/v2\/users\/2"}],"replies":[{"embeddable":true,"href":"https:\/\/www.europesays.com\/fr\/wp-json\/wp\/v2\/comments?post=122122"}],"version-history":[{"count":0,"href":"https:\/\/www.europesays.com\/fr\/wp-json\/wp\/v2\/posts\/122122\/revisions"}],"wp:featuredmedia":[{"embeddable":true,"href":"https:\/\/www.europesays.com\/fr\/wp-json\/wp\/v2\/media\/122123"}],"wp:attachment":[{"href":"https:\/\/www.europesays.com\/fr\/wp-json\/wp\/v2\/media?parent=122122"}],"wp:term":[{"taxonomy":"category","embeddable":true,"href":"https:\/\/www.europesays.com\/fr\/wp-json\/wp\/v2\/categories?post=122122"},{"taxonomy":"post_tag","embeddable":true,"href":"https:\/\/www.europesays.com\/fr\/wp-json\/wp\/v2\/tags?post=122122"}],"curies":[{"name":"wp","href":"https:\/\/api.w.org\/{rel}","templated":true}]}}