{"id":122126,"date":"2025-05-23T14:05:08","date_gmt":"2025-05-23T14:05:08","guid":{"rendered":"https:\/\/www.europesays.com\/fr\/122126\/"},"modified":"2025-05-23T14:05:08","modified_gmt":"2025-05-23T14:05:08","slug":"leurope-dans-ma-vie-leurope-dans-mon-metier-a-cavaillon-ces-lyceens-participent-au-projet-jean-monnet","status":"publish","type":"post","link":"https:\/\/www.europesays.com\/fr\/122126\/","title":{"rendered":"\u00ab\u00a0L&rsquo;Europe dans ma vie, l&rsquo;Europe dans mon m\u00e9tier\u00a0\u00bb, \u00e0 Cavaillon ces lyc\u00e9ens participent au projet Jean-Monnet"},"content":{"rendered":"<p>Le lyc\u00e9e Alexandre-Dumas a c\u00e9l\u00e9br\u00e9 la Journ\u00e9e de l&rsquo;Europe. Les \u00e9l\u00e8ves en premi\u00e8re ann\u00e9e CAP et Seconde Bac pro ont en effet organis\u00e9 une journ\u00e9e d&rsquo;ateliers ludiques et p\u00e9dagogiques sur le th\u00e8me de l&rsquo;Union Europ\u00e9enne. Chaque <a href=\"https:\/\/www.laprovence.com\/article\/culture-loisirs\/108643334182814\/des-eleves-du-lycee-cavare-alexandre-dumas-sessaient-a-la-realisation-de-bandes-dessinees\" target=\"_blank\" rel=\"noopener\">fili\u00e8re professionnelle<\/a> avait mis en effet son savoir-faire au service de sa sp\u00e9cialit\u00e9 : que ce soit dans les domaines culinaire, de la conduite routi\u00e8re, de la gestion, de la maintenance des v\u00e9hicules de transport etc., chacune a fait preuve de beaucoup d&rsquo;imagination et d&rsquo;inventivit\u00e9 pour concevoir des jeux, QCM, quiz etc.<\/p>\n<p>Le but ? Tester les connaissances portant sur la communaut\u00e9 europ\u00e9enne. Cette mobilisation r\u00e9ussie n&rsquo;est pas fortuite. <a href=\"https:\/\/www.laprovence.com\/article\/region\/14684524588961\/a-arles-le-lycee-montmajour-celebre-la-citoyennete-europeenne\" target=\"_blank\" rel=\"noopener\">Les lyc\u00e9ens <\/a>ont \u00e9t\u00e9 s\u00e9lectionn\u00e9s pour participer au \u00ab\u00a0projet Jean Monnet\u00a0\u00bb qui vise \u00e0 explorer le th\u00e8me \u00ab\u00a0l&rsquo;Europe dans ma vie, l&rsquo;Europe dans mon m\u00e9tier.\u00a0\u00bb<\/p>\n<p>Gr\u00e2ce \u00e0 une subvention de 35\u00a0000\u00a0\u20ac, des <a href=\"https:\/\/www.laprovence.com\/article\/region\/1332017683488215\/leurope-du-citoyen-cest-aussi-celle-des-jeunes-la-ville-daix-va-celebrer-le-vieux-continent-en-mai-2025\" target=\"_blank\" rel=\"noopener\">voyages d&rsquo;\u00e9tudes<\/a> sont pr\u00e9vus d\u00e8s la rentr\u00e9e prochaine\u00a0: \u00e0 Paris (pour la fili\u00e8re relations clients)\u00a0; \u00e0 Bruxelles, (visite du Parlement pour la fili\u00e8re gestion logistique et transports)\u00a0; \u00e0 Strasbourg (conducteurs routiers, voyage longue distance accompagn\u00e9 des professeurs)\u00a0; \u00e0 Venise (fili\u00e8re culinaire) et \u00e0 Toulouse (m\u00e9canique, visite des usines Airbus).<\/p>\n<p>Des \u00ab\u00a0Ambassadeurs juniors\u00a0\u00bb engag\u00e9s<\/p>\n<p>Amandine P\u00e9quignot, professeur d&rsquo;histoire-g\u00e9ographie, en charge de cette <a href=\"https:\/\/www.laprovence.com\/article\/region\/174389903159815\/330-lyceens-dont-des-eleves-de-pertuis-et-des-collegiens-roumains-de-cluj-echangent-autour-des-maths\" target=\"_blank\" rel=\"noopener\">ambitieuse initiative<\/a>, soulignait l&rsquo;importance de cette journ\u00e9e. \u00ab\u00a0Elle s&rsquo;est r\u00e9v\u00e9l\u00e9e aussi indispensable que n\u00e9cessaire. Elle compl\u00e8te notre enseignement en classe. La <a href=\"https:\/\/www.laprovence.com\/article\/region\/58960929685147\/une-aventure-ancree-dans-ma-memoire-a-vie-a-miramas-les-etudiants-celebrent-la-mobilite-internationale\" target=\"_blank\" rel=\"noopener\">communaut\u00e9 europ\u00e9enne<\/a> est m\u00e9connue de tous. Peu d&rsquo;entre nous savent qui \u00e9tait Jean Monnet, p\u00e8re fondateur de l&rsquo;UE. Que ce soit en termes de valeurs, de g\u00e9ographie, d&rsquo;histoire ou en lien direct avec les diverses sp\u00e9cialit\u00e9s, il y a tant \u00e0 d\u00e9couvrir et apprendre\u00a0! Ce projet offre une opportunit\u00e9 unique de mieux comprendre l&rsquo;Europe, ses enjeux et son impact sur le monde professionnel\u00a0\u00bb. F\u00e9licitant les \u00ab\u00a0Ambassadeurs juniors\u00a0\u00bb, en charge de cette grande animation.<\/p>\n","protected":false},"excerpt":{"rendered":"Le lyc\u00e9e Alexandre-Dumas a c\u00e9l\u00e9br\u00e9 la Journ\u00e9e de l&rsquo;Europe. Les \u00e9l\u00e8ves en premi\u00e8re ann\u00e9e CAP et Seconde Bac&hellip;\n","protected":false},"author":2,"featured_media":122127,"comment_status":"","ping_status":"","sticky":false,"template":"","format":"standard","meta":{"footnotes":""},"categories":[1586],"tags":[17,11,1446,1777,674,1011,27,1808,12244,11078,12,25,104,4717],"class_list":{"0":"post-122126","1":"post","2":"type-post","3":"status-publish","4":"format-standard","5":"has-post-thumbnail","7":"category-europe","8":"tag-17","9":"tag-actualites","10":"tag-dans","11":"tag-eu","12":"tag-europe","13":"tag-fr","14":"tag-france","15":"tag-leurope","16":"tag-metier","17":"tag-mon","18":"tag-news","19":"tag-republique-francaise","20":"tag-societe","21":"tag-vie"},"share_on_mastodon":{"url":"https:\/\/pubeurope.com\/@fr\/114557532507212107","error":""},"_links":{"self":[{"href":"https:\/\/www.europesays.com\/fr\/wp-json\/wp\/v2\/posts\/122126","targetHints":{"allow":["GET"]}}],"collection":[{"href":"https:\/\/www.europesays.com\/fr\/wp-json\/wp\/v2\/posts"}],"about":[{"href":"https:\/\/www.europesays.com\/fr\/wp-json\/wp\/v2\/types\/post"}],"author":[{"embeddable":true,"href":"https:\/\/www.europesays.com\/fr\/wp-json\/wp\/v2\/users\/2"}],"replies":[{"embeddable":true,"href":"https:\/\/www.europesays.com\/fr\/wp-json\/wp\/v2\/comments?post=122126"}],"version-history":[{"count":0,"href":"https:\/\/www.europesays.com\/fr\/wp-json\/wp\/v2\/posts\/122126\/revisions"}],"wp:featuredmedia":[{"embeddable":true,"href":"https:\/\/www.europesays.com\/fr\/wp-json\/wp\/v2\/media\/122127"}],"wp:attachment":[{"href":"https:\/\/www.europesays.com\/fr\/wp-json\/wp\/v2\/media?parent=122126"}],"wp:term":[{"taxonomy":"category","embeddable":true,"href":"https:\/\/www.europesays.com\/fr\/wp-json\/wp\/v2\/categories?post=122126"},{"taxonomy":"post_tag","embeddable":true,"href":"https:\/\/www.europesays.com\/fr\/wp-json\/wp\/v2\/tags?post=122126"}],"curies":[{"name":"wp","href":"https:\/\/api.w.org\/{rel}","templated":true}]}}