{"id":122128,"date":"2025-05-23T14:06:23","date_gmt":"2025-05-23T14:06:23","guid":{"rendered":"https:\/\/www.europesays.com\/fr\/122128\/"},"modified":"2025-05-23T14:06:23","modified_gmt":"2025-05-23T14:06:23","slug":"un-phenomene-inquiete-dans-les-academies-de-football-jai-eu-des-enfant-qui-ont-fait-dans-leur-culotte-avant-le-match","status":"publish","type":"post","link":"https:\/\/www.europesays.com\/fr\/122128\/","title":{"rendered":"Un ph\u00e9nom\u00e8ne inqui\u00e8te dans les acad\u00e9mies de football: \u00ab\u00a0J&rsquo;ai eu des enfant qui ont fait dans leur culotte avant le match\u00a0\u00bb"},"content":{"rendered":"<p>Des sympt\u00f4mes alarmants chez les enfants<\/p>\n<p class=\"ap-StoryElement ap-StoryElement--mb ap-StoryText\">Les cons\u00e9quences psychologiques peuvent \u00eatre dramatiques. \u00ab\u00a0J&rsquo;ai eu des jeunes qui ont fait dans leur culotte avant le match, tellement ils sont stress\u00e9s, comme s&rsquo;ils jouaient la finale de Ligue des Champions alors qu&rsquo;ils n&rsquo;ont que 8 ans\u00a0\u00bb, raconte notre interlocuteur.<\/p>\n<p class=\"ap-StoryElement ap-StoryElement--mb ap-StoryText\">Le psychologue intervient r\u00e9guli\u00e8rement aupr\u00e8s d&rsquo;enfants submerg\u00e9s par l&rsquo;anxi\u00e9t\u00e9. \u00ab\u00a0Le stress s&rsquo;installe la veille du match et s&rsquo;intensifie avant et pendant la rencontre. Je dois leur donner des outils pour g\u00e9rer cette pression et apprendre \u00e0 l\u00e2cher prise. Les relations avec les entra\u00eeneurs deviennent probl\u00e9matiques. Certains enfants se cachent s&rsquo;ils ratent une action. Quand on les interroge, ils confient qu&rsquo;ils aimeraient que l&rsquo;entra\u00eeneur ne soit pas l\u00e0.\u00a0\u00bb<\/p>\n<p><a href=\"https:\/\/www.lalibre.be\/sports\/football\/2025\/05\/23\/football-amateur-un-tribunal-du-sport-pourrait-voir-le-jour-pour-sanctionner-les-parents-violents-au-bord-du-terrain-GDOORRI5DBDKNFFLTSUKZL6RK4\/\" target=\"_blank\" rel=\"noopener noreferrer\" class=\"ap-StoryInterstitialLink ap-StoryElement ap-StoryElement--mb\">Football amateur : un tribunal du sport pourrait voir le jour pour sanctionner les parents violents au bord du terrain<\/a>\u00ab\u00a0Sur 1000 jeunes, un seul deviendra pro\u00a0\u00bb<\/p>\n<p class=\"ap-StoryElement ap-StoryElement--mb ap-StoryText\">Manuel Dupuis \u00e9pingle surtout l&rsquo;attitude des parents qui, dans certains cas, d\u00e9passent les limites. \u00ab\u00a0En tant qu&rsquo;adultes, on attend d&rsquo;eux qu&rsquo;ils fassent preuve d&rsquo;un peu de recul mais trop souvent, ce n&rsquo;est pas le cas. Cette pression s&rsquo;explique par plusieurs facteurs. D&rsquo;abord, l&rsquo;engouement particulier pour le football, le sport le plus pratiqu\u00e9, avec des enjeux financiers colossaux. Les r\u00e9seaux sociaux amplifient le ph\u00e9nom\u00e8ne. Pourtant, la r\u00e9alit\u00e9 est implacable : sur 1000 jeunes qui r\u00eavent de devenir professionnels, seul un y parviendra. Une statistique que beaucoup de parents refusent d&rsquo;accepter lorsqu&rsquo;il s&rsquo;agit de leur propre enfant.\u00a0\u00bb<\/p>\n<p><a href=\"https:\/\/www.lalibre.be\/sports\/football\/2024\/04\/03\/beaucoup-darbitres-arretent-a-cause-de-la-violence-ZLOZXRBZNJBPVB7H5SEJGBBAPQ\/\" target=\"_blank\" rel=\"noopener noreferrer\" class=\"ap-StoryInterstitialLink ap-StoryElement ap-StoryElement--mb\">\u00ab\u00a0Beaucoup d&rsquo;arbitres arr\u00eatent \u00e0 cause de la violence\u00a0\u00bb<\/a>Une comp\u00e9tition f\u00e9roce d\u00e8s le plus jeune \u00e2ge<\/p>\n<p class=\"ap-StoryElement ap-StoryElement--mb ap-StoryText\">La pression de la performance existe avant-m\u00eame les cat\u00e9gories o\u00f9 les classements sont officialis\u00e9s. \u00ab\u00a0Il n&rsquo;y a pas de classement avant les U13, mais la pression est quand m\u00eame l\u00e0. Cette ann\u00e9e, des enfants de U8 n&rsquo;ont pas \u00e9t\u00e9 repris en U9 dans leur club, mais ont \u00e9t\u00e9 transf\u00e9r\u00e9s ailleurs. La s\u00e9lection s&rsquo;op\u00e8re donc tr\u00e8s t\u00f4t, installant une comp\u00e9tition permanente entre les enfants pour conserver leur place. Certains jeunes veulent progresser mais, d\u00e8s la cat\u00e9gorie U7, ils ont peur de perdre leur place dans un bon club\u00a0\u00bb, poursuit le psychologue, qui pr\u00e9cise que cette pression est inh\u00e9rente au football et pas aux autres disciplines sportives.<\/p>\n<p class=\"ap-StoryElement ap-StoryElement--mb ap-StoryText\">Manuel Dupuis pointe du doigt certaines m\u00e9thodes \u00ab\u00a0viriles\u00a0\u00bb bien ancr\u00e9es dans les clubs de foot mais qui peuvent s&rsquo;av\u00e9rer contre-productives. \u00ab\u00a0Pour motiver un jeune \u00e0 bien s&rsquo;entra\u00eener, ce n&rsquo;est pas en lui criant dessus ou en activant des m\u00e9canismes de peur que \u00e7a fonctionne. Les punitions, comme faire des tours de terrain, peuvent traumatiser. Ceux qui ont \u00e9t\u00e9 le plus marqu\u00e9s par des entra\u00eeneurs \u00e0 la dure d\u00e9veloppent des r\u00e9flexes d&rsquo;inhibition. Les cons\u00e9quences peuvent se prolonger jusqu&rsquo;\u00e0 l&rsquo;\u00e2ge adulte. On le voit avec des footballeurs qui, \u00e0 la fin de leur carri\u00e8re, d\u00e9veloppent des probl\u00e8mes d&rsquo;alcool ou de d\u00e9pression. Beaucoup ont du mal psychologiquement car le milieu n&rsquo;est pas sain.\u00a0\u00bb<\/p>\n<p class=\"ap-StoryElement ap-StoryElement--mb ap-StoryText\">Plusieurs incidents sont survenus ces derniers mois lorsque des parents s&rsquo;en sont pris aux arbitres, aux entra\u00eeneurs ou \u00e9ducateurs sportifs. Le ph\u00e9nom\u00e8ne est \u00e9galement observ\u00e9 chez nos voisins. En France, la situation a pris une tournure dramatique lorsque les voitures de deux \u00e9ducateurs ont \u00e9t\u00e9 incendi\u00e9es car des enfants n&rsquo;avaient pas \u00e9t\u00e9 retenus dans l&rsquo;effectif. Chez nos voisins n\u00e9erlandais, il y a dix jours, un homme a frapp\u00e9 au visage un arbitre amateur qui aurait commis une petite erreur de jugement lors d&rsquo;un match en U8. L&rsquo;arbitre \u00e9tait en r\u00e9alit\u00e9 le p\u00e8re du footballeur Noa Lang. Il s&rsquo;est vu ass\u00e9ner un coup de poing qui l&rsquo;a laiss\u00e9 inconscient au sol pendant huit secondes.<\/p>\n<blockquote class=\"ap-StoryQuote ap-StoryQuote--blockquote\">\n<p class=\"ap-StoryQuote-text\">\u00ab\u00a0Il faut p\u00e9renniser le projet des parents fair play\u00a0\u00bb<\/p>\n<\/blockquote>\n<p class=\"ap-StoryElement ap-StoryElement--mb ap-StoryText\">Lanc\u00e9 en 2016 \u00e0 l&rsquo;initiative de l&rsquo;ancien footballeur pro Thomas Chatelle, le projet Parents Fair-Play semble quelque peu s&rsquo;essouffler. \u00ab\u00a0Les clubs amateurs ont toujours plus de responsabilit\u00e9s car les clubs d&rsquo;\u00e9lite d\u00e9laissent le c\u00f4t\u00e9 social. On manque d&rsquo;arbitres, de coachs, de d\u00e9l\u00e9gu\u00e9s. La priorit\u00e9 des clubs n&rsquo;est donc pas d&rsquo;en plus trouver un r\u00e9f\u00e9rent fair play\u00a0\u00bb, explique le Bruxellois.<\/p>\n<p><a href=\"https:\/\/www.lalibre.be\/belgique\/societe\/2023\/03\/20\/racisme-homophobie-sexisme-cette-violence-verbale-qui-gangrene-le-foot-amateur-WQH2UZJBJJCRVPEODVDROFS3YI\/\" target=\"_blank\" rel=\"noopener noreferrer\" class=\"ap-StoryInterstitialLink ap-StoryElement ap-StoryElement--mb\">Racisme, homophobie, sexisme : cette violence verbale qui gangr\u00e8ne le foot amateur<\/a><\/p>\n<p class=\"ap-StoryElement ap-StoryElement--mb ap-StoryText\">Concr\u00e8tement, l&rsquo;id\u00e9e du projet Parents Fair-Play est de d\u00e9signer un parent par \u00e9quipe qui joue le r\u00f4le de conciliateur en soutien de l&rsquo;arbitre pour \u00e9viter les mauvais comportements en bord des terrains.<\/p>\n<p class=\"ap-StoryElement ap-StoryElement--mb ap-StoryText\">\u00ab\u00a0L&rsquo;id\u00e9e a fait son chemin. Cela a permis de faire r\u00e9fl\u00e9chir certains mais pas au point que j&rsquo;esp\u00e9rais. Dans l&rsquo;id\u00e9al, j&rsquo;aurais aim\u00e9 que cela soit institutionnalis\u00e9 et qu&rsquo;on ait un r\u00e9f\u00e9rent fair play comme on a un capitaine d&rsquo;\u00e9quipe et un arbitre\u00a0\u00bb, poursuit Thomas Chatelle qui lance ce message aux parents : \u00ab\u00a0il faut apprendre \u00e0 laisser son enfant faire des erreurs sans intervenir, et ne surtout pas interf\u00e9rer avec les consignes de l&rsquo;entra\u00eeneur. C&rsquo;est la base.\u00a0\u00bb<\/p>\n","protected":false},"excerpt":{"rendered":"Des sympt\u00f4mes alarmants chez les enfants Les cons\u00e9quences psychologiques peuvent \u00eatre dramatiques. \u00ab\u00a0J&rsquo;ai eu des jeunes qui ont&hellip;\n","protected":false},"author":2,"featured_media":122129,"comment_status":"","ping_status":"","sticky":false,"template":"","format":"standard","meta":{"footnotes":""},"categories":[1586],"tags":[11,24402,17551,24403,1777,674,1779,1011,27,12,25,1778,364],"class_list":{"0":"post-122128","1":"post","2":"type-post","3":"status-publish","4":"format-standard","5":"has-post-thumbnail","7":"category-europe","8":"tag-actualites","9":"tag-anderlecht","10":"tag-bruges","11":"tag-charleroi","12":"tag-eu","13":"tag-europe","14":"tag-european-union","15":"tag-fr","16":"tag-france","17":"tag-news","18":"tag-republique-francaise","19":"tag-ue","20":"tag-union-europeenne"},"share_on_mastodon":{"url":"https:\/\/pubeurope.com\/@fr\/114557536380926567","error":""},"_links":{"self":[{"href":"https:\/\/www.europesays.com\/fr\/wp-json\/wp\/v2\/posts\/122128","targetHints":{"allow":["GET"]}}],"collection":[{"href":"https:\/\/www.europesays.com\/fr\/wp-json\/wp\/v2\/posts"}],"about":[{"href":"https:\/\/www.europesays.com\/fr\/wp-json\/wp\/v2\/types\/post"}],"author":[{"embeddable":true,"href":"https:\/\/www.europesays.com\/fr\/wp-json\/wp\/v2\/users\/2"}],"replies":[{"embeddable":true,"href":"https:\/\/www.europesays.com\/fr\/wp-json\/wp\/v2\/comments?post=122128"}],"version-history":[{"count":0,"href":"https:\/\/www.europesays.com\/fr\/wp-json\/wp\/v2\/posts\/122128\/revisions"}],"wp:featuredmedia":[{"embeddable":true,"href":"https:\/\/www.europesays.com\/fr\/wp-json\/wp\/v2\/media\/122129"}],"wp:attachment":[{"href":"https:\/\/www.europesays.com\/fr\/wp-json\/wp\/v2\/media?parent=122128"}],"wp:term":[{"taxonomy":"category","embeddable":true,"href":"https:\/\/www.europesays.com\/fr\/wp-json\/wp\/v2\/categories?post=122128"},{"taxonomy":"post_tag","embeddable":true,"href":"https:\/\/www.europesays.com\/fr\/wp-json\/wp\/v2\/tags?post=122128"}],"curies":[{"name":"wp","href":"https:\/\/api.w.org\/{rel}","templated":true}]}}