{"id":122132,"date":"2025-05-23T14:08:10","date_gmt":"2025-05-23T14:08:10","guid":{"rendered":"https:\/\/www.europesays.com\/fr\/122132\/"},"modified":"2025-05-23T14:08:10","modified_gmt":"2025-05-23T14:08:10","slug":"leveque-gallican-mis-en-cause-sest-defenestre-2","status":"publish","type":"post","link":"https:\/\/www.europesays.com\/fr\/122132\/","title":{"rendered":"l&rsquo;\u00e9v\u00eaque gallican mis en cause s&rsquo;est d\u00e9fenestr\u00e9"},"content":{"rendered":"<p>L&rsquo;\u00e9v\u00eaque de l\u2019\u00c9glise gallicane, <a href=\"https:\/\/www.dna.fr\/faits-divers-justice\/2025\/05\/22\/un-eveque-de-l-eglise-gallicane-soupconne-d-appartenir-a-un-reseau-pedocriminel\" target=\"_blank\" rel=\"nofollow noopener\">soup\u00e7onn\u00e9 d\u2019appartenir \u00e0 un vaste r\u00e9seau de p\u00e9docriminalit\u00e9<\/a>, s&rsquo;est jet\u00e9 du troisi\u00e8me \u00e9tage au domicile de sa m\u00e8re \u00e0 Geispolsheim, pr\u00e8s de Strasbourg, ce vendredi matin a-t-on appris aupr\u00e8s de son avocat.<\/p>\n<p>Me Michael Wacquez, l\u2019avocat de l\u2019\u00e9v\u00eaque gallican se pr\u00e9sente tout seul face aux juges du tribunal de Strasbourg, ce vendredi 23 mai apr\u00e8s-midi. \u00ab Je ne suis pas en mesure de vous produire des pi\u00e8ces m\u00e9dicales mais il est dans le coma et son pronostic vital est engag\u00e9. \u00bb<\/p>\n<p>Son conseil fustige l\u2019attitude de certains m\u00e9dias : \u00ab Il y en a qui ont camp\u00e9 devant chez lui hier soir. D\u2019autres ont pr\u00e9text\u00e9 un reportage sur l\u2019\u00e9glise gallicane pour l\u2019interroger sur l\u2019affaire. \u00bb Il parle d\u2019une \u00ab pression qui montait \u00bb chez son client.<\/p>\n<p>  Le dossier renvoy\u00e9 au 6 ao\u00fbt 2025<\/p>\n<p>Hier, jeudi 22 mai, le mis en cause, \u00e2g\u00e9 de 45 ans, se disait \u00ab d\u00e9vast\u00e9 \u00bb. \u00ab Il a reconnu les faits et voulait s\u2019en expliquer devant la justice. Il souhaitait surtout se soigner \u00bb, poursuit son conseil.<\/p>\n<p>Apr\u00e8s sa garde \u00e0 vue, le pr\u00eatre avait \u00e9t\u00e9 pr\u00e9sent\u00e9 devant le procureur le 21 mai. Ce dernier avait ensuite saisi le juge des libert\u00e9s et de la d\u00e9tention pour un placement en d\u00e9tention provisoire. Le suspect avait finalement \u00e9t\u00e9 plac\u00e9 sous contr\u00f4le judiciaire.<\/p>\n<p>A l\u2019audience, la procureure Agn\u00e8s Robine a confirm\u00e9 l\u2019ouverture d\u2019une enqu\u00eate apr\u00e8s la d\u00e9f\u00e9nestration du mis en cause \u00ab pour d\u00e9terminer les circonstances \u00bb du drame.<\/p>\n<p>Le tribunal a renvoy\u00e9 le dossier au 6 ao\u00fbt 2025 et a maintenu le contr\u00f4le judiciaire du pr\u00e9venu avec l\u2019interdiction d\u2019entrer en contact avec tout mineur.<\/p>\n<p>  55 hommes interpell\u00e9s dans 42 d\u00e9partements<\/p>\n<p>Entre lundi 19 et jeudi 22 mai, cinquante-cinq hommes ont \u00e9t\u00e9 interpell\u00e9s en France <a href=\"https:\/\/www.dna.fr\/faits-divers-justice\/2025\/05\/22\/55-hommes-interpelles-pour-leurs-activites-pedocriminelles-sur-la-messagerie-telegram\" target=\"_blank\" rel=\"nofollow noopener\">dans le cadre d&rsquo;une vaste op\u00e9ration de d\u00e9mant\u00e8lement d&rsquo;un r\u00e9seau de p\u00e9docriminalit\u00e9<\/a> officiant via la messagerie crypt\u00e9e Telegram.<\/p>\n<p>Les mis en cause, \u00e2g\u00e9s de 25 \u00e0 75 ans, \u00e9changeaient sur la messagerie Telegram et \u00e9taient en lien avec des p\u00e9docriminels \u00ab extr\u00eamement dangereux \u00bb, incarc\u00e9r\u00e9s depuis l&rsquo;\u00e9t\u00e9 dernier, a expliqu\u00e9 le commissaire Quentin Bevan, chef du p\u00f4le op\u00e9rationnel de l&rsquo;Office des mineurs (Ofmin).<\/p>\n","protected":false},"excerpt":{"rendered":"L&rsquo;\u00e9v\u00eaque de l\u2019\u00c9glise gallicane, soup\u00e7onn\u00e9 d\u2019appartenir \u00e0 un vaste r\u00e9seau de p\u00e9docriminalit\u00e9, s&rsquo;est jet\u00e9 du troisi\u00e8me \u00e9tage au&hellip;\n","protected":false},"author":2,"featured_media":121824,"comment_status":"","ping_status":"","sticky":false,"template":"","format":"standard","meta":{"footnotes":""},"categories":[2],"tags":[328,119,11,2389,2649,2880,274,107,1011,27,329,4076,12,25],"class_list":{"0":"post-122132","1":"post","2":"type-post","3":"status-publish","4":"format-standard","5":"has-post-thumbnail","7":"category-actualites","8":"tag-a-la-une","9":"tag-accident","10":"tag-actualites","11":"tag-alsace","12":"tag-bas-rhin","13":"tag-edition-strasbourg","14":"tag-faits-divers-justice","15":"tag-fil-info","16":"tag-fr","17":"tag-france","18":"tag-france-monde","19":"tag-geispolsheim","20":"tag-news","21":"tag-republique-francaise"},"share_on_mastodon":{"url":"https:\/\/pubeurope.com\/@fr\/114557544383803984","error":""},"_links":{"self":[{"href":"https:\/\/www.europesays.com\/fr\/wp-json\/wp\/v2\/posts\/122132","targetHints":{"allow":["GET"]}}],"collection":[{"href":"https:\/\/www.europesays.com\/fr\/wp-json\/wp\/v2\/posts"}],"about":[{"href":"https:\/\/www.europesays.com\/fr\/wp-json\/wp\/v2\/types\/post"}],"author":[{"embeddable":true,"href":"https:\/\/www.europesays.com\/fr\/wp-json\/wp\/v2\/users\/2"}],"replies":[{"embeddable":true,"href":"https:\/\/www.europesays.com\/fr\/wp-json\/wp\/v2\/comments?post=122132"}],"version-history":[{"count":0,"href":"https:\/\/www.europesays.com\/fr\/wp-json\/wp\/v2\/posts\/122132\/revisions"}],"wp:featuredmedia":[{"embeddable":true,"href":"https:\/\/www.europesays.com\/fr\/wp-json\/wp\/v2\/media\/121824"}],"wp:attachment":[{"href":"https:\/\/www.europesays.com\/fr\/wp-json\/wp\/v2\/media?parent=122132"}],"wp:term":[{"taxonomy":"category","embeddable":true,"href":"https:\/\/www.europesays.com\/fr\/wp-json\/wp\/v2\/categories?post=122132"},{"taxonomy":"post_tag","embeddable":true,"href":"https:\/\/www.europesays.com\/fr\/wp-json\/wp\/v2\/tags?post=122132"}],"curies":[{"name":"wp","href":"https:\/\/api.w.org\/{rel}","templated":true}]}}