{"id":122137,"date":"2025-05-23T14:11:07","date_gmt":"2025-05-23T14:11:07","guid":{"rendered":"https:\/\/www.europesays.com\/fr\/122137\/"},"modified":"2025-05-23T14:11:07","modified_gmt":"2025-05-23T14:11:07","slug":"cette-equipe-du-pays-de-vitre-joue-un-match-decisif-ce-week-end","status":"publish","type":"post","link":"https:\/\/www.europesays.com\/fr\/122137\/","title":{"rendered":"cette \u00e9quipe du Pays de Vitr\u00e9 joue un match d\u00e9cisif ce week-end"},"content":{"rendered":"<p>            Par<br \/>\n        <strong><br \/>\n            <a href=\"https:\/\/actu.fr\/auteur\/redaction-jv\" title=\"Consulter tous les articles de R\u00e9daction Vitr\u00e9\" rel=\"nofollow noopener\" target=\"_blank\">R\u00e9daction Vitr\u00e9<\/a><br \/>\n        <\/strong><\/p>\n<p>        Publi\u00e9 le<\/p>\n<p>            23 mai 2025 \u00e0 11h05        <\/p>\n<p>La tension sera \u00e0 son comble ce samedi 24\u00a0mai 2025 \u00e0 20\u2009h, \u00e0 la salle de la Victoire de <b>Saint-M\u2019Herv\u00e9 <\/b>(Ille-et-Vilaine).<\/p>\n<p class=\" wall-content\">L\u2019\u00e9quipe masculine de R\u00e9gional du club <b>Haute Vilaine Volley-ball <\/b>disputera son dernier match de la saison face \u00e0 Ploemeur, avec un objectif clair\u2009: d\u00e9crocher la premi\u00e8re place du classement et valider son accession directe en <b>Pr\u00e9nationale<\/b>.<\/p>\n<p>Terminer sur une note historique<\/p>\n<p class=\" wall-content\">Apr\u00e8s avoir vu la mont\u00e9e leur \u00e9chapper de peu la saison derni\u00e8re, les joueurs sont d\u00e9termin\u00e9s \u00e0 conclure cette saison sur une <b>note historique<\/b>. Une victoire 3-0 ou 3-1 leur offrirait le ticket tant attendu vers l\u2019\u00e9chelon sup\u00e9rieur.<\/p>\n<p class=\" wall-content\">Ce match rev\u00eat une importance particuli\u00e8re pour le club, qui pourrait franchir un cap symbolique et sportif. Le soutien du public sera pr\u00e9cieux pour accompagner les joueurs dans cette ultime bataille.<\/p>\n<p class=\" wall-content\">Rendez-vous samedi \u00e0 20\u2009h \u00e0 Saint-M\u2019Herv\u00e9 pour un match qui pourrait marquer l\u2019histoire du club.<\/p>\n<p class=\" wall-content\">Suivez toute l\u2019actualit\u00e9 de vos villes et m\u00e9dias favoris en vous inscrivant \u00e0 <a href=\"https:\/\/moncompte.actu.fr\" title=\"D\u00e9couvez Mon Actu\" rel=\"nofollow noopener\" data-trk=\"{&quot;cta&quot;:{&quot;action&quot;:&quot;https:\\\/\\\/moncompte.actu.fr&quot;,&quot;category&quot;:&quot;mon compte&quot;,&quot;from&quot;:&quot;article footer&quot;,&quot;name&quot;:&quot;Mon actu&quot;,&quot;type&quot;:&quot;cta&quot;}}\" target=\"_blank\">Mon Actu<\/a>.<\/p>\n","protected":false},"excerpt":{"rendered":"Par R\u00e9daction Vitr\u00e9 Publi\u00e9 le 23 mai 2025 \u00e0 11h05 La tension sera \u00e0 son comble ce samedi&hellip;\n","protected":false},"author":2,"featured_media":122138,"comment_status":"","ping_status":"","sticky":false,"template":"","format":"standard","meta":{"footnotes":""},"categories":[1417],"tags":[1011,27,60,1470,1469],"class_list":{"0":"post-122137","1":"post","2":"type-post","3":"status-publish","4":"format-standard","5":"has-post-thumbnail","7":"category-volley","8":"tag-fr","9":"tag-france","10":"tag-sports","11":"tag-volley","12":"tag-volleyball"},"share_on_mastodon":{"url":"https:\/\/pubeurope.com\/@fr\/114557556064998438","error":""},"_links":{"self":[{"href":"https:\/\/www.europesays.com\/fr\/wp-json\/wp\/v2\/posts\/122137","targetHints":{"allow":["GET"]}}],"collection":[{"href":"https:\/\/www.europesays.com\/fr\/wp-json\/wp\/v2\/posts"}],"about":[{"href":"https:\/\/www.europesays.com\/fr\/wp-json\/wp\/v2\/types\/post"}],"author":[{"embeddable":true,"href":"https:\/\/www.europesays.com\/fr\/wp-json\/wp\/v2\/users\/2"}],"replies":[{"embeddable":true,"href":"https:\/\/www.europesays.com\/fr\/wp-json\/wp\/v2\/comments?post=122137"}],"version-history":[{"count":0,"href":"https:\/\/www.europesays.com\/fr\/wp-json\/wp\/v2\/posts\/122137\/revisions"}],"wp:featuredmedia":[{"embeddable":true,"href":"https:\/\/www.europesays.com\/fr\/wp-json\/wp\/v2\/media\/122138"}],"wp:attachment":[{"href":"https:\/\/www.europesays.com\/fr\/wp-json\/wp\/v2\/media?parent=122137"}],"wp:term":[{"taxonomy":"category","embeddable":true,"href":"https:\/\/www.europesays.com\/fr\/wp-json\/wp\/v2\/categories?post=122137"},{"taxonomy":"post_tag","embeddable":true,"href":"https:\/\/www.europesays.com\/fr\/wp-json\/wp\/v2\/tags?post=122137"}],"curies":[{"name":"wp","href":"https:\/\/api.w.org\/{rel}","templated":true}]}}