{"id":122139,"date":"2025-05-23T14:12:08","date_gmt":"2025-05-23T14:12:08","guid":{"rendered":"https:\/\/www.europesays.com\/fr\/122139\/"},"modified":"2025-05-23T14:12:08","modified_gmt":"2025-05-23T14:12:08","slug":"arthur-coville-de-retour-au-rc-vannes-cet-ete-est-ce-possible","status":"publish","type":"post","link":"https:\/\/www.europesays.com\/fr\/122139\/","title":{"rendered":"Arthur Coville de retour au RC Vannes cet \u00e9t\u00e9, est-ce possible\u00a0?"},"content":{"rendered":"<p>Arthur Coville va-t-il faire son grand retour au <a href=\"https:\/\/www.letelegramme.fr\/sports\/rugby\/rc-vannes\/\" target=\"_blank\" rel=\"noopener\">RC Vannes<\/a> d\u00e8s cet \u00e9t\u00e9 ? Cette rumeur qui circulait dans la cit\u00e9 des V\u00e9n\u00e8tes a pris un peu plus de corps ces derniers jours avec la publication dans le Midi Olympique de contacts entre les deux parties. Une information que nous sommes en mesure de confirmer.<\/p>\n<p>Le RCV est \u00e0 la recherche d\u2019un demi de m\u00eal\u00e9e pour \u00e9pauler Michael Ruru la saison prochaine alors que <a href=\"https:\/\/www.letelegramme.fr\/sports\/rugby\/rc-vannes\/transfert-rc-vannes-stephen-varney-linternational-italien-du-rcv-evoluera-en-angleterre-la-saison-prochaine-6782389.php\" target=\"_blank\" rel=\"noopener\">Stephen Varney s\u2019est d\u00e9j\u00e0 engag\u00e9 \u00e0 Exeter<\/a> et que Jules Le Bail est \u00e0 l\u2019arr\u00eat depuis plusieurs mois.<\/p>\n<p>Coville, l\u2019enfant du pays, est int\u00e9ress\u00e9 par un retour dans son club formateur comme \u00e7a avait \u00e9t\u00e9 le cas lorsqu\u2019il a quitt\u00e9 le Stade Fran\u00e7ais en 2023. <a href=\"https:\/\/www.letelegramme.fr\/sports\/rugby\/arthur-coville-toutes-les-portes-se-sont-fermees-dont-le-rc-vannes-6398238.php\" target=\"_blank\" rel=\"noopener\">Mais l\u2019op\u00e9ration n\u2019avait pu se faire<\/a> et le Breton avait pris la direction d\u2019Aix-en-Provence, o\u00f9 il avait sign\u00e9 pour trois ans.<\/p>\n<p>N\u00e9gociations tripartites<\/p>\n<p>L\u00e0 est le principal obstacle \u00e0 son retour. Le demi de m\u00eal\u00e9e de 27 ans est sous contrat avec Provence Rugby jusqu\u2019en 2026. Un accord des trois parties est donc n\u00e9cessaire pour mener \u00e0 bien cette op\u00e9ration.<\/p>\n<p>Les deux clubs discutent actuellement sur le montant de l\u2019indemnit\u00e9 pour lib\u00e9rer Coville de sa derni\u00e8re ann\u00e9e de contrat. Le club proven\u00e7al, qui vient de se qualifier en demi-finales de Pro D2, ne fera s\u00fbrement pas de cadeau. Le march\u00e9 des num\u00e9ros 9 est compliqu\u00e9, les n\u00e9gociations arrivent tard dans la saison et pas facile de trouver un joueur de m\u00eame niveau que le Morbihannais pour la saison prochaine.<\/p>\n<p>Au-del\u00e0 de la forte symbolique, faire revenir Arthur Coville, qui compte plus de 100 matchs de Top 14, \u00e0 Vannes serait un tr\u00e8s gros coup sportif pour le RCV. Et m\u00eame si la possibilit\u00e9 est r\u00e9elle, l\u2019affaire est compliqu\u00e9e.<\/p>\n","protected":false},"excerpt":{"rendered":"Arthur Coville va-t-il faire son grand retour au RC Vannes d\u00e8s cet \u00e9t\u00e9 ? Cette rumeur qui circulait&hellip;\n","protected":false},"author":2,"featured_media":122140,"comment_status":"","ping_status":"","sticky":false,"template":"","format":"standard","meta":{"footnotes":""},"categories":[1416],"tags":[1011,27,3164,3167,479,1468,60,478,3165],"class_list":{"0":"post-122139","1":"post","2":"type-post","3":"status-publish","4":"format-standard","5":"has-post-thumbnail","7":"category-rugby","8":"tag-fr","9":"tag-france","10":"tag-rc-vannes","11":"tag-rcv","12":"tag-rugby","13":"tag-rugby-football","14":"tag-sports","15":"tag-top-14","16":"tag-vannes"},"share_on_mastodon":{"url":"https:\/\/pubeurope.com\/@fr\/114557559977526883","error":""},"_links":{"self":[{"href":"https:\/\/www.europesays.com\/fr\/wp-json\/wp\/v2\/posts\/122139","targetHints":{"allow":["GET"]}}],"collection":[{"href":"https:\/\/www.europesays.com\/fr\/wp-json\/wp\/v2\/posts"}],"about":[{"href":"https:\/\/www.europesays.com\/fr\/wp-json\/wp\/v2\/types\/post"}],"author":[{"embeddable":true,"href":"https:\/\/www.europesays.com\/fr\/wp-json\/wp\/v2\/users\/2"}],"replies":[{"embeddable":true,"href":"https:\/\/www.europesays.com\/fr\/wp-json\/wp\/v2\/comments?post=122139"}],"version-history":[{"count":0,"href":"https:\/\/www.europesays.com\/fr\/wp-json\/wp\/v2\/posts\/122139\/revisions"}],"wp:featuredmedia":[{"embeddable":true,"href":"https:\/\/www.europesays.com\/fr\/wp-json\/wp\/v2\/media\/122140"}],"wp:attachment":[{"href":"https:\/\/www.europesays.com\/fr\/wp-json\/wp\/v2\/media?parent=122139"}],"wp:term":[{"taxonomy":"category","embeddable":true,"href":"https:\/\/www.europesays.com\/fr\/wp-json\/wp\/v2\/categories?post=122139"},{"taxonomy":"post_tag","embeddable":true,"href":"https:\/\/www.europesays.com\/fr\/wp-json\/wp\/v2\/tags?post=122139"}],"curies":[{"name":"wp","href":"https:\/\/api.w.org\/{rel}","templated":true}]}}