{"id":12215,"date":"2025-04-09T09:01:08","date_gmt":"2025-04-09T09:01:08","guid":{"rendered":"https:\/\/www.europesays.com\/fr\/12215\/"},"modified":"2025-04-09T09:01:08","modified_gmt":"2025-04-09T09:01:08","slug":"les-feux-de-lamour-resume-de-lepisode-du-8-avril-2025-tva-les-resumes","status":"publish","type":"post","link":"https:\/\/www.europesays.com\/fr\/12215\/","title":{"rendered":"Les Feux de l&rsquo;Amour: R\u00e9sum\u00e9 de l&rsquo;\u00e9pisode du 8 avril 2025 (Tva) | Les r\u00e9sum\u00e9s"},"content":{"rendered":"<p><a href=\"https:\/\/www.soap-passion.com\/les-feux-de-l-amour\/personnage\/64-billy.html\" rel=\"nofollow noopener\" target=\"_blank\">Billy<\/a> d\u00e9barque chez <a href=\"https:\/\/www.soap-passion.com\/les-feux-de-l-amour\/personnage\/1-victoria.html\" rel=\"nofollow noopener\" target=\"_blank\">Victoria<\/a> par surprise pour voir les enfants. <a href=\"https:\/\/www.soap-passion.com\/les-feux-de-l-amour\/personnage\/1-victoria.html\" rel=\"nofollow noopener\" target=\"_blank\">Victoria<\/a> n&rsquo;a pas de probl\u00e8me avec cela et annonce que Katie a bien dormi apr\u00e8s avoir pu discuter avec lui au t\u00e9l\u00e9phone. Elle est d&rsquo;ailleurs d\u00e9j\u00e0 \u00e0 l&rsquo;\u00e9cole. <a href=\"https:\/\/www.soap-passion.com\/les-feux-de-l-amour\/personnage\/64-billy.html\" rel=\"nofollow noopener\" target=\"_blank\">Billy<\/a> a autre chose qu&rsquo;il voudrait dire \u00e0 Victoria.<\/p>\n<p>Au N\u00e9on \u00c9carlate, <a href=\"https:\/\/www.soap-passion.com\/les-feux-de-l-amour\/personnage\/6-nick.html\" rel=\"nofollow noopener\" target=\"_blank\">Nick<\/a> rejoint <a href=\"https:\/\/www.soap-passion.com\/les-feux-de-l-amour\/personnage\/66-phyllis.html\" rel=\"nofollow noopener\" target=\"_blank\">Phyllis<\/a>. Elle suppose que <a href=\"https:\/\/www.soap-passion.com\/les-feux-de-l-amour\/personnage\/6-nick.html\" rel=\"nofollow noopener\" target=\"_blank\">Nick<\/a> est d\u00e9j\u00e0 au courant \u00e0 propos de sa relation avec <a href=\"https:\/\/www.soap-passion.com\/les-feux-de-l-amour\/personnage\/64-billy.html\" rel=\"nofollow noopener\" target=\"_blank\">Billy<\/a> et de la fa\u00e7on dont <a href=\"https:\/\/www.soap-passion.com\/les-feux-de-l-amour\/personnage\/1-victoria.html\" rel=\"nofollow noopener\" target=\"_blank\">Victoria<\/a> l&rsquo;a d\u00e9couverte. Il semble cependant leur reprocher le fait que <a href=\"https:\/\/www.soap-passion.com\/les-feux-de-l-amour\/personnage\/1-victoria.html\" rel=\"nofollow noopener\" target=\"_blank\">Victoria<\/a> ait \u00e9t\u00e9 bless\u00e9e dans l&rsquo;histoire, ce qui surprend Phyllis.<\/p>\n<p>Dans le bureau de <a href=\"https:\/\/www.soap-passion.com\/les-feux-de-l-amour\/personnage\/33-jack.html\" rel=\"nofollow noopener\" target=\"_blank\">Jack<\/a>, <a href=\"https:\/\/www.soap-passion.com\/les-feux-de-l-amour\/personnage\/31-ashley.html\" rel=\"nofollow noopener\" target=\"_blank\">Ashley<\/a> est surprise d&rsquo;apprendre que <a href=\"https:\/\/www.soap-passion.com\/les-feux-de-l-amour\/personnage\/66-phyllis.html\" rel=\"nofollow noopener\" target=\"_blank\">Phyllis<\/a> et <a href=\"https:\/\/www.soap-passion.com\/les-feux-de-l-amour\/personnage\/64-billy.html\" rel=\"nofollow noopener\" target=\"_blank\">Billy<\/a> sont de nouveau ensemble. Elle s&rsquo;\u00e9tonne surtout que &#8230;<\/p>\n<p>    R\u00e9serv\u00e9 aux abonn\u00e9s !<br \/>\n    &#8230; Il vous reste 93% de ce texte \u00e0 lire.<br \/>\n    <br \/>Soutenez Soap-Passion,  <a href=\"https:\/\/www.soap-passion.com\/login\" rel=\"nofollow noopener\" target=\"_blank\">abonnez-vous<\/a> pour lire la suite !<\/p>\n<p class=\"text-center fst-italic m-5 pb-5\">Chaque jour au Qu\u00e9bec, d\u00e9couvrez un nouvel \u00e9pisode de \u00ab\u00a0Les Feux de l&rsquo;Amour\u00a0\u00bb\u00e0 15:30 sur la cha\u00eene TVA<\/p>\n<p>\u00a9 Soap-Passion.com &#8211; Reproduction compl\u00e8te ou partielle interdite <\/p>\n","protected":false},"excerpt":{"rendered":"Billy d\u00e9barque chez Victoria par surprise pour voir les enfants. Victoria n&rsquo;a pas de probl\u00e8me avec cela et&hellip;\n","protected":false},"author":2,"featured_media":12216,"comment_status":"","ping_status":"","sticky":false,"template":"","format":"standard","meta":{"footnotes":""},"categories":[1356],"tags":[58,59,1011,27,1375,252,1364],"class_list":{"0":"post-12215","1":"post","2":"type-post","3":"status-publish","4":"format-standard","5":"has-post-thumbnail","7":"category-television","8":"tag-divertissement","9":"tag-entertainment","10":"tag-fr","11":"tag-france","12":"tag-les-feux-de-l","13":"tag-television","14":"tag-tv"},"share_on_mastodon":{"url":"https:\/\/pubeurope.com\/@fr\/114307195452637309","error":""},"_links":{"self":[{"href":"https:\/\/www.europesays.com\/fr\/wp-json\/wp\/v2\/posts\/12215","targetHints":{"allow":["GET"]}}],"collection":[{"href":"https:\/\/www.europesays.com\/fr\/wp-json\/wp\/v2\/posts"}],"about":[{"href":"https:\/\/www.europesays.com\/fr\/wp-json\/wp\/v2\/types\/post"}],"author":[{"embeddable":true,"href":"https:\/\/www.europesays.com\/fr\/wp-json\/wp\/v2\/users\/2"}],"replies":[{"embeddable":true,"href":"https:\/\/www.europesays.com\/fr\/wp-json\/wp\/v2\/comments?post=12215"}],"version-history":[{"count":0,"href":"https:\/\/www.europesays.com\/fr\/wp-json\/wp\/v2\/posts\/12215\/revisions"}],"wp:featuredmedia":[{"embeddable":true,"href":"https:\/\/www.europesays.com\/fr\/wp-json\/wp\/v2\/media\/12216"}],"wp:attachment":[{"href":"https:\/\/www.europesays.com\/fr\/wp-json\/wp\/v2\/media?parent=12215"}],"wp:term":[{"taxonomy":"category","embeddable":true,"href":"https:\/\/www.europesays.com\/fr\/wp-json\/wp\/v2\/categories?post=12215"},{"taxonomy":"post_tag","embeddable":true,"href":"https:\/\/www.europesays.com\/fr\/wp-json\/wp\/v2\/tags?post=12215"}],"curies":[{"name":"wp","href":"https:\/\/api.w.org\/{rel}","templated":true}]}}