{"id":122151,"date":"2025-05-23T14:19:09","date_gmt":"2025-05-23T14:19:09","guid":{"rendered":"https:\/\/www.europesays.com\/fr\/122151\/"},"modified":"2025-05-23T14:19:09","modified_gmt":"2025-05-23T14:19:09","slug":"pauline-ducruet-nombril-a-lair-dans-une-tenue-sexy-qui-valorise-sa-poitrine-et-pas-quun-peu","status":"publish","type":"post","link":"https:\/\/www.europesays.com\/fr\/122151\/","title":{"rendered":"Pauline Ducruet nombril \u00e0 l&rsquo;air dans une tenue sexy qui valorise sa poitrine (et pas qu&rsquo;un peu !)"},"content":{"rendered":"<p>Elle marche dans les pas de sa c\u00e9l\u00e8bre m\u00e8re. <a href=\"https:\/\/www.closermag.fr\/royautes\/je-deteste-etre-enfermee-dans-des-cases-plus-libre-que-jamais-pauline-ducruet-se-livre-sur-son-nouveau-projet-3538238\" target=\"_blank\" rel=\"noopener\"><br \/>\nPauline Ducruet<\/a> vient de <strong>d\u00e9voiler la derni\u00e8re<br \/>\ncollection<\/strong> de sa marque de v\u00eatements et de maillots de<br \/>\nbain qu\u2019elle a cr\u00e9\u00e9e en 2018, baptis\u00e9e Alter designs. Ce<br \/>\njeudi 22 mai, en marge du Grand Prix de F1, la fille de <a href=\"https:\/\/www.closermag.fr\/royautes\/pauline-ducruet-stephanie-de-monaco-a-de-quoi-etre-fiere-son-heritage-est-perpetue-3545296\" target=\"_blank\" rel=\"noopener\"><br \/>\nSt\u00e9phanie de Monaco<\/a> et de <a href=\"https:\/\/www.closermag.fr\/people\/pauline-ducruet-comment-son-pere-daniel-et-son-frere-louis-ont-influence-ses-deb-1034709#item=1\" target=\"_blank\" rel=\"noopener\"><br \/>\nDaniel Ducruet<\/a> a pr\u00e9sent\u00e9 ses cr\u00e9ations \u00e0 l\u2019h\u00f4tel Paris<br \/>\nMonte-Carlo. Un rendez-vous attendu sur le rocher.<\/p>\n<p>Sur son compte Instagram, la jeune mon\u00e9gasque de 31 ans<br \/>\na partag\u00e9 plusieurs photos de cette soir\u00e9e qui a r\u00e9uni <strong>de<br \/>\nnombreuses personnalit\u00e9s de la famille princi\u00e8re<\/strong>. Et pour<br \/>\nl\u2019occasion, Pauline Ducruet n\u2019a pas h\u00e9sit\u00e9 \u00e0 sortir le bikini !<\/p>\n<p>Pauline Ducruet affiche un d\u00e9collet\u00e9 ultra sexy<\/p>\n<p>Pour cet \u00e9v\u00e9nement, Pauline Ducret \u00e9tait <strong>entour\u00e9e de ses<br \/>\nproches<\/strong>. Elle a notamment pris la pose aux c\u00f4t\u00e9s de son<br \/>\nfr\u00e8re Louis Ducruet et son \u00e9pouse Marie, de sa demi-s\u0153ur Camille<br \/>\nGottlieb et de ses cousins, Jazmin Grace Grimaldi et Alexandre<br \/>\nGrimaldi-Coste, les enfants d\u2019Albert de Monaco.<\/p>\n<p>Pauline Ducruet portait une tenue enti\u00e8rement compos\u00e9e de pi\u00e8ces<br \/>\nde sa marque. Elle avait opt\u00e9 pour un pantalon et un long manteau<br \/>\nbordeaux, compl\u00e9t\u00e9s par <strong>un haut de bikini rouge et bleu<br \/>\nturquoise<\/strong>, laissant appara\u00eetre un <strong>d\u00e9collet\u00e9<br \/>\nplongeant<\/strong> et son nombril. Son fr\u00e8re, quant \u00e0 lui, avait<br \/>\nopt\u00e9 pour une tenue plus formelle avec un costume trois pi\u00e8ces.<\/p>\n<p><img aria-describedby=\"caption-attachment-3548093\" itemprop=\"thumbnailUrl\" decoding=\"async\" loading=\"lazy\" class=\"size-medium wp-image-3548093 img-responsive\" src=\"https:\/\/www.europesays.com\/fr\/wp-content\/uploads\/2025\/05\/test-256x300.jpeg\" alt=\"Paulien Ducruet, sexy, maillot de bain,\u00a0\" width=\"256\" height=\"300\"\/> \u00a9 Instagram<\/p>\n<p id=\"caption-attachment-3548093\" class=\"wp-caption-text\">Pauline<br \/>\nDucruet est apparue dans une tenue laissant appara\u00eetre son<br \/>\nnombril.<\/p>\n<p>Pauline Ducruet rend hommage \u00e0 sa<br \/>\nm\u00e8re<\/p>\n<p>La fille de St\u00e9phanie de Monaco\u00a0avait choisi de<br \/>\n<strong>rendre hommage \u00e0 sa m\u00e8re<\/strong> pour sa derni\u00e8re<br \/>\ncollection de maillots de bain. Le 10 mai dernier, sur son compte<br \/>\nInstagram, elle d\u00e9voilait les premiers mod\u00e8les,<br \/>\ndirectement inspir\u00e9es par la griffe Pool Position, une marque cr\u00e9\u00e9e<br \/>\npar sa m\u00e8re en 1985. \u00ab\u00a0Un hommage audacieux et ensoleill\u00e9 aux<br \/>\nann\u00e9es 80\u00a0\u00bb, avait-elle \u00e9crit en l\u00e9gende.<\/p>\n<p>\u00ab\u00a0Alter d\u00e9voile une capsule de maillots de bain inspir\u00e9e de<br \/>\nPool Position, la marque embl\u00e9matique lanc\u00e9e par la princesse<br \/>\nSt\u00e9phanie de Monaco\u00a0\u00bb, avait ajout\u00e9 Pauline Ducruet, pr\u00e9sentant<br \/>\ncette collection comme \u00ab\u00a0<strong>l\u2019h\u00e9ritage qui rencontre une<br \/>\nnouvelle \u00e9nergie audacieuse<\/strong>\u00ab\u00a0. Un tendre hommage \u00e0 la<br \/>\nfille cadette de Rainier III et de Grace Kelly.<\/p>\n","protected":false},"excerpt":{"rendered":"Elle marche dans les pas de sa c\u00e9l\u00e8bre m\u00e8re. Pauline Ducruet vient de d\u00e9voiler la derni\u00e8re collection de&hellip;\n","protected":false},"author":2,"featured_media":122152,"comment_status":"","ping_status":"","sticky":false,"template":"","format":"standard","meta":{"footnotes":""},"categories":[1359],"tags":[548,58,59,1011,27,24404,24405,973,15457],"class_list":{"0":"post-122151","1":"post","2":"type-post","3":"status-publish","4":"format-standard","5":"has-post-thumbnail","7":"category-people","8":"tag-article-simple","9":"tag-divertissement","10":"tag-entertainment","11":"tag-fr","12":"tag-france","13":"tag-maillot-de-bain","14":"tag-pauline-ducruet","15":"tag-people","16":"tag-sexy"},"share_on_mastodon":{"url":"https:\/\/pubeurope.com\/@fr\/114557587593473027","error":""},"_links":{"self":[{"href":"https:\/\/www.europesays.com\/fr\/wp-json\/wp\/v2\/posts\/122151","targetHints":{"allow":["GET"]}}],"collection":[{"href":"https:\/\/www.europesays.com\/fr\/wp-json\/wp\/v2\/posts"}],"about":[{"href":"https:\/\/www.europesays.com\/fr\/wp-json\/wp\/v2\/types\/post"}],"author":[{"embeddable":true,"href":"https:\/\/www.europesays.com\/fr\/wp-json\/wp\/v2\/users\/2"}],"replies":[{"embeddable":true,"href":"https:\/\/www.europesays.com\/fr\/wp-json\/wp\/v2\/comments?post=122151"}],"version-history":[{"count":0,"href":"https:\/\/www.europesays.com\/fr\/wp-json\/wp\/v2\/posts\/122151\/revisions"}],"wp:featuredmedia":[{"embeddable":true,"href":"https:\/\/www.europesays.com\/fr\/wp-json\/wp\/v2\/media\/122152"}],"wp:attachment":[{"href":"https:\/\/www.europesays.com\/fr\/wp-json\/wp\/v2\/media?parent=122151"}],"wp:term":[{"taxonomy":"category","embeddable":true,"href":"https:\/\/www.europesays.com\/fr\/wp-json\/wp\/v2\/categories?post=122151"},{"taxonomy":"post_tag","embeddable":true,"href":"https:\/\/www.europesays.com\/fr\/wp-json\/wp\/v2\/tags?post=122151"}],"curies":[{"name":"wp","href":"https:\/\/api.w.org\/{rel}","templated":true}]}}