{"id":122153,"date":"2025-05-23T14:20:12","date_gmt":"2025-05-23T14:20:12","guid":{"rendered":"https:\/\/www.europesays.com\/fr\/122153\/"},"modified":"2025-05-23T14:20:12","modified_gmt":"2025-05-23T14:20:12","slug":"laurence-barruel-raconte-en-photos-les-metiers-de-lagriculture-sur-le-meygal-et-mezenc","status":"publish","type":"post","link":"https:\/\/www.europesays.com\/fr\/122153\/","title":{"rendered":"Laurence Barruel raconte en photos les m\u00e9tiers de l&rsquo;agriculture sur le Meygal et M\u00e9zenc"},"content":{"rendered":"<p>\t\t\t\t\t\t\t\t\t\t\t\t\t\t\t\t\t\t\t\t\t\t\t\t\t\t\t\t\t\t\t\t\t\t\t\t\t\t\t\t\t\t\t\t\t\t\t\t\t\t\t\t\t\t\t\t\t\t\t\t\t\t\t<a href=\"https:\/\/www.lacommere43.fr\/component\/banners\/click\/1751.html\" target=\"_blank\" title=\"Chevalier Fr\u00e8res avril 2025\" rel=\"nofollow noopener\"><br \/>\n\t\t\t\t\t\t\t<img decoding=\"async\" src=\"https:\/\/www.europesays.com\/fr\/wp-content\/uploads\/2025\/05\/chevalier-2025-suspensions.gif\" alt=\"Chevalier Fr\u00e8res avril 2025\"\/><br \/>\n\t\t\t\t\t\t<\/a><\/p>\n<p><strong>La photographe Laurence Barruel a r\u00e9alis\u00e9 une exposition photos sur les m\u00e9tiers de l&rsquo;agriculture sur le territoire du M\u00e9zenc Loire Meygal. A voir \u00e0 l&rsquo;office de tourisme au Monastier-sur-Gazeille.<\/strong><\/p>\n<p>Pendant plusieurs semaines r\u00e9parties sur 2023 et 2024, la photographe altilig\u00e9rienne est all\u00e9e \u00e0 la rencontre de quinze agriculteurs incarnant la diversit\u00e9 des activit\u00e9s et des secteurs sur le territoire. R\u00e9pondant \u00e0 une commande de la communaut\u00e9 de communes, elle a immortalis\u00e9 le quotidien d&rsquo;\u00e9leveurs, de producteurs, de transformateurs, sur les quatre saisons. Elle a fourni plus de dix photos sur chaque reportage et les agents touristiques ont s\u00e9lectionn\u00e9 les photos expos\u00e9es.<\/p>\n<p>\u00ab\u00a0A travers mon regard de photographe, j&rsquo;ai t\u00e2ch\u00e9 de rendre hommage \u00e0 celles et ceux qui participent \u00e0 nourrir le monde. Ce travail a \u00e9t\u00e9 une immersion dans la r\u00e9alit\u00e9 du monde agricole, souvent m\u00e9connue, parfois id\u00e9alis\u00e9e, toujours ancr\u00e9e dans l&rsquo;effort, le bon sens, celui de faire au bon moment, et souvent la passion\u00a0\u00bb, estime Laurence Barruel qui \u00e9prouve depuis son enfance un fort attachement \u00e0 la nature et \u00e0 ceux qui l&rsquo;habitent au plus pr\u00e8s. \u00ab\u00a0Ce travail est une fa\u00e7on pour moi de militer, d&rsquo;agir avec mes propres moyens pour une agriculture \u00e0 taille humaine respectueuse du vivant. L&rsquo;image sert \u00e0 cela : r\u00e9v\u00e9ler ce qui, pour nous, est vrai.\u00a0\u00bb<\/p>\n<p>Ce reportage en immersion donne lieu \u00e0 une exposition accroch\u00e9e \u00e0 l&rsquo;office de tourisme du Monastier-sur-Gazeille jusqu&rsquo;au 21 septembre.<\/p>\n<p>Chaque photo raconte une histoire, un moment particulier : un retour des brebis \u00e0 la bergerie, une traite, un soin, un nourrissage, un \u00e9pandage odorant, des fenaisons parfum\u00e9es, des moissons poussi\u00e9reuses et dor\u00e9es, une cueillette, une production de fromages, de miel, un ramassage de pommes de terre.<\/p>\n","protected":false},"excerpt":{"rendered":"La photographe Laurence Barruel a r\u00e9alis\u00e9 une exposition photos sur les m\u00e9tiers de l&rsquo;agriculture sur le territoire du&hellip;\n","protected":false},"author":2,"featured_media":122154,"comment_status":"","ping_status":"","sticky":false,"template":"","format":"standard","meta":{"footnotes":""},"categories":[1358],"tags":[2281,1348,1384,1385,1386,58,59,2282,1011,27,2280,2284,2285,2283],"class_list":{"0":"post-122153","1":"post","2":"type-post","3":"status-publish","4":"format-standard","5":"has-post-thumbnail","7":"category-arts-et-design","8":"tag-actualite-43","9":"tag-arts","10":"tag-arts-and-design","11":"tag-arts-et-design","12":"tag-design","13":"tag-divertissement","14":"tag-entertainment","15":"tag-faits-divers-auvergne","16":"tag-fr","17":"tag-france","18":"tag-information-haute-loire","19":"tag-infos-43","20":"tag-journal-haute-loire","21":"tag-la-commere-43"},"share_on_mastodon":{"url":"https:\/\/pubeurope.com\/@fr\/114557591457390472","error":""},"_links":{"self":[{"href":"https:\/\/www.europesays.com\/fr\/wp-json\/wp\/v2\/posts\/122153","targetHints":{"allow":["GET"]}}],"collection":[{"href":"https:\/\/www.europesays.com\/fr\/wp-json\/wp\/v2\/posts"}],"about":[{"href":"https:\/\/www.europesays.com\/fr\/wp-json\/wp\/v2\/types\/post"}],"author":[{"embeddable":true,"href":"https:\/\/www.europesays.com\/fr\/wp-json\/wp\/v2\/users\/2"}],"replies":[{"embeddable":true,"href":"https:\/\/www.europesays.com\/fr\/wp-json\/wp\/v2\/comments?post=122153"}],"version-history":[{"count":0,"href":"https:\/\/www.europesays.com\/fr\/wp-json\/wp\/v2\/posts\/122153\/revisions"}],"wp:featuredmedia":[{"embeddable":true,"href":"https:\/\/www.europesays.com\/fr\/wp-json\/wp\/v2\/media\/122154"}],"wp:attachment":[{"href":"https:\/\/www.europesays.com\/fr\/wp-json\/wp\/v2\/media?parent=122153"}],"wp:term":[{"taxonomy":"category","embeddable":true,"href":"https:\/\/www.europesays.com\/fr\/wp-json\/wp\/v2\/categories?post=122153"},{"taxonomy":"post_tag","embeddable":true,"href":"https:\/\/www.europesays.com\/fr\/wp-json\/wp\/v2\/tags?post=122153"}],"curies":[{"name":"wp","href":"https:\/\/api.w.org\/{rel}","templated":true}]}}