{"id":122157,"date":"2025-05-23T14:22:17","date_gmt":"2025-05-23T14:22:17","guid":{"rendered":"https:\/\/www.europesays.com\/fr\/122157\/"},"modified":"2025-05-23T14:22:17","modified_gmt":"2025-05-23T14:22:17","slug":"ariane-cache-toutes-les-preuves-du-meurtre-de-durieux-un-nouveau-medecin-debarque-au-mistral-le-resume-de-lepisode-340-du-lundi-26-mai-2025","status":"publish","type":"post","link":"https:\/\/www.europesays.com\/fr\/122157\/","title":{"rendered":"Ariane cache toutes les preuves du meurtre de Durieux, un nouveau m\u00e9decin d\u00e9barque au Mistral&#8230; Le r\u00e9sum\u00e9 de l\u2019\u00e9pisode 340 du lundi 26 mai 2025"},"content":{"rendered":"<p>Ariane a nettoy\u00e9 sa sc\u00e8ne de crime tandis qu&rsquo;un nouveau m\u00e9decin fait son arriv\u00e9e au Mistral. D\u00e9couvrez en avance ce qui vous attend dans l&rsquo;\u00e9pisode 340 de Plus belle la vie, encore plus belle, diffus\u00e9 ce lundi 26 mai 2025.<\/p>\n<p><b>Dans l&rsquo;\u00e9pisode 340 de<\/b><b> <\/b><a href=\"https:\/\/www.programme-tv.net\/news\/series-tv\/332492-plus-belle-la-vie-date-de-retour-horaire-casting-intrigue-tout-ce-quil-faut-savoir-sur-la-nouvelle-serie-de-tf1\/\" data-api-deeplink=\"teleloisirs:\/\/news\/332492\" target=\"_blank\" rel=\"noopener\"><b>Plus belle la vie, encore plus belle<\/b><\/a><b>,<\/b><b> diffus\u00e9 ce lundi 26 mai 2025 <\/b>et <a href=\"https:\/\/www.programme-tv.net\/news\/series-tv\/344072-plus-belle-la-vie-encore-plus-belle-en-streaming-ou-regarder-la-nouvelle-serie-de-tf1-en-replay\/\" data-api-deeplink=\"teleloisirs:\/\/news\/344072\" target=\"_blank\" rel=\"noopener\">d\u00e9j\u00e0 disponible sur TF1+<\/a>, Ariane est hant\u00e9e par la<a href=\"https:\/\/www.programme-tv.net\/news\/series-tv\/379444-plus-belle-la-vie-en-avance-durieux-est-mort-ariane-l-a-t-elle-tue-le-resume-de-lepisode-339-du-vendredi-23-mai-2025\/\" data-api-deeplink=\"teleloisirs:\/\/news\/379444\" target=\"_blank\" rel=\"noopener\"> mort de Durieux<\/a>. Dans un flash-back, on voit la polici\u00e8re effa\u00e7ait ses traces et enlevait les draps et l&rsquo;arme de la sc\u00e8ne de crime. C&rsquo;est alors que son t\u00e9l\u00e9phone sonne. Elle est convoqu\u00e9e en urgence au commissariat.<\/p>\n<p><b>Plus belle la vie <\/b><b>en avance : Ariane enqu\u00eate sur la mort de Durieux<\/b><\/p>\n<p>En arrivant, Ariane se sent mal. Patrick la pr\u00e9vient que Durieux a \u00e9t\u00e9 tu\u00e9. Sa femme de m\u00e9nage a d\u00e9couvert son corps dans sa gar\u00e7onni\u00e8re. Le commissaire lui demande si elle est pr\u00eate \u00e0 le rejoindre dans son enqu\u00eate. Ariane lui r\u00e9pond qu&rsquo;elle peut compter sur lui. Elle se rend sur la sc\u00e8ne de crime avec Boher. Sur place, elle se souvient d&rsquo;\u00eatre sortie de la pi\u00e8ce, cach\u00e9e sous un imperm\u00e9able. Charlotte d\u00e9couvre qu&rsquo;Ariane a oubli\u00e9 de mettre ses gants. Elle va donc \u00eatre oblig\u00e9e d&rsquo;isoler ses empreintes. Au commissariat, la juge Colbert pr\u00e9vient Patrick qu&rsquo;elle se dessaisit de l&rsquo;enqu\u00eate. Idriss arrive et le pr\u00e9vient qu&rsquo;un voisin a vu une femme sortir de l&rsquo;immeuble.<\/p>\n<p>                        <b>Plus belle la vie <\/b><b>en avance : Jules s&rsquo;int\u00e9resse au mal logement <\/b><\/p>\n<p>Jules doit \u00e9crire un article sur l&rsquo;acc\u00e8s au logement. Il se rend au Pavillon des fleurs pour trouver un t\u00e9moignage. Il demande de l&rsquo;aide \u00e0 Luna qui refuse d&rsquo;abord. Jules recueille le t\u00e9moignage de Chlo\u00e9. Elle doit trouver en urgence en logement pour r\u00e9cup\u00e9rer la garde de sa fille et elle n&rsquo;a pas d&rsquo;argent. Le journaliste souhaite l&rsquo;accompagner \u00e0 une visite avec elle. Elle finit par accepter.<\/p>\n<p><b>Plus belle la vie <\/b><b>en avance : Un nouveau m\u00e9decin au Mistral <\/b><\/p>\n<p>Au cabinet m\u00e9dical, Riva s&rsquo;est d\u00e9guis\u00e9 en faux patient et est all\u00e9 consulter le rempla\u00e7ant de L\u00e9a, le docteur Sorigny jou\u00e9 par <a href=\"https:\/\/www.programme-tv.net\/news\/series-tv\/378681-plus-belle-la-vie-apres-david-brecourt-une-autre-star-de-sous-le-soleil-rejoint-le-casting-de-la-serie-de-tf1\/\" data-api-deeplink=\"teleloisirs:\/\/news\/378681\" target=\"_blank\" rel=\"noopener\">une autre star de Sous le soleil<\/a>. Jennifer reconna\u00eet le m\u00e9decin sous son costume. Il avait besoin de tester les comp\u00e9tences de son confr\u00e8re. Riva est rassur\u00e9 : Mathieu a rassur\u00e9 son test ! Au Mistral, Babeth d\u00e9couvre que Riva a engag\u00e9 \u00ab\u00a0un m\u00e9decin humanitaire qui est presque aussi comp\u00e9tent\u00a0\u00bb que lui. Elle d\u00e9couvre qu&rsquo;il s&rsquo;agit de son ami avec qui elle \u00e9tait en mission \u00e0 Gr\u00e8ce. Babeth lui avait tellement parl\u00e9 de Marseille qu&rsquo;il avait envie de d\u00e9couvrir la ville. Il a d\u00e9couvert ensuite qu&rsquo;il s&rsquo;agissait de son cabinet.<\/p>\n","protected":false},"excerpt":{"rendered":"Ariane a nettoy\u00e9 sa sc\u00e8ne de crime tandis qu&rsquo;un nouveau m\u00e9decin fait son arriv\u00e9e au Mistral. D\u00e9couvrez en&hellip;\n","protected":false},"author":2,"featured_media":122158,"comment_status":"","ping_status":"","sticky":false,"template":"","format":"standard","meta":{"footnotes":""},"categories":[1356],"tags":[244,58,1367,7313,7312,7314,7315,7316,59,1011,27,5249,1368,7309,7311,7310,252,199,2175,1364],"class_list":{"0":"post-122157","1":"post","2":"type-post","3":"status-publish","4":"format-standard","5":"has-post-thumbnail","7":"category-television","8":"tag-commentaire","9":"tag-divertissement","10":"tag-encore-plus-belle","11":"tag-encore-plus-belle-182024-0120-pm-plug-rtl","12":"tag-encore-plus-belle-192024-1145-am-rts-un","13":"tag-encore-plus-belle-saison-1-52152789","14":"tag-encore-plus-belle-su00e9rie-52152788","15":"tag-encore-plus-belle-le-doc-u00e9vu00e8nement-292024-0905-pm-tfx","16":"tag-entertainment","17":"tag-fr","18":"tag-france","19":"tag-mytf1-max","20":"tag-plus-belle-la-vie","21":"tag-plus-belle-la-vie-en-avance","22":"tag-ru00e9sumu00e9-plus-belle-la-vie","23":"tag-ru00e9sumu00e9-plus-belle-la-vie-en-avance","24":"tag-television","25":"tag-tf1","26":"tag-tl-story","27":"tag-tv"},"share_on_mastodon":{"url":"","error":"Validation failed: Text character limit of 500 exceeded"},"_links":{"self":[{"href":"https:\/\/www.europesays.com\/fr\/wp-json\/wp\/v2\/posts\/122157","targetHints":{"allow":["GET"]}}],"collection":[{"href":"https:\/\/www.europesays.com\/fr\/wp-json\/wp\/v2\/posts"}],"about":[{"href":"https:\/\/www.europesays.com\/fr\/wp-json\/wp\/v2\/types\/post"}],"author":[{"embeddable":true,"href":"https:\/\/www.europesays.com\/fr\/wp-json\/wp\/v2\/users\/2"}],"replies":[{"embeddable":true,"href":"https:\/\/www.europesays.com\/fr\/wp-json\/wp\/v2\/comments?post=122157"}],"version-history":[{"count":0,"href":"https:\/\/www.europesays.com\/fr\/wp-json\/wp\/v2\/posts\/122157\/revisions"}],"wp:featuredmedia":[{"embeddable":true,"href":"https:\/\/www.europesays.com\/fr\/wp-json\/wp\/v2\/media\/122158"}],"wp:attachment":[{"href":"https:\/\/www.europesays.com\/fr\/wp-json\/wp\/v2\/media?parent=122157"}],"wp:term":[{"taxonomy":"category","embeddable":true,"href":"https:\/\/www.europesays.com\/fr\/wp-json\/wp\/v2\/categories?post=122157"},{"taxonomy":"post_tag","embeddable":true,"href":"https:\/\/www.europesays.com\/fr\/wp-json\/wp\/v2\/tags?post=122157"}],"curies":[{"name":"wp","href":"https:\/\/api.w.org\/{rel}","templated":true}]}}