{"id":122167,"date":"2025-05-23T14:27:12","date_gmt":"2025-05-23T14:27:12","guid":{"rendered":"https:\/\/www.europesays.com\/fr\/122167\/"},"modified":"2025-05-23T14:27:12","modified_gmt":"2025-05-23T14:27:12","slug":"lancien-tenant-du-titre-balance-cash-il-merite-un","status":"publish","type":"post","link":"https:\/\/www.europesays.com\/fr\/122167\/","title":{"rendered":"l&rsquo;ancien tenant du titre balance cash, \u00ab\u00a0Il m\u00e9rite un&#8230;\u00a0\u00bb"},"content":{"rendered":"<p>\u00c0 seulement 22 ans, \u00c9milien ne cesse de repousser les limites dans Les 12 coups de midi. Il vient de faire tomber un record du monde inattendu\u2026 et ce n\u2019est peut-\u00eatre qu\u2019un d\u00e9but.&#13;\n<\/p>\n<p>Il fallait un mental d\u2019acier pour en arriver l\u00e0. Ce jeudi 22 mai, \u00c9milien a sign\u00e9 sa 603e victoire dans Les 12 coups de midi, un parcours exceptionnel qui l\u2019installe d\u00e9sormais comme le nouveau d\u00e9tenteur du record mondial masculin de participations \u00e0 un jeu t\u00e9l\u00e9vis\u00e9. \u00c0 seulement 22 ans, le jeune Vend\u00e9en a franchi une nouvelle \u00e9tape en s\u2019offrant un record que personne n\u2019imaginait d\u00e9j\u00e0 accessible.<\/p>\n<p>Arriv\u00e9 dans le jeu le 25 septembre 2023, il cumule d\u00e9sormais plus de 2 millions d\u2019euros de gains et s\u2019impose comme le plus impressionnant \u00ab\u00a0Ma\u00eetre de midi\u00a0\u00bb de l\u2019histoire du programme anim\u00e9 par Jean-Luc Reichmann. En battant le pr\u00e9c\u00e9dent record d\u00e9tenu depuis \u00e0 peine un mois par Thomas (Chacun son tour, France 2), \u00c9milien vient d\u2019entrer dans la l\u00e9gende des jeux t\u00e9l\u00e9vis\u00e9s\u2026 et il lui reste encore une marche \u00e0 gravir.<\/p>\n<p>    Une performance historique qui fait r\u00e9agir les anciens champions  <\/p>\n<p>Ce fameux record, Thomas l\u2019avait \u00e9tabli le 12 avril 2025, apr\u00e8s 597 participations sur France 2. Mais les r\u00e8gles du jeu n\u2019\u00e9taient pas les m\u00eames : dans Chacun son tour, les candidats ne partent qu\u2019en cas de d\u00e9faite \u00e0 la phase finale du \u00ab\u00a0billard japonais\u00a0\u00bb. \u00c0 l\u2019inverse, \u00c9milien remet son titre en jeu chaque midi, face \u00e0 trois nouveaux adversaires. Un rythme bien plus risqu\u00e9, soulign\u00e9 avec admiration par Thomas lui-m\u00eame :<\/p>\n<blockquote>\n<p>\u00ab S\u2019il y a quelqu\u2019un qui m\u00e9rite un record comme celui-ci, c\u2019est bien lui. Je trouve son aventure absolument extraordinaire. \u00bb<\/p>\n<\/blockquote>\n<p> Ce passage de relais, Thomas le vit avec philosophie. Il confie \u00e0 T\u00e9l\u00e9-Loisirs :<\/p>\n<blockquote>\n<p>\u00ab Je me suis fait doubler, mais je reste tr\u00e8s content. \u00c7a aura \u00e9t\u00e9 une petite anecdote pour moi, j\u2019aurai \u00e9t\u00e9 recordman pendant un mois. \u00bb<\/p>\n<\/blockquote>\n<p>    Jusqu&rsquo;o\u00f9 peut aller \u00c9milien dans Les 12 coups de midi ?  <\/p>\n<p> Malgr\u00e9 la fatigue et les mois qui s\u2019encha\u00eenent, \u00c9milien ne semble pas d\u00e9cid\u00e9 \u00e0 lever le pied. Jean-Luc Reichmann lui-m\u00eame avoue avoir \u00e9t\u00e9 pris de court :<\/p>\n<blockquote>\n<p>\u00ab Personne ne l\u2019avait vu venir. \u00bb<\/p>\n<\/blockquote>\n<p>Mais un autre d\u00e9fi se profile : battre le record absolu, toutes cat\u00e9gories confondues. Celui d\u00e9tenu par L\u00e9ana, \u00e9galement candidate de Chacun son tour, qui affiche 785 participations. Pour l\u2019atteindre, \u00c9milien devra tenir jusqu\u2019\u00e0 fin novembre 2025, sans jamais \u00eatre \u00e9limin\u00e9. Une course contre la montre d\u00e9sormais lanc\u00e9e.<\/p>\n<p>Parmi les records d\u00e9j\u00e0 tomb\u00e9s, il a d\u00e9pass\u00e9 :<\/p>\n<ul>\n<li>Bruno Hourcade (record de gains dans l\u2019histoire du programme),<\/li>\n<li>Le nombre d\u2019\u00e9toiles myst\u00e9rieuses d\u00e9couvertes,<\/li>\n<li>Et r\u00e9cemment : le pr\u00e9sident de TF1 lui-m\u00eame, qui avait pari\u00e9 sur un d\u00e9part plus rapide du jeune champion.<\/li>\n<\/ul>\n","protected":false},"excerpt":{"rendered":"\u00c0 seulement 22 ans, \u00c9milien ne cesse de repousser les limites dans Les 12 coups de midi. Il&hellip;\n","protected":false},"author":2,"featured_media":122168,"comment_status":"","ping_status":"","sticky":false,"template":"","format":"standard","meta":{"footnotes":""},"categories":[8],"tags":[10281,58,59,1011,27],"class_list":{"0":"post-122167","1":"post","2":"type-post","3":"status-publish","4":"format-standard","5":"has-post-thumbnail","7":"category-divertissement","8":"tag-buzz-nonli","9":"tag-divertissement","10":"tag-entertainment","11":"tag-fr","12":"tag-france"},"share_on_mastodon":{"url":"https:\/\/pubeurope.com\/@fr\/114557618990062997","error":""},"_links":{"self":[{"href":"https:\/\/www.europesays.com\/fr\/wp-json\/wp\/v2\/posts\/122167","targetHints":{"allow":["GET"]}}],"collection":[{"href":"https:\/\/www.europesays.com\/fr\/wp-json\/wp\/v2\/posts"}],"about":[{"href":"https:\/\/www.europesays.com\/fr\/wp-json\/wp\/v2\/types\/post"}],"author":[{"embeddable":true,"href":"https:\/\/www.europesays.com\/fr\/wp-json\/wp\/v2\/users\/2"}],"replies":[{"embeddable":true,"href":"https:\/\/www.europesays.com\/fr\/wp-json\/wp\/v2\/comments?post=122167"}],"version-history":[{"count":0,"href":"https:\/\/www.europesays.com\/fr\/wp-json\/wp\/v2\/posts\/122167\/revisions"}],"wp:featuredmedia":[{"embeddable":true,"href":"https:\/\/www.europesays.com\/fr\/wp-json\/wp\/v2\/media\/122168"}],"wp:attachment":[{"href":"https:\/\/www.europesays.com\/fr\/wp-json\/wp\/v2\/media?parent=122167"}],"wp:term":[{"taxonomy":"category","embeddable":true,"href":"https:\/\/www.europesays.com\/fr\/wp-json\/wp\/v2\/categories?post=122167"},{"taxonomy":"post_tag","embeddable":true,"href":"https:\/\/www.europesays.com\/fr\/wp-json\/wp\/v2\/tags?post=122167"}],"curies":[{"name":"wp","href":"https:\/\/api.w.org\/{rel}","templated":true}]}}