{"id":122171,"date":"2025-05-23T14:29:24","date_gmt":"2025-05-23T14:29:24","guid":{"rendered":"https:\/\/www.europesays.com\/fr\/122171\/"},"modified":"2025-05-23T14:29:24","modified_gmt":"2025-05-23T14:29:24","slug":"on-a-vu-les-batteries-de-voitures-electriques-a-1-500-km-dautonomie-qui-se-recharge-en-5-minutes","status":"publish","type":"post","link":"https:\/\/www.europesays.com\/fr\/122171\/","title":{"rendered":"On a vu les batteries de voitures \u00e9lectriques \u00e0 1 500 km d&rsquo;autonomie qui se recharge en 5 minutes"},"content":{"rendered":"<p>Nous avons pu d\u00e9couvrir les nouvelles batteries de voitures \u00e9lectriques sign\u00e9es CATL. 1 500 km d\u2019autonomie, une recharge en 5 minutes, des batteries sans lithium, ou encore hybrides. Voici les technologies qu\u2019embarqueront les voitures \u00e9lectriques en Europe dans les mois \u00e0 venir. Les voitures essences peuvent trembler.<\/p>\n<p><a href=\"https:\/\/images.frandroid.com\/wp-content\/uploads\/2025\/05\/catl-beyond-expo-batterie-00011.jpeg\" target=\"_blank\" class=\"article-content__figure\" rel=\"noopener\"><img fetchpriority=\"high\" decoding=\"async\" loading=\"eager\" width=\"1200\" height=\"900\" src=\"https:\/\/www.europesays.com\/fr\/wp-content\/uploads\/2025\/05\/catl-beyond-expo-batterie-00011-1200x900-1.jpeg\" alt=\"\" class=\"wp-image-2625623 wp-image wp-image\"  \/><\/a>Batterie Naxtra au sodium CATL<\/p>\n<p>Premi\u00e8re claque sur le stand <a href=\"https:\/\/www.frandroid.com\/tag\/catl\" target=\"_blank\" rel=\"noopener\">CATL<\/a> pr\u00e9sent au <a href=\"https:\/\/www.frandroid.com\/events\/beyond-expo\" target=\"_blank\" rel=\"noopener\">Beyond Expo \u00e0 Macao<\/a> : la <strong>Shenxing 2.0<\/strong>, une batterie LFP (lithium-fer-phosphate, sans cobalt), pousse les curseurs l\u00e0 o\u00f9 on les pensait bloqu\u00e9s. Avec un taux de charge<strong> de 12C<\/strong>, elle accepte jusqu\u2019\u00e0 <strong>1 300 kW de puissance en pic<\/strong>.<\/p>\n<p>CATL <a href=\"https:\/\/www.frandroid.com\/survoltes\/voitures-electriques\/2588739_les-voitures-electriques-a-1-500-km-dautonomie-vont-devenir-realite-avec-cette-nouvelle-batterie-impressionnante\" target=\"_blank\" rel=\"noopener\">\u00e9voque une r\u00e9cup\u00e9ration de <strong>520 km d\u2019autonomie CLTC en 5 minutes<\/strong><\/a>. Par -10 \u00b0C, la batterie passe encore de 5 \u00e0 80 % en <strong>15 minutes<\/strong>, soit bien mieux que nombre de mod\u00e8les \u00e9lectriques actuellement commercialis\u00e9s par temp\u00e9rature plus cl\u00e9mente.<\/p>\n<p><a href=\"https:\/\/images.frandroid.com\/wp-content\/uploads\/2025\/05\/catl-beyond-expo-batterie-00003.jpeg\" target=\"_blank\" class=\"article-content__figure\" rel=\"noopener\"><img loading=\"lazy\" decoding=\"async\" width=\"1200\" height=\"900\" src=\"https:\/\/www.europesays.com\/fr\/wp-content\/uploads\/2025\/05\/catl-beyond-expo-batterie-00003-1200x900.jpeg\" alt=\"\" class=\"wp-image-2625611 wp-image\"  \/><\/a><\/p>\n<p>La densit\u00e9 \u00e9nerg\u00e9tique reste contenue \u00e0 <strong>160 Wh\/kg<\/strong>, mais l\u2019accent est clairement mis ici sur la puissance de recharge et la r\u00e9sistante au froid.<\/p>\n<p>On parle d\u2019une batterie capable d\u2019alimenter une voiture de <strong>1 113 chevaux (830 kW)<\/strong>, avec des d\u00e9charges instantan\u00e9es qui semblent taill\u00e9es pour les sportives \u00e9lectriques. La capacit\u00e9 maximale est annonc\u00e9e \u00e0 180 kWh, s\u00fbrement sur des voitures XXL. De quoi annoncer une autonomie maximale de 1 500 km sur le cycle chinois <a href=\"https:\/\/www.frandroid.com\/comment-faire\/652748_wltp-nedc-epa-comment-mesure-t-on-lautonomie-des-voitures-electriques\" target=\"_blank\" rel=\"noopener\">CLTC<\/a>.<\/p>\n<p>Qilin : autonomie XXL et recharge en 7 minutes<\/p>\n<p>Plus classique dans son approche, la <strong>Qilin<\/strong> nouvelle g\u00e9n\u00e9ration repose sur une chimie NCM (nickel-cobalt-mangan\u00e8se), mais optimise sa structure interne avec la technologie CTP 3.0 de CATL. On atteint ici une densit\u00e9 \u00e9norme de <strong>255 Wh\/kg<\/strong>.<\/p>\n<p><a href=\"https:\/\/images.frandroid.com\/wp-content\/uploads\/2025\/05\/catl-beyond-expo-batterie-00018.jpeg\" target=\"_blank\" class=\"article-content__figure\" rel=\"noopener\"><img loading=\"lazy\" decoding=\"async\" width=\"1200\" height=\"900\" src=\"https:\/\/www.europesays.com\/fr\/wp-content\/uploads\/2025\/05\/catl-beyond-expo-batterie-00018-1200x900.jpeg\" alt=\"\" class=\"wp-image-2625635 wp-image\"  \/><\/a>Les cellules prismatiques de la CATL Qilin (en gris), avec le syst\u00e8me de refroidissement (en bleu) qui s\u2019intercalle entre chaque cellule<\/p>\n<p>La promesse ? <strong>1 000 km d\u2019autonomie CLTC<\/strong> dans une berline type <a href=\"https:\/\/www.frandroid.com\/produits\/voitures\/zeekr\/1580584-zeekr-001\" target=\"_blank\" rel=\"noopener\">Zeekr 001,<\/a> et une recharge de <strong>10 \u00e0 80 % en 7 minutes<\/strong> dans le meilleur des cas (Zeekr se limite \u00e0 10 minutes) gr\u00e2ce \u00e0 une capacit\u00e9 de recharge \u00e0 <strong>8C<\/strong>.<\/p>\n<p>            <img decoding=\"async\" width=\"1200\" height=\"446\" loading=\"lazy\" alt=\"Mini A\" title=\"Mini A\" class=\"is-radiusless placeholder-default wp-image\" src=\"https:\/\/www.europesays.com\/fr\/wp-content\/uploads\/2025\/05\/mini-a-1200x446.png\" \/>        <\/p>\n<p>\n                MINI Countryman : l\u2019aventure 100% \u00e9lectrique            <\/p>\n<p class=\"has-text-weight-medium is-size-6 is-line-height-normal\">\n                Et si vous mettiez un peu d\u2019aventure dans votre week-end ? Rien de plus simple avec le MINI Countryman, il vous suffit de r\u00e9server votre essai d\u00e8s maintenant en ligne ou dans votre MINI Store le plus proche.            <\/p>\n<p>Moins spectaculaire sur le papier que la Shenxing, la Qilin reste un monstre pens\u00e9 pour les voitures ultra-sportives, avec la capacit\u00e9 de fournir une puissance de 1 330 kW (1808 ch) aux moteurs \u00e9lectriques. C\u2019est pour \u00e7a que <a href=\"https:\/\/www.frandroid.com\/produits\/voitures\/xiaomi\/1898303-xiaomi-su7\" target=\"_blank\" rel=\"noopener\">Xiaomi l\u2019utilise dans sa SU7 Ultra<\/a>.<\/p>\n<p>Naxtra : le sodium-ion de s\u00e9rie d\u00e8s fin 2025<\/p>\n<p>Enfin, coup de c\u0153ur technologique pour la <strong>batterie sodium-ion Naxtra<\/strong>, une alternative cr\u00e9dible au lithium dans le segment entr\u00e9e de gamme. Avec <strong>175 Wh \/ kg de densit\u00e9 \u00e9nerg\u00e9tique<\/strong>, elle \u00e9gale presque le LFP tout en offrant une meilleure stabilit\u00e9 thermique, une s\u00e9curit\u00e9 renforc\u00e9e et surtout un prix plus abordable.<\/p>\n<p><a href=\"https:\/\/images.frandroid.com\/wp-content\/uploads\/2025\/05\/catl-beyond-expo-batterie-00008.jpeg\" target=\"_blank\" class=\"article-content__figure\" rel=\"noopener\"><img loading=\"lazy\" decoding=\"async\" width=\"1200\" height=\"900\" src=\"https:\/\/www.europesays.com\/fr\/wp-content\/uploads\/2025\/05\/catl-beyond-expo-batterie-00008-1200x900.jpeg\" alt=\"\" class=\"wp-image-2625619 wp-image\"  \/><\/a>La mani\u00e8re de cr\u00e9er une batterie au sodium depuis de l\u2019eau de mer<\/p>\n<p>Elle est faite \u00e0 base de sel, un mat\u00e9riau encore plus simple \u00e0 trouver sur Terre que le lithium. Et encore plus facile \u00e0 extraire pour le transformer en cellules de batteries, \u00e0 partir d\u2019eau de mer.<\/p>\n<p>Et ce n\u2019est pas juste un prototype : <strong>CATL pr\u00e9voit une production en s\u00e9rie pour fin 2025<\/strong>. Les performances ne sont pas ridicules : taux de charge de 5C (environ 10 minutes pour le 10 \u00e0 80 %), et une r\u00e9sistance au froid accrue : le <strong>30 \u00e0 80 % est r\u00e9alis\u00e9 en 30 minutes par -30 \u00b0C.<\/strong><\/p>\n<p><a href=\"https:\/\/images.frandroid.com\/wp-content\/uploads\/2025\/05\/catl-beyond-expo-batterie-00007.jpeg\" target=\"_blank\" class=\"article-content__figure\" rel=\"noopener\"><img loading=\"lazy\" decoding=\"async\" width=\"1200\" height=\"900\" src=\"https:\/\/www.europesays.com\/fr\/wp-content\/uploads\/2025\/05\/catl-beyond-expo-batterie-00007-1200x900.jpeg\" alt=\"\" class=\"wp-image-2625617 wp-image\"  \/><\/a>Une batterie qui fonctionne encore \u00e0 -40 \u00b0C<\/p>\n<p><strong>La dur\u00e9e de vie impressionne : 10 000 cycles de charge, soit 4 millions de kilom\u00e8tres environ pour une berline compacte dot\u00e9e d\u2019une batterie de 60 kWh.<\/strong> Un game changer pour les citadines low-cost. On l\u2019imagine tr\u00e8s bien dans une Citro\u00ebn \u00eb-C3 ou une Dacia Spring par exemple.<\/p>\n<p>Freevoy : une batterie hybride tr\u00e8s ing\u00e9nieuse<\/p>\n<p>Avec la Freevoy, CATL ne parle plus de chimie unique, mais d\u2019architecture hybride, capable de combiner deux chimies ind\u00e9pendantes dans une seule batterie. En clair, un m\u00eame pack peut associer du sodium ou du LFP avec du NMC pour avoir la puissance du NMC et le co\u00fbt r\u00e9duit du LFP ou du sodium.<\/p>\n<p><a href=\"https:\/\/images.frandroid.com\/wp-content\/uploads\/2025\/05\/catl-beyond-expo-batterie-00015.jpeg\" target=\"_blank\" class=\"article-content__figure\" rel=\"noopener\"><img loading=\"lazy\" decoding=\"async\" width=\"1200\" height=\"900\" src=\"https:\/\/www.europesays.com\/fr\/wp-content\/uploads\/2025\/05\/catl-beyond-expo-batterie-00015-1200x900.jpeg\" alt=\"\" class=\"wp-image-2625631 wp-image\"  \/><\/a>Tous les m\u00e9langes possibles<\/p>\n<p>R\u00e9sultat : jusqu\u2019\u00e0 <strong>1 500 km d\u2019autonomie selon le cycle CLTC dans le meilleur des cas<\/strong>. Cette modularit\u00e9 permet aux constructeurs d\u2019ajuster au mieux le compromis co\u00fbt \/ autonomie \/ performance selon les versions.<\/p>\n<p>Deux v\u00e9hicules en s\u00e9rie sont d\u00e9j\u00e0 \u00e9quip\u00e9s de cette technologie : <strong>Avatr 07<\/strong> et <strong>Neta L<\/strong>. Une d\u00e9monstration grandeur nature de ce que pourrait \u00eatre la voiture \u00e9lectrique de demain : personnalisable, modulaire et ultra-endurante.<\/p>\n<p>O\u00f9 sont les bornes ?<\/p>\n<p>Toutes ces specs donnent le tournis, mais comment recharger aussi vite en pratique ? Sur le papier, ces packs sont capables d\u2019encaisser 1,3 MW, mais dans la r\u00e9alit\u00e9, en France, les bornes publiques plafonnent aujourd\u2019hui \u00e0 400 kW. C\u2019est d\u00e9j\u00e0 tr\u00e8s rapide \u2014 une <a href=\"https:\/\/www.frandroid.com\/produits\/voitures\/smart\/2550493-smart-5\" target=\"_blank\" rel=\"noopener\">Smart #5<\/a> passe de 10 \u00e0 80 % en 15 minutes sur une telle borne \u2014 mais encore loin du potentiel des nouvelles batteries.<\/p>\n<p><a href=\"https:\/\/images.frandroid.com\/wp-content\/uploads\/2025\/05\/catl-beyond-expo-batterie-00014.jpeg\" target=\"_blank\" class=\"article-content__figure\" rel=\"noopener\"><img loading=\"lazy\" decoding=\"async\" width=\"1200\" height=\"900\" src=\"https:\/\/www.europesays.com\/fr\/wp-content\/uploads\/2025\/05\/catl-beyond-expo-batterie-00014-1200x900.jpeg\" alt=\"\" class=\"wp-image-2625629 wp-image\"  \/><\/a>La (longue) liste des constructeurs utilisant des batteries CATL<\/p>\n<p>La bonne nouvelle, c\u2019est que l\u2019infrastructure \u00e9volue. <a href=\"https:\/\/www.frandroid.com\/survoltes\/voitures-electriques\/2592377_la-recharge-des-voitures-electriques-chinoises-en-moins-de-10-minutes-arrive-enfin-en-europe\" target=\"_blank\" rel=\"noopener\">Ionity pr\u00e9voit l\u2019arriv\u00e9e de bornes 600 kW dans les mois \u00e0 venir en Europe<\/a>, ce qui permettra enfin d\u2019exploiter une partie du potentiel de ces batteries, et de passer de 10 \u00e0 80 % en moins de 10 minutes. En Allemagne, on trouve d\u00e9j\u00e0 des bornes Nio de 500 kW.<\/p>\n<p class=\"shortcode-container see-more\">\n    Pour aller plus loin<br \/><a href=\"https:\/\/www.frandroid.com\/marques\/byd\/2591243_on-a-recharge-une-voiture-electrique-byd-en-5-minutes-recit-de-cette-experience-hors-norme\" target=\"_blank\" rel=\"noopener\">On a recharg\u00e9 une voiture \u00e9lectrique BYD en 5 minutes : r\u00e9cit de cette exp\u00e9rience hors norme<\/a>\n            <\/p>\n<p>Et du c\u00f4t\u00e9 des constructeurs, <a href=\"https:\/\/www.frandroid.com\/produits\/byd\" target=\"_blank\" rel=\"noopener\">BYD<\/a> a r\u00e9cemment annonc\u00e9 sa propre technologie Megawatt Charging, avec des charges compl\u00e8tes en moins de 5 minutes. La premi\u00e8re station est d\u00e9j\u00e0 op\u00e9rationnelle \u00e0 Shenzen, <a href=\"https:\/\/www.frandroid.com\/marques\/byd\/2591243_on-a-recharge-une-voiture-electrique-byd-en-5-minutes-recit-de-cette-experience-hors-norme\" target=\"_blank\" rel=\"noopener\">et on a d\u00e9j\u00e0 pu tester la technologie<\/a>. Oui, on parle bien d\u2019un plein \u00e9lectrique aussi rapide (voire plus rapide) qu\u2019un plein d\u2019essence.<\/p>\n<p>Pr\u00e9cisons que CATL poss\u00e8de plusieurs usines en Europe, et ces batteries pourraient donc \u00eatre produites localement. En France, le g\u00e9ant ta\u00efwanais <a href=\"https:\/\/www.frandroid.com\/survoltes\/energie\/batteries-et-panneaux-solaires\/2574101_lusine-francaise-des-batteries-revolutionnaires-pour-voitures-electriques-prend-du-retard\" target=\"_blank\" rel=\"noopener\">Prologium pr\u00e9voit de s\u2019installer en 2028 avec les batteries semi-solides<\/a>.<\/p>\n<p>Envie de retrouver les meilleurs articles de Frandroid sur Google News ? Vous pouvez suivre <strong><a href=\"https:\/\/news.google.com\/publications\/CAAqBggKMICKMDCuyQU?oc=3\" target=\"_blank\" rel=\"noopener null noreferrer\">Frandroid sur Google News<\/a> en un clic.<\/strong><\/p>\n","protected":false},"excerpt":{"rendered":"Nous avons pu d\u00e9couvrir les nouvelles batteries de voitures \u00e9lectriques sign\u00e9es CATL. 1 500 km d\u2019autonomie, une recharge&hellip;\n","protected":false},"author":2,"featured_media":122172,"comment_status":"","ping_status":"","sticky":false,"template":"","format":"standard","meta":{"footnotes":""},"categories":[6],"tags":[35,12427,24411,24412,24413,24414,33,34,1011,27],"class_list":{"0":"post-122171","1":"post","2":"type-post","3":"status-publish","4":"format-standard","5":"has-post-thumbnail","7":"category-economie","8":"tag-business","9":"tag-catl","10":"tag-catl-freevoy","11":"tag-catl-naxtra","12":"tag-catl-qilin","13":"tag-catl-shenxing","14":"tag-economie","15":"tag-economy","16":"tag-fr","17":"tag-france"},"share_on_mastodon":{"url":"https:\/\/pubeurope.com\/@fr\/114557627077822034","error":""},"_links":{"self":[{"href":"https:\/\/www.europesays.com\/fr\/wp-json\/wp\/v2\/posts\/122171","targetHints":{"allow":["GET"]}}],"collection":[{"href":"https:\/\/www.europesays.com\/fr\/wp-json\/wp\/v2\/posts"}],"about":[{"href":"https:\/\/www.europesays.com\/fr\/wp-json\/wp\/v2\/types\/post"}],"author":[{"embeddable":true,"href":"https:\/\/www.europesays.com\/fr\/wp-json\/wp\/v2\/users\/2"}],"replies":[{"embeddable":true,"href":"https:\/\/www.europesays.com\/fr\/wp-json\/wp\/v2\/comments?post=122171"}],"version-history":[{"count":0,"href":"https:\/\/www.europesays.com\/fr\/wp-json\/wp\/v2\/posts\/122171\/revisions"}],"wp:featuredmedia":[{"embeddable":true,"href":"https:\/\/www.europesays.com\/fr\/wp-json\/wp\/v2\/media\/122172"}],"wp:attachment":[{"href":"https:\/\/www.europesays.com\/fr\/wp-json\/wp\/v2\/media?parent=122171"}],"wp:term":[{"taxonomy":"category","embeddable":true,"href":"https:\/\/www.europesays.com\/fr\/wp-json\/wp\/v2\/categories?post=122171"},{"taxonomy":"post_tag","embeddable":true,"href":"https:\/\/www.europesays.com\/fr\/wp-json\/wp\/v2\/tags?post=122171"}],"curies":[{"name":"wp","href":"https:\/\/api.w.org\/{rel}","templated":true}]}}