{"id":122177,"date":"2025-05-23T14:32:14","date_gmt":"2025-05-23T14:32:14","guid":{"rendered":"https:\/\/www.europesays.com\/fr\/122177\/"},"modified":"2025-05-23T14:32:14","modified_gmt":"2025-05-23T14:32:14","slug":"que-risque-lacteur-pour-ses-propos-menacants","status":"publish","type":"post","link":"https:\/\/www.europesays.com\/fr\/122177\/","title":{"rendered":"que risque l&rsquo;acteur pour ses \u00ab\u00a0propos mena\u00e7ants\u00a0\u00bb\u00a0?"},"content":{"rendered":"<p>            Par<br \/>\n        <strong><br \/>\n            <a href=\"https:\/\/actu.fr\/auteur\/redaction-actu\" title=\"Consulter tous les articles de R\u00e9daction Actu\" rel=\"nofollow noopener\" target=\"_blank\">R\u00e9daction Actu<\/a><br \/>\n        <\/strong><\/p>\n<p>        Publi\u00e9 le<\/p>\n<p>            23 mai 2025 \u00e0 12h27        <\/p>\n<p>Une altercation a \u00e9clat\u00e9 entre l\u2019acteur fran\u00e7ais <a href=\"https:\/\/actu.fr\/tag\/omar-sy\" rel=\"nofollow noopener\" target=\"_blank\">Omar Sy<\/a> et des agents de la <a href=\"https:\/\/actu.fr\/tag\/sncf\" rel=\"nofollow noopener\" target=\"_blank\">SNCF<\/a> ce jeudi 22\u00a0mai 2025, en gare de Lyon \u00e0 Paris.<\/p>\n<p class=\" wall-content\">Alors que le com\u00e9dien c\u00e9saris\u00e9 s\u2019appr\u00eatait \u00e0 embarquer dans un train pour Avignon avec son chien, des employ\u00e9s de la compagnie ferroviaire lui ont demand\u00e9 de museler son animal de compagnie, comme l\u2019impose le r\u00e8glement de la SNCF.<\/p>\n<p class=\" wall-content\">La star de la s\u00e9rie Lupin <a href=\"https:\/\/actu.fr\/ile-de-france\/paris_75056\/paris-omar-sy-accuse-d-avoir-menace-et-insulte-des-agents-sncf-en-gare-de-lyon_62674707.html\" rel=\"nofollow noopener\" target=\"_blank\">aurait alors refus\u00e9 et prof\u00e9r\u00e9 \u00ab\u2009des menaces de mort et des insultes \u00e0 l\u2019encontre des agents sur le quai\u2009\u00bb<\/a>. Il aurait ensuite r\u00e9p\u00e9t\u00e9 les \u00ab\u2009faits de menaces et d\u2019outrages, cette fois \u00e0 l\u2019encontre des contr\u00f4leurs\u2009\u00bb une fois dans le train.<\/p>\n<p>Six mois de prison et 7\u2009500\u00a0euros d\u2019amende<\/p>\n<p class=\" wall-content\">\u00c0 son arriv\u00e9e en gare d\u2019Avignon, Omar Sy n\u2019a pas \u00e9t\u00e9 interpell\u00e9 par les forces de l\u2019ordre, pr\u00e9cisent nos confr\u00e8res d\u2019actu Paris, mais la soci\u00e9t\u00e9 ferroviaire a indiqu\u00e9 que \u00ab\u2009des poursuites seront engag\u00e9es\u2009\u00bb. Pour l\u2019heure, l\u2019acteur n\u2019a\u00a0pas r\u00e9agi.<\/p>\n<p class=\" wall-content\">Selon <a href=\"https:\/\/www.legifrance.gouv.fr\/codes\/article_lc\/LEGIARTI000030902077\/2024-07-25\/\" rel=\"nofollow noopener\" target=\"_blank\">l\u2019article L2242-7 du Code des transports<\/a>, \u00ab\u2009est puni de six mois d\u2019emprisonnement et de 7\u2009500\u00a0euros d\u2019amende, l\u2019outrage adress\u00e9 \u00e0 un agent d\u2019un exploitant de r\u00e9seau de transport public de personnes\u2009\u00bb.<\/p>\n<p>Vid\u00e9os : en ce moment sur ActuQue pr\u00e9voit le r\u00e8glement de la SNCF\u2009?<\/p>\n<p class=\" wall-content\">Par ailleurs, <a href=\"https:\/\/www.sncf-voyageurs.com\/fr\/voyagez-avec-nous\/preparez-votre-voyage\/voyagez-avec-votre-animal-domestique\/\" rel=\"nofollow noopener\" target=\"_blank\">la r\u00e9glementation de la SNCF<\/a> pr\u00e9voit le transport d\u2019un animal domestique dans un panier ferm\u00e9 (45\u00a0cm x 30\u00a0cm x 25\u00a0cm maximum), plac\u00e9 sur les genoux ou aux pieds, moyennant sept euros.<\/p>\n<p class=\" wall-content\">Il est possible de voyager avec un chien tenu en laisse, \u00e0 condition qu\u2019il soit musel\u00e9 pendant tout le trajet. Dans ce cas, le tarif reste le m\u00eame et l\u2019animal doit rester aux pieds de son propri\u00e9taire.<\/p>\n<p class=\" wall-content\">Les chiens guides d\u2019aveugle ou d\u2019assistance voyagent, quant \u00e0 eux, gratuitement et sans billet \u00e0 bord de tous les trains.<\/p>\n<p class=\" wall-content\">La SNCF pr\u00e9cise qu\u2019il est possible d\u2019acheter un billet pour son animal directement aupr\u00e8s du chef de bord. Si l\u2019achat est effectu\u00e9 avant le contr\u00f4le des billets, le tarif est de 20\u00a0euros, mais s\u2019il intervient apr\u00e8s le d\u00e9but du contr\u00f4le, il est de 35\u00a0euros.<\/p>\n<p class=\" wall-content\">Suivez toute l\u2019actualit\u00e9 de vos villes et m\u00e9dias favoris en vous inscrivant \u00e0 <a href=\"https:\/\/moncompte.actu.fr\" title=\"D\u00e9couvez Mon Actu\" rel=\"nofollow noopener\" data-trk=\"{&quot;cta&quot;:{&quot;action&quot;:&quot;https:\\\/\\\/moncompte.actu.fr&quot;,&quot;category&quot;:&quot;mon compte&quot;,&quot;from&quot;:&quot;article footer&quot;,&quot;name&quot;:&quot;Mon actu&quot;,&quot;type&quot;:&quot;cta&quot;}}\" target=\"_blank\">Mon Actu<\/a>.<\/p>\n","protected":false},"excerpt":{"rendered":"Par R\u00e9daction Actu Publi\u00e9 le 23 mai 2025 \u00e0 12h27 Une altercation a \u00e9clat\u00e9 entre l\u2019acteur fran\u00e7ais Omar&hellip;\n","protected":false},"author":2,"featured_media":122178,"comment_status":"","ping_status":"","sticky":false,"template":"","format":"standard","meta":{"footnotes":""},"categories":[2],"tags":[11,1011,27,303,1652,12,18580,973],"class_list":{"0":"post-122177","1":"post","2":"type-post","3":"status-publish","4":"format-standard","5":"has-post-thumbnail","7":"category-actualites","8":"tag-actualites","9":"tag-fr","10":"tag-france","11":"tag-justice","12":"tag-loisirs-culture","13":"tag-news","14":"tag-omar-sy","15":"tag-people"},"share_on_mastodon":{"url":"https:\/\/pubeurope.com\/@fr\/114557638720822910","error":""},"_links":{"self":[{"href":"https:\/\/www.europesays.com\/fr\/wp-json\/wp\/v2\/posts\/122177","targetHints":{"allow":["GET"]}}],"collection":[{"href":"https:\/\/www.europesays.com\/fr\/wp-json\/wp\/v2\/posts"}],"about":[{"href":"https:\/\/www.europesays.com\/fr\/wp-json\/wp\/v2\/types\/post"}],"author":[{"embeddable":true,"href":"https:\/\/www.europesays.com\/fr\/wp-json\/wp\/v2\/users\/2"}],"replies":[{"embeddable":true,"href":"https:\/\/www.europesays.com\/fr\/wp-json\/wp\/v2\/comments?post=122177"}],"version-history":[{"count":0,"href":"https:\/\/www.europesays.com\/fr\/wp-json\/wp\/v2\/posts\/122177\/revisions"}],"wp:featuredmedia":[{"embeddable":true,"href":"https:\/\/www.europesays.com\/fr\/wp-json\/wp\/v2\/media\/122178"}],"wp:attachment":[{"href":"https:\/\/www.europesays.com\/fr\/wp-json\/wp\/v2\/media?parent=122177"}],"wp:term":[{"taxonomy":"category","embeddable":true,"href":"https:\/\/www.europesays.com\/fr\/wp-json\/wp\/v2\/categories?post=122177"},{"taxonomy":"post_tag","embeddable":true,"href":"https:\/\/www.europesays.com\/fr\/wp-json\/wp\/v2\/tags?post=122177"}],"curies":[{"name":"wp","href":"https:\/\/api.w.org\/{rel}","templated":true}]}}