{"id":122179,"date":"2025-05-23T14:33:10","date_gmt":"2025-05-23T14:33:10","guid":{"rendered":"https:\/\/www.europesays.com\/fr\/122179\/"},"modified":"2025-05-23T14:33:10","modified_gmt":"2025-05-23T14:33:10","slug":"ferme-pendant-plusieurs-mois-ce-magasin-de-mode-populaire-rouvre","status":"publish","type":"post","link":"https:\/\/www.europesays.com\/fr\/122179\/","title":{"rendered":"ferm\u00e9 pendant plusieurs mois, ce magasin de mode populaire rouvre"},"content":{"rendered":"<p>            Par<br \/>\n        <strong><br \/>\n            <a href=\"https:\/\/actu.fr\/auteur\/redaction-saint-etienne\" title=\"Consulter tous les articles de R\u00e9daction Saint-\u00c9tienne\" rel=\"nofollow noopener\" target=\"_blank\">R\u00e9daction Saint-\u00c9tienne<\/a><br \/>\n        <\/strong><\/p>\n<p>        Publi\u00e9 le<\/p>\n<p>            23 mai 2025 \u00e0 11h51        <\/p>\n<p>En m\u00eame temps que <a href=\"https:\/\/actu.fr\/grenoble\/\" rel=\"nofollow noopener\" target=\"_blank\">Grenoble<\/a>, G\u00e9mo, l\u2019enseigne de mode, rouvre (enfin) son magasin \u00e0 <a href=\"https:\/\/actu.fr\/auvergne-rhone-alpes\/annonay_07010\" rel=\"nofollow noopener\" target=\"_blank\">Annonay<\/a> (Ard\u00e8che), \u00e0 50\u00a0minutes de voiture de <a href=\"https:\/\/actu.fr\/saint-etienne\/\" rel=\"nofollow noopener\" target=\"_blank\">Saint-Etienne<\/a>.<\/p>\n<p class=\" wall-content\">En piteux \u00e9tat, la boutique de 1\u2009378\u2009m\u00b2 s\u2019est refait une beaut\u00e9 juste \u00e0 c\u00f4t\u00e9 de McDonald\u2019s, Intermarch\u00e9, etc. Le magasin ouvre ses portes ce vendredi 23 mai 2025.<\/p>\n<blockquote class=\"ac-article-quote wall-content\">\n<p>Quand on est partout en France et qu&rsquo;on a le plus grand nombre de magasins de chaussures et v\u00eatements d\u00e9di\u00e9s \u00e0 la famille, forc\u00e9ment on vous connait bien, on vous voit tous les jours, on sait bien que la vie de famille c&rsquo;est rock&rsquo;n roll, parfois c&rsquo;est m\u00eame un peu usant&#8230; Et pas que pour les fringues !<\/p>\n<p>    <strong>G\u00e9mo<\/strong>\n            <\/p><\/blockquote>\n<p>Les marques LuluCastagnette, Adidas, Champion, Skechers\u2026<\/p>\n<p class=\" wall-content\">Les clients pourront retrouver en exclusivit\u00e9 des marques comme LuluCastagnette, ainsi que des enseignes de sport comme Adidas, Champion, Skechers ou encore Ellesse.<\/p>\n<p class=\" wall-content\">G\u00e9mo dispose d\u2019un r\u00e9seau de plus de 430 magasins situ\u00e9s principalement en p\u00e9riph\u00e9rie dans toute la France et \u00e0 l\u2019\u00e9tranger.<\/p>\n<p>Vid\u00e9os : en ce moment sur Actu<\/p>\n<p>Click &amp; collect en 1h, livraison en magasin, e-r\u00e9servation et retour. Adresse et horaires\u2009: 240 Rue de La Ferme du Mas 9\u2009: 00 \u2013 19\u2009: 00 du lundi au samedi<\/p>\n<p class=\" wall-content\">Suivez toute l\u2019actualit\u00e9 de vos villes et m\u00e9dias favoris en vous inscrivant \u00e0 <a href=\"https:\/\/moncompte.actu.fr\" title=\"D\u00e9couvez Mon Actu\" rel=\"nofollow noopener\" data-trk=\"{&quot;cta&quot;:{&quot;action&quot;:&quot;https:\\\/\\\/moncompte.actu.fr&quot;,&quot;category&quot;:&quot;mon compte&quot;,&quot;from&quot;:&quot;article footer&quot;,&quot;name&quot;:&quot;Mon actu&quot;,&quot;type&quot;:&quot;cta&quot;}}\" target=\"_blank\">Mon Actu<\/a>.<\/p>\n","protected":false},"excerpt":{"rendered":"Par R\u00e9daction Saint-\u00c9tienne Publi\u00e9 le 23 mai 2025 \u00e0 11h51 En m\u00eame temps que Grenoble, G\u00e9mo, l\u2019enseigne de&hellip;\n","protected":false},"author":2,"featured_media":122180,"comment_status":"","ping_status":"","sticky":false,"template":"","format":"standard","meta":{"footnotes":""},"categories":[9653],"tags":[1111,11,2430,215,33,1777,674,1011,27,12,25,4001,2086],"class_list":{"0":"post-122179","1":"post","2":"type-post","3":"status-publish","4":"format-standard","5":"has-post-thumbnail","7":"category-saint-etienne","8":"tag-actu","9":"tag-actualites","10":"tag-auvergne-rhone-alpes","11":"tag-commerce","12":"tag-economie","13":"tag-eu","14":"tag-europe","15":"tag-fr","16":"tag-france","17":"tag-news","18":"tag-republique-francaise","19":"tag-saint-etienne","20":"tag-travaux"},"share_on_mastodon":{"url":"https:\/\/pubeurope.com\/@fr\/114557642793371801","error":""},"_links":{"self":[{"href":"https:\/\/www.europesays.com\/fr\/wp-json\/wp\/v2\/posts\/122179","targetHints":{"allow":["GET"]}}],"collection":[{"href":"https:\/\/www.europesays.com\/fr\/wp-json\/wp\/v2\/posts"}],"about":[{"href":"https:\/\/www.europesays.com\/fr\/wp-json\/wp\/v2\/types\/post"}],"author":[{"embeddable":true,"href":"https:\/\/www.europesays.com\/fr\/wp-json\/wp\/v2\/users\/2"}],"replies":[{"embeddable":true,"href":"https:\/\/www.europesays.com\/fr\/wp-json\/wp\/v2\/comments?post=122179"}],"version-history":[{"count":0,"href":"https:\/\/www.europesays.com\/fr\/wp-json\/wp\/v2\/posts\/122179\/revisions"}],"wp:featuredmedia":[{"embeddable":true,"href":"https:\/\/www.europesays.com\/fr\/wp-json\/wp\/v2\/media\/122180"}],"wp:attachment":[{"href":"https:\/\/www.europesays.com\/fr\/wp-json\/wp\/v2\/media?parent=122179"}],"wp:term":[{"taxonomy":"category","embeddable":true,"href":"https:\/\/www.europesays.com\/fr\/wp-json\/wp\/v2\/categories?post=122179"},{"taxonomy":"post_tag","embeddable":true,"href":"https:\/\/www.europesays.com\/fr\/wp-json\/wp\/v2\/tags?post=122179"}],"curies":[{"name":"wp","href":"https:\/\/api.w.org\/{rel}","templated":true}]}}