{"id":122183,"date":"2025-05-23T14:35:14","date_gmt":"2025-05-23T14:35:14","guid":{"rendered":"https:\/\/www.europesays.com\/fr\/122183\/"},"modified":"2025-05-23T14:35:14","modified_gmt":"2025-05-23T14:35:14","slug":"sur-meurthe-mariage-jordane-et-szu-cheng","status":"publish","type":"post","link":"https:\/\/www.europesays.com\/fr\/122183\/","title":{"rendered":"sur-Meurthe | Mariage. Jordane et Szu-Cheng"},"content":{"rendered":"<p>Ce jeudi \u00e0 11 heures \u00e0 la mairie d\u2019Art-sur-Meurthe, Thierry Delors, premier adjoint et officier d\u2019\u00e9tat civil, assist\u00e9 par Georgette Damen, a uni par les liens du mariage Jordane Mathieu et Szu-Cheng Chen, tous deux designers.<\/p>\n<p>Si le couple vit \u00e0 Londres, les parents de Jordane r\u00e9sident au 11, rue du Faubourg Saint-Phlin, \u00e0 Art-sur-Meurthe.<\/p>\n<p>Nos v\u0153ux de bonheur.<\/p>\n","protected":false},"excerpt":{"rendered":"Ce jeudi \u00e0 11 heures \u00e0 la mairie d\u2019Art-sur-Meurthe, Thierry Delors, premier adjoint et officier d\u2019\u00e9tat civil, assist\u00e9&hellip;\n","protected":false},"author":2,"featured_media":122184,"comment_status":"","ping_status":"","sticky":false,"template":"","format":"standard","meta":{"footnotes":""},"categories":[9635],"tags":[1111,11,12724,9223,1704,1777,674,1011,27,775,1930,9649,1702,12,25,104],"class_list":{"0":"post-122183","1":"post","2":"type-post","3":"status-publish","4":"format-standard","5":"has-post-thumbnail","7":"category-nancy","8":"tag-actu","9":"tag-actualites","10":"tag-art-sur-meurthe","11":"tag-carnet-du-jour","12":"tag-edition-nancy-et-agglomeration","13":"tag-eu","14":"tag-europe","15":"tag-fr","16":"tag-france","17":"tag-grand-est","18":"tag-mariage","19":"tag-metropole-du-grand-nancy-54b2","20":"tag-nancy","21":"tag-news","22":"tag-republique-francaise","23":"tag-societe"},"share_on_mastodon":{"url":"https:\/\/pubeurope.com\/@fr\/114557650656746288","error":""},"_links":{"self":[{"href":"https:\/\/www.europesays.com\/fr\/wp-json\/wp\/v2\/posts\/122183","targetHints":{"allow":["GET"]}}],"collection":[{"href":"https:\/\/www.europesays.com\/fr\/wp-json\/wp\/v2\/posts"}],"about":[{"href":"https:\/\/www.europesays.com\/fr\/wp-json\/wp\/v2\/types\/post"}],"author":[{"embeddable":true,"href":"https:\/\/www.europesays.com\/fr\/wp-json\/wp\/v2\/users\/2"}],"replies":[{"embeddable":true,"href":"https:\/\/www.europesays.com\/fr\/wp-json\/wp\/v2\/comments?post=122183"}],"version-history":[{"count":0,"href":"https:\/\/www.europesays.com\/fr\/wp-json\/wp\/v2\/posts\/122183\/revisions"}],"wp:featuredmedia":[{"embeddable":true,"href":"https:\/\/www.europesays.com\/fr\/wp-json\/wp\/v2\/media\/122184"}],"wp:attachment":[{"href":"https:\/\/www.europesays.com\/fr\/wp-json\/wp\/v2\/media?parent=122183"}],"wp:term":[{"taxonomy":"category","embeddable":true,"href":"https:\/\/www.europesays.com\/fr\/wp-json\/wp\/v2\/categories?post=122183"},{"taxonomy":"post_tag","embeddable":true,"href":"https:\/\/www.europesays.com\/fr\/wp-json\/wp\/v2\/tags?post=122183"}],"curies":[{"name":"wp","href":"https:\/\/api.w.org\/{rel}","templated":true}]}}