{"id":122185,"date":"2025-05-23T14:36:16","date_gmt":"2025-05-23T14:36:16","guid":{"rendered":"https:\/\/www.europesays.com\/fr\/122185\/"},"modified":"2025-05-23T14:36:16","modified_gmt":"2025-05-23T14:36:16","slug":"municipales-2026-les-insoumis-se-mettent-en-marche-a-nancy","status":"publish","type":"post","link":"https:\/\/www.europesays.com\/fr\/122185\/","title":{"rendered":"Municipales 2026. Les Insoumis se mettent en marche \u00e0 Nancy"},"content":{"rendered":"<p>Insoumis, municipales \u00e0 <a href=\"https:\/\/www.estrepublicain.fr\/edition-nancy-et-agglomeration\" target=\"_blank\" rel=\"noopener\">Nancy<\/a> \u00a0: acte\u00a0I.<\/p>\n<p>Dans un communiqu\u00e9 dat\u00e9 de ce vendredi 23\u00a0mai, le \u00ab\u00a0Comit\u00e9 \u00e9lectoral national de la France insoumise\u00a0\u00bb indique avoir valid\u00e9 \u00ab\u00a0le bin\u00f4me paritaire de chefs de file en vue des \u00e9lections municipales de mars\u00a02026 \u00e0 Nancy\u00a0\u00bb\u00a0: Hadrien Fournet et Sarah Farghaly.<\/p>\n<p>Ce bin\u00f4me est, selon le parti de <a href=\"https:\/\/www.estrepublicain.fr\/p\/jean-luc-melenchon\" target=\"_blank\" rel=\"noopener\">Jean-Luc M\u00e9lenchon<\/a>, charg\u00e9 \u00ab\u00a0d\u2019animer le collectif Insoumis de campagne et d\u2019engager des discussions avec d\u2019autres organisations politiques de gauche, sur la base de garanties programmatiques claires\u00a0\u00bb.<\/p>\n<p>\u00ab\u00a0Conform\u00e9ment au texte d\u2019orientation strat\u00e9gique de la France insoumise, adopt\u00e9 par les insoumis en janvier\u00a02025, il veillera \u00e0 l\u2018\u00e9laboration d\u2019un programme de rupture \u00e0 l\u2019\u00e9chelle de la commune pour qu\u2019une liste d\u2019union populaire l\u2019emporte lors du prochain scrutin municipal\u00a0\u00bb, ajoute le parti d\u2019extr\u00eame gauche.<\/p>\n<p>  \u00ab\u00a0Les portes sont ouvertes\u00a0\u00bb<\/p>\n<p>Contact\u00e9 ce 23\u00a0mai, Hadrien Fournet explique qu\u2019il est mobilis\u00e9 pour remplir sa mission avec Sarah Farghaly. Le duo n\u2019\u00e9voque pas du tout la future t\u00eate de liste.<\/p>\n<p>En r\u00e9sum\u00e9, il s\u2019agit bien de discuter avec <a href=\"https:\/\/www.estrepublicain.fr\/p\/mathieu-klein\" target=\"_blank\" rel=\"noopener\">Mathieu Klein<\/a> et des autres alli\u00e9s de gauche. \u00ab\u00a0Toutes les portes sont ouvertes\u00a0\u00bb, confirme Hadrien Fournet \u00e0 <a href=\"https:\/\/www.estrepublicain.fr\/edition-nancy-et-agglomeration\" target=\"_blank\" rel=\"noopener\">L\u2019Est R\u00e9publicain.<\/a><\/p>\n<p>Lors des derni\u00e8res \u00e9lections en 2020, les Insoumis avaient constitu\u00e9 une liste avec, \u00e0 sa t\u00eate, <a href=\"https:\/\/www.estrepublicain.fr\/politique\/2020\/02\/26\/presentation-de-la-liste-nancy-en-commun-avec-nordine-jouira\" target=\"_blank\" rel=\"noopener\">Nordine Jouira,<\/a> et en troisi\u00e8me place Hadrien Fournet.<\/p>\n<p>Baptis\u00e9e \u00ab\u00a0Nancy en commun\u00a0\u00bb, cette derni\u00e8re n\u2019avait recueilli que 4,48\u00a0% des suffrages au premier tour.<\/p>\n","protected":false},"excerpt":{"rendered":"Insoumis, municipales \u00e0 Nancy \u00a0: acte\u00a0I. Dans un communiqu\u00e9 dat\u00e9 de ce vendredi 23\u00a0mai, le \u00ab\u00a0Comit\u00e9 \u00e9lectoral national&hellip;\n","protected":false},"author":2,"featured_media":122186,"comment_status":"","ping_status":"","sticky":false,"template":"","format":"standard","meta":{"footnotes":""},"categories":[9635],"tags":[1111,11,1704,4188,1777,674,1011,27,775,2338,1702,1703,12,316,25],"class_list":{"0":"post-122185","1":"post","2":"type-post","3":"status-publish","4":"format-standard","5":"has-post-thumbnail","7":"category-nancy","8":"tag-actu","9":"tag-actualites","10":"tag-edition-nancy-et-agglomeration","11":"tag-elections-municipales","12":"tag-eu","13":"tag-europe","14":"tag-fr","15":"tag-france","16":"tag-grand-est","17":"tag-la-france-insoumise","18":"tag-nancy","19":"tag-nancy-ville-54b","20":"tag-news","21":"tag-politique","22":"tag-republique-francaise"},"share_on_mastodon":{"url":"https:\/\/pubeurope.com\/@fr\/114557654420763401","error":""},"_links":{"self":[{"href":"https:\/\/www.europesays.com\/fr\/wp-json\/wp\/v2\/posts\/122185","targetHints":{"allow":["GET"]}}],"collection":[{"href":"https:\/\/www.europesays.com\/fr\/wp-json\/wp\/v2\/posts"}],"about":[{"href":"https:\/\/www.europesays.com\/fr\/wp-json\/wp\/v2\/types\/post"}],"author":[{"embeddable":true,"href":"https:\/\/www.europesays.com\/fr\/wp-json\/wp\/v2\/users\/2"}],"replies":[{"embeddable":true,"href":"https:\/\/www.europesays.com\/fr\/wp-json\/wp\/v2\/comments?post=122185"}],"version-history":[{"count":0,"href":"https:\/\/www.europesays.com\/fr\/wp-json\/wp\/v2\/posts\/122185\/revisions"}],"wp:featuredmedia":[{"embeddable":true,"href":"https:\/\/www.europesays.com\/fr\/wp-json\/wp\/v2\/media\/122186"}],"wp:attachment":[{"href":"https:\/\/www.europesays.com\/fr\/wp-json\/wp\/v2\/media?parent=122185"}],"wp:term":[{"taxonomy":"category","embeddable":true,"href":"https:\/\/www.europesays.com\/fr\/wp-json\/wp\/v2\/categories?post=122185"},{"taxonomy":"post_tag","embeddable":true,"href":"https:\/\/www.europesays.com\/fr\/wp-json\/wp\/v2\/tags?post=122185"}],"curies":[{"name":"wp","href":"https:\/\/api.w.org\/{rel}","templated":true}]}}