{"id":122187,"date":"2025-05-23T14:37:08","date_gmt":"2025-05-23T14:37:08","guid":{"rendered":"https:\/\/www.europesays.com\/fr\/122187\/"},"modified":"2025-05-23T14:37:08","modified_gmt":"2025-05-23T14:37:08","slug":"lex-maire-de-toulon-hubert-falco-condamne-pour-avoir-insulte-un-journaliste","status":"publish","type":"post","link":"https:\/\/www.europesays.com\/fr\/122187\/","title":{"rendered":"L&rsquo;ex-maire de Toulon Hubert Falco condamn\u00e9 pour avoir insult\u00e9 un journaliste"},"content":{"rendered":"<p>L\u2019ancien \u00e9dile a \u00e9t\u00e9 condamn\u00e9 \u00e0 une amende de 1000 euros pour avoir insult\u00e9 et trait\u00e9 de \u00abchien galeux\u00bb un journaliste collaborant pour Mediapart.<\/p>\n<p class=\"fig-paragraph\">L&rsquo;ex-maire de Toulon Hubert Falco, d\u00e9mis de ses fonctions par la justice, a \u00e9t\u00e9 condamn\u00e9 vendredi \u00e0 une amende de 1000 euros pour avoir\u00a0<a href=\"http:\/\/www.lefigaro.fr\/marseille\/toulon-hubert-falco-poursuivi-par-un-journaliste-de-mediapart-pour-injure-publique-20250513\" data-fig-type=\"NewsFlash\" data-gtm-custom-categorie=\"navigation\" data-gtm-custom-action=\"crossclick\" data-gtm-custom-label=\"Contextuel\" data-gtm-event=\"customEventSPE\" data-fig-domain=\"LEFIGARO\" target=\"_blank\" rel=\"noopener\">insult\u00e9 et trait\u00e9 de \u00abchien galeux\u00bb un journaliste collaborant pour Mediapart<\/a> .<\/p>\n<p class=\"fig-paragraph\">Le tribunal correctionnel de Toulon l&rsquo;a \u00e9galement condamn\u00e9 \u00e0 verser 1000 euros de dommages et int\u00e9r\u00eats au journaliste Simon Fontvieille et 500 euros au Syndicat national des journalistes (SNJ), qui s&rsquo;\u00e9tait constitu\u00e9 partie civile. \u00abC&rsquo;est une victoire pour la libert\u00e9 de la presse montrant que tout journaliste, quel qu&rsquo;il soit, doit pouvoir exercer son travail de fa\u00e7on libre et sereine au service des citoyens et de l&rsquo;int\u00e9r\u00eat g\u00e9n\u00e9ral\u00bb, a r\u00e9agi le journaliste aupr\u00e8s de l&rsquo;AFP. L&rsquo;avocat de l&rsquo;ex-\u00e9lu n&rsquo;\u00e9tait lui pas joignable dans l&rsquo;imm\u00e9diat.<\/p>\n<p class=\"fig-paragraph\">Le proc\u00e8s s&rsquo;\u00e9tait tenu le 16 mai en l&rsquo;absence de l&rsquo;ex-baron de la politique varoise, ce qui fut \u00abfort dommage\u00bb selon la pr\u00e9sidente. Simon Fontvieille, journaliste de 34 ans, avait expliqu\u00e9 \u00e0 la barre les tentatives d&rsquo;\u00abintimidation\u00bb r\u00e9p\u00e9t\u00e9es de la part d&rsquo;Hubert Falco, \u00e0 qui il a consacr\u00e9 plusieurs enqu\u00eates. Les faits jug\u00e9s concernaient un \u00e9pisode en marge d&rsquo;une c\u00e9r\u00e9monie publique c\u00e9l\u00e9brant les 79 ans de la lib\u00e9ration de Toulon en ao\u00fbt 2023.<\/p>\n<p>Plus de mandat<\/p>\n<p class=\"fig-paragraph\">Hubert Falco,\u00a0<a href=\"http:\/\/www.lefigaro.fr\/marseille\/j-ai-compris-que-c-etait-illegal-en-garde-a-vue-hubert-falco-reconnait-des-dejeuners-gratuits-au-conseil-departemental-20240325\" data-fig-type=\"NewsFlash\" data-gtm-custom-categorie=\"navigation\" data-gtm-custom-action=\"crossclick\" data-gtm-custom-label=\"Contextuel\" data-gtm-event=\"customEventSPE\" data-fig-domain=\"LEFIGARO\" target=\"_blank\" rel=\"noopener\">qui n&rsquo;a alors plus de mandat<\/a>, est pr\u00e9sent et le journaliste le prend en photo, comme d&rsquo;autres personnalit\u00e9s. L&rsquo;ex-\u00e9lu, aujourd&rsquo;hui \u00e2g\u00e9 de 78 ans, lui lance alors\u00a0: \u00ab\u00c7a te g\u00eane que je sois l\u00e0\u00a0?\u00bb, le traitant d&rsquo;\u00abesp\u00e8ce de chien\u00bb, \u00abchien galeux\u00bb. \u00abEnfin M. Falco, \u201cchien galeux\u201d, pourquoi vous \u00eates aussi grossier\u00a0?\u00bb, lui r\u00e9pond le journaliste.<\/p>\n<p class=\"fig-paragraph\">Hubert Falco le traite alors de \u00abconnard\u00bb, ajoutant\u00a0: \u00abOui, je te le dis\u00a0! \u00c9cris-le \u00e0 Mediapart que je t&rsquo;ai dit que tu \u00e9tais un connard\u00bb. Le 28 mai, une autre \u00e9ch\u00e9ance judiciaire cruciale attend Hubert Falco\u00a0: la d\u00e9cision de la Cour de cassation sur sa peine de cinq ans d&rsquo;in\u00e9ligibilit\u00e9 imm\u00e9diate prononc\u00e9e en 2024 par la cour d&rsquo;appel d&rsquo;Aix-en-Provence dans un dossier de d\u00e9tournements de fonds publics, qu&rsquo;il conteste. Une d\u00e9cision dont d\u00e9pend son avenir politique, \u00e0 moins d&rsquo;un an des municipales.<\/p>\n","protected":false},"excerpt":{"rendered":"L\u2019ancien \u00e9dile a \u00e9t\u00e9 condamn\u00e9 \u00e0 une amende de 1000 euros pour avoir insult\u00e9 et trait\u00e9 de \u00abchien&hellip;\n","protected":false},"author":2,"featured_media":122188,"comment_status":"","ping_status":"","sticky":false,"template":"","format":"standard","meta":{"footnotes":""},"categories":[9619],"tags":[1111,11,885,1182,1180,1181,1777,674,1011,27,2335,2957,1184,1185,12,1177,1176,149,1186,882,25,1178,1183,2310,1179],"class_list":{"0":"post-122187","1":"post","2":"type-post","3":"status-publish","4":"format-standard","5":"has-post-thumbnail","7":"category-toulon","8":"tag-actu","9":"tag-actualites","10":"tag-bouches-du-rhone","11":"tag-calanques","12":"tag-canebiere","13":"tag-cite-phoceenne","14":"tag-eu","15":"tag-europe","16":"tag-fr","17":"tag-france","18":"tag-insulte","19":"tag-journaliste","20":"tag-la-timone","21":"tag-les-baumettes-mediterranee","22":"tag-news","23":"tag-notre-dame-de-la-garde","24":"tag-olympique-de-marseille","25":"tag-om","26":"tag-provence","27":"tag-provence-alpes-cote-dazur","28":"tag-republique-francaise","29":"tag-saint-charles","30":"tag-sormiou","31":"tag-toulon","32":"tag-vieux-port"},"share_on_mastodon":{"url":"https:\/\/pubeurope.com\/@fr\/114557658411006918","error":""},"_links":{"self":[{"href":"https:\/\/www.europesays.com\/fr\/wp-json\/wp\/v2\/posts\/122187","targetHints":{"allow":["GET"]}}],"collection":[{"href":"https:\/\/www.europesays.com\/fr\/wp-json\/wp\/v2\/posts"}],"about":[{"href":"https:\/\/www.europesays.com\/fr\/wp-json\/wp\/v2\/types\/post"}],"author":[{"embeddable":true,"href":"https:\/\/www.europesays.com\/fr\/wp-json\/wp\/v2\/users\/2"}],"replies":[{"embeddable":true,"href":"https:\/\/www.europesays.com\/fr\/wp-json\/wp\/v2\/comments?post=122187"}],"version-history":[{"count":0,"href":"https:\/\/www.europesays.com\/fr\/wp-json\/wp\/v2\/posts\/122187\/revisions"}],"wp:featuredmedia":[{"embeddable":true,"href":"https:\/\/www.europesays.com\/fr\/wp-json\/wp\/v2\/media\/122188"}],"wp:attachment":[{"href":"https:\/\/www.europesays.com\/fr\/wp-json\/wp\/v2\/media?parent=122187"}],"wp:term":[{"taxonomy":"category","embeddable":true,"href":"https:\/\/www.europesays.com\/fr\/wp-json\/wp\/v2\/categories?post=122187"},{"taxonomy":"post_tag","embeddable":true,"href":"https:\/\/www.europesays.com\/fr\/wp-json\/wp\/v2\/tags?post=122187"}],"curies":[{"name":"wp","href":"https:\/\/api.w.org\/{rel}","templated":true}]}}