{"id":122193,"date":"2025-05-23T14:40:08","date_gmt":"2025-05-23T14:40:08","guid":{"rendered":"https:\/\/www.europesays.com\/fr\/122193\/"},"modified":"2025-05-23T14:40:08","modified_gmt":"2025-05-23T14:40:08","slug":"la-communaute-camerounaise-celebre-la-fete-nationale-de-ce-pays-au-carrousel","status":"publish","type":"post","link":"https:\/\/www.europesays.com\/fr\/122193\/","title":{"rendered":"la communaut\u00e9 camerounaise c\u00e9l\u00e8bre la f\u00eate nationale de ce pays au Carrousel"},"content":{"rendered":"<p>            Par<br \/>\n        <strong><br \/>\n            <a href=\"https:\/\/actu.fr\/auteur\/metropoop\" title=\"Consulter tous les articles de R\u00e9daction M\u00e9tropolitain\" rel=\"nofollow noopener\" target=\"_blank\">R\u00e9daction M\u00e9tropolitain<\/a><br \/>\n        <\/strong><\/p>\n<p>        Publi\u00e9 le<\/p>\n<p>            23 mai 2025 \u00e0 16h34        <\/p>\n<p>La <strong>communaut\u00e9 camerounaise<\/strong> et leurs amis f\u00eatent l\u2019unit\u00e9 nationale de son pays, selon. une tradition bien ancr\u00e9e \u00e0 <strong>Montpellier<\/strong>. Cette f\u00eate est c\u00e9l\u00e9br\u00e9e le 20 mai chaque ann\u00e9e, mais \u00e0 Montpellier, c\u2019est ce samedi 24 mai 2025.<\/p>\n<p class=\" wall-content\">C\u2019est donc l\u2019occasion de (re)d\u00e9couvrir la culture camerounaise au travers de cet \u00e9v\u00e9nement\u00a0F\u00eate nationale du Cameroun au Carrousel de Montpellier.<\/p>\n<p>    <a href=\"https:\/\/www.google.com\/maps\/embed?pb=!1m18!1m12!1m3!1d4318.694645241141!2d3.8711218887358916!3d43.605492696958144!2m3!1f0!2f0!3f0!3m2!1i1024!2i768!4f13.1!3m3!1m2!1s0x12b6afaf2c00263d%3A0xd9908559b831f520!2sLe%20Carrousel%2C%2034000%20Montpellier!5e0!3m2!1sfr!2sfr!4v1748010269469!5m2!1sfr!2sfr\" title=\"Ouvrie le lien\" rel=\"nofollow noopener\" target=\"_blank\">Cliquez ici pour visualiser le contenu<\/a><\/p>\n<p class=\" wall-content\"><strong>Au programme<\/strong> : la Reine EKang Kolonel Mendilope<br \/>Martin Koums<br \/>Jimmy Curtis<br \/>Masta Nguila<br \/>M Julie<br \/>Impressario Papirux le Spiruxx<\/p>\n<p class=\" wall-content\">Entr\u00e9e libre d\u00e8s 13 heures.\u00a0Participation : 20\u20ac pour les adultes et 10\u20ac pour les enfants.<\/p>\n<p>Vid\u00e9os : en ce moment sur Actu<\/p>\n<p class=\" wall-content\">Au <strong>Carrousel<\/strong>, 9 boulevard Gambetta, au niveau de la place Saint-Denis, exposition et vente de plats camerounais traditionnels : au Cameroun, il existe une tr\u00e8s grande vari\u00e9t\u00e9 de pr\u00e9parations culinaires et de multiples traditions r\u00e9gionales, si bien qu\u2019il est difficile de parler de la cuisine camerounaise comme un tout unifi\u00e9. Il existe de nombreux plats r\u00e9gionaux qui se sont d\u00e9velopp\u00e9s au point d\u2019\u00eatre reconnus au niveau national et international comme le poulet DG ou le ndol\u00e9. Beaucoup de plats r\u00e9gionaux, \u00e0 l\u2019origine, se sont \u00e9galement multipli\u00e9s \u00e0 travers le pays avec quelques variations d\u2019une r\u00e9gion \u00e0 une autre.<\/p>\n<p>Artisanat, bijoux, \u00e9piceries traditionnelles<\/p>\n<p class=\" wall-content\">La vari\u00e9t\u00e9 de la cuisine de ce pays africain s\u2019explique par la diversit\u00e9 de ses groupes ethniques, par son histoire qui a amen\u00e9 des influences culinaires diverses, et par son climat contrast\u00e9 qui donne acc\u00e8s \u00e0 des produits v\u00e9g\u00e9taux et animaux diff\u00e9rent selon le climat dans ces r\u00e9gions. L\u2019occasion de d\u00e9guster et d\u2019acheter ces mets.<\/p>\n<p class=\" wall-content\">Et aussi : artisanat et objets d\u2019art<br \/>Bijoux et maroquinerie<br \/>Onglerie et soins<br \/>\u00c9piceries traditionnelles<br \/>Exposition de tableaux. Toutes les infos au 06 26 45 23 34<\/p>\n<p class=\" wall-content\">Suivez toute l\u2019actualit\u00e9 de vos villes et m\u00e9dias favoris en vous inscrivant \u00e0 <a href=\"https:\/\/moncompte.actu.fr\" title=\"D\u00e9couvez Mon Actu\" rel=\"nofollow noopener\" data-trk=\"{&quot;cta&quot;:{&quot;action&quot;:&quot;https:\\\/\\\/moncompte.actu.fr&quot;,&quot;category&quot;:&quot;mon compte&quot;,&quot;from&quot;:&quot;article footer&quot;,&quot;name&quot;:&quot;Mon actu&quot;,&quot;type&quot;:&quot;cta&quot;}}\" target=\"_blank\">Mon Actu<\/a>.<\/p>\n","protected":false},"excerpt":{"rendered":"Par R\u00e9daction M\u00e9tropolitain Publi\u00e9 le 23 mai 2025 \u00e0 16h34 La communaut\u00e9 camerounaise et leurs amis f\u00eatent l\u2019unit\u00e9&hellip;\n","protected":false},"author":2,"featured_media":122194,"comment_status":"","ping_status":"","sticky":false,"template":"","format":"standard","meta":{"footnotes":""},"categories":[9599],"tags":[1111,11,1777,674,1349,1011,27,1652,2208,12,2680,25],"class_list":{"0":"post-122193","1":"post","2":"type-post","3":"status-publish","4":"format-standard","5":"has-post-thumbnail","7":"category-montpellier","8":"tag-actu","9":"tag-actualites","10":"tag-eu","11":"tag-europe","12":"tag-expositions","13":"tag-fr","14":"tag-france","15":"tag-loisirs-culture","16":"tag-montpellier","17":"tag-news","18":"tag-occitanie","19":"tag-republique-francaise"},"share_on_mastodon":{"url":"https:\/\/pubeurope.com\/@fr\/114557670185581130","error":""},"_links":{"self":[{"href":"https:\/\/www.europesays.com\/fr\/wp-json\/wp\/v2\/posts\/122193","targetHints":{"allow":["GET"]}}],"collection":[{"href":"https:\/\/www.europesays.com\/fr\/wp-json\/wp\/v2\/posts"}],"about":[{"href":"https:\/\/www.europesays.com\/fr\/wp-json\/wp\/v2\/types\/post"}],"author":[{"embeddable":true,"href":"https:\/\/www.europesays.com\/fr\/wp-json\/wp\/v2\/users\/2"}],"replies":[{"embeddable":true,"href":"https:\/\/www.europesays.com\/fr\/wp-json\/wp\/v2\/comments?post=122193"}],"version-history":[{"count":0,"href":"https:\/\/www.europesays.com\/fr\/wp-json\/wp\/v2\/posts\/122193\/revisions"}],"wp:featuredmedia":[{"embeddable":true,"href":"https:\/\/www.europesays.com\/fr\/wp-json\/wp\/v2\/media\/122194"}],"wp:attachment":[{"href":"https:\/\/www.europesays.com\/fr\/wp-json\/wp\/v2\/media?parent=122193"}],"wp:term":[{"taxonomy":"category","embeddable":true,"href":"https:\/\/www.europesays.com\/fr\/wp-json\/wp\/v2\/categories?post=122193"},{"taxonomy":"post_tag","embeddable":true,"href":"https:\/\/www.europesays.com\/fr\/wp-json\/wp\/v2\/tags?post=122193"}],"curies":[{"name":"wp","href":"https:\/\/api.w.org\/{rel}","templated":true}]}}