{"id":122195,"date":"2025-05-23T14:41:33","date_gmt":"2025-05-23T14:41:33","guid":{"rendered":"https:\/\/www.europesays.com\/fr\/122195\/"},"modified":"2025-05-23T14:41:33","modified_gmt":"2025-05-23T14:41:33","slug":"a-rouen-une-parenthese-musicale-pour-les-patients-atteints-de-cancers","status":"publish","type":"post","link":"https:\/\/www.europesays.com\/fr\/122195\/","title":{"rendered":"A Rouen, une parenth\u00e8se musicale pour les patients atteints de cancers"},"content":{"rendered":"\n<p align=\"justify\">Les notes ont r\u00e9sonn\u00e9 ce jeudi 22 mai dans les couloirs du centre de lutte contre le cancer de Rouen. Dans le cadre de l&rsquo;\u00e9v\u00e8nement \u00ab\u00a0La musique \u00e0 tous les \u00e9tages\u00a0\u00bb, cr\u00e9\u00e9 fin 2024, et qui consiste \u00e0 <strong>accueillir une fois par mois un artiste ou un groupe, afin qu&rsquo;il se produise au sein de l\u2019\u00e9tablissement et apporte un peu de baume au c\u0153ur des patients et du personnel<\/strong>. \u00ab\u00a0C&rsquo;est un petit moment hors h\u00f4pital qui se cr\u00e9e m\u00eame si on est toujours dans l&rsquo;h\u00f4pital et c&rsquo;est g\u00e9nial\u00a0\u00bb souligne Kate Verhoeven, accompagnatrice sant\u00e9 et investie dans ce projet.<\/p>\n<p>Bon pour le moral<\/p>\n<p align=\"justify\">Hospitalis\u00e9e depuis un mois pour une leuc\u00e9mie, Laurie a appr\u00e9ci\u00e9 la performance musicale du jour. Un moyen pour elle de s\u2019\u00e9vader d\u2019un quotidien pesant\u00a0: <strong>\u00ab\u00a0\u00c7a permet de ne pas rester enferm\u00e9e dans sa chambre, de ne pas d\u00e9primer et tout \u00e7a. \u00c7a fait du bien au moral\u00a0\u00bb<\/strong>. Les m\u00e9lodies, qui s\u2019invitent jusque dans les chambres des patients en incapacit\u00e9 de se d\u00e9placer, dans le respect de chacun. \u00ab\u00a0On leur demande si on peut ouvrir leurs portes pour qu&rsquo;ils puissent \u00e9couter la musique. Et la musique diffuse \u00e0 tous les \u00e9tages\u00a0\u00bb ajoute Kate Verhoeven.<\/p>\n<p> Un moment de partage<\/p>\n<p align=\"justify\">Et ce jeudi 23 mai, le public a pu profiter du r\u00e9pertoire d&rsquo;Audrey Tesson, m\u00ealant compostions personnelles et reprises folk et country. C\u2019est la deuxi\u00e8me fois qu\u2019elle se produisait au centre Becquerel. \u00ab\u00a0\u00c7a avait vraiment du sens de pouvoir partager la musique dans ce qu&rsquo;elle a de plus essentiel et de plus beau. <strong>C&rsquo;est-\u00e0-dire de partager des moments, de faire voyager un petit peu les gens, peut-\u00eatre les sortir, ne serait-ce que mentalement et \u00e9motionnellement, de l&rsquo;h\u00f4pital. <\/strong>Je pense que c&rsquo;est toujours une bonne chose\u00a0\u00bb explique l&rsquo;artiste.<\/p>\n<p>Un concert priv\u00e9 pr\u00e9vu lors des \u00ab\u00a0Terrasses du jeudi\u00a0\u00bb<\/p>\n<p align=\"justify\">Les concerts s\u00e9duisent les patients et leurs proches, ainsi que le personnel, curieux et qui n\u2019h\u00e9site pas \u00e0 tendre l\u2019oreille, \u00e0 l\u2019image de Denise, infirmi\u00e8re\u00a0: <strong>\u00ab\u00a0\u00c7a met une bonne ambiance en plus entre nous. D\u00e9j\u00e0 qu&rsquo;il y a une bonne ambiance, on est bien\u00a0!\u00a0\u00bb<\/strong>. Le centre Becquerel \u00e9tablit sa programmation en partenariat avec le Kalif, salle de r\u00e9p\u00e9tition et de concerts qui accompagne un certain nombre d\u2019artistes locaux. Une collaboration qui aboutira \u00e0 un concert exclusif au sein de l&rsquo;\u00e9tablissement en juillet prochain, dans le cadre des \u00ab\u00a0Terrasses du jeudi\u00a0\u00bb.<\/p>\n","protected":false},"excerpt":{"rendered":"Les notes ont r\u00e9sonn\u00e9 ce jeudi 22 mai dans les couloirs du centre de lutte contre le cancer&hellip;\n","protected":false},"author":2,"featured_media":122196,"comment_status":"","ping_status":"","sticky":false,"template":"","format":"standard","meta":{"footnotes":""},"categories":[9587],"tags":[1111,11,24418,6520,24416,24417,24415,1777,674,1011,27,13526,24419,24422,24421,24420,12,5161,25,9590],"class_list":{"0":"post-122195","1":"post","2":"type-post","3":"status-publish","4":"format-standard","5":"has-post-thumbnail","7":"category-rouen","8":"tag-actu","9":"tag-actualites","10":"tag-audrey-tesson","11":"tag-cancers","12":"tag-centre-becquerel","13":"tag-centre-becquerel-rouen","14":"tag-concerts-centre-becquerel","15":"tag-eu","16":"tag-europe","17":"tag-fr","18":"tag-france","19":"tag-info-rouen","20":"tag-kalif","21":"tag-kate-verhoeven","22":"tag-la-musique-a-tous-les-etages","23":"tag-musique-pour-malades","24":"tag-news","25":"tag-normandie","26":"tag-republique-francaise","27":"tag-rouen"},"share_on_mastodon":{"url":"https:\/\/pubeurope.com\/@fr\/114557674108924250","error":""},"_links":{"self":[{"href":"https:\/\/www.europesays.com\/fr\/wp-json\/wp\/v2\/posts\/122195","targetHints":{"allow":["GET"]}}],"collection":[{"href":"https:\/\/www.europesays.com\/fr\/wp-json\/wp\/v2\/posts"}],"about":[{"href":"https:\/\/www.europesays.com\/fr\/wp-json\/wp\/v2\/types\/post"}],"author":[{"embeddable":true,"href":"https:\/\/www.europesays.com\/fr\/wp-json\/wp\/v2\/users\/2"}],"replies":[{"embeddable":true,"href":"https:\/\/www.europesays.com\/fr\/wp-json\/wp\/v2\/comments?post=122195"}],"version-history":[{"count":0,"href":"https:\/\/www.europesays.com\/fr\/wp-json\/wp\/v2\/posts\/122195\/revisions"}],"wp:featuredmedia":[{"embeddable":true,"href":"https:\/\/www.europesays.com\/fr\/wp-json\/wp\/v2\/media\/122196"}],"wp:attachment":[{"href":"https:\/\/www.europesays.com\/fr\/wp-json\/wp\/v2\/media?parent=122195"}],"wp:term":[{"taxonomy":"category","embeddable":true,"href":"https:\/\/www.europesays.com\/fr\/wp-json\/wp\/v2\/categories?post=122195"},{"taxonomy":"post_tag","embeddable":true,"href":"https:\/\/www.europesays.com\/fr\/wp-json\/wp\/v2\/tags?post=122195"}],"curies":[{"name":"wp","href":"https:\/\/api.w.org\/{rel}","templated":true}]}}