{"id":122199,"date":"2025-05-23T14:43:38","date_gmt":"2025-05-23T14:43:38","guid":{"rendered":"https:\/\/www.europesays.com\/fr\/122199\/"},"modified":"2025-05-23T14:43:38","modified_gmt":"2025-05-23T14:43:38","slug":"grenoble-elle-quitte-le-centre-ville-pour-sauver-son-commerce-cest-une-deception","status":"publish","type":"post","link":"https:\/\/www.europesays.com\/fr\/122199\/","title":{"rendered":"Grenoble. Elle quitte le centre-ville pour sauver son commerce : \u00ab\u00a0C&rsquo;est une d\u00e9ception\u00a0\u00bb"},"content":{"rendered":"<p>            Par<br \/>\n        <strong><br \/>\n            <a href=\"https:\/\/actu.fr\/auteur\/lisa-rodrigues\" title=\"Consulter tous les articles de Lisa Rodrigues\" target=\"_blank\" rel=\"noopener\">Lisa Rodrigues<\/a><br \/>\n        <\/strong><\/p>\n<p>        Publi\u00e9 le<\/p>\n<p>            23 mai 2025 \u00e0 15h34        <\/p>\n<p>Cela fait 16\u00a0ans que Laurie Drogo tient son salon de coiffure place Vaucanson \u00e0 <a href=\"https:\/\/actu.fr\/auvergne-rhone-alpes\/grenoble_38185\" target=\"_blank\" rel=\"noopener\">Grenoble<\/a>. Avec les autres commer\u00e7ants du quartier, elle s\u2019est cr\u00e9\u00e9 un r\u00e9seau amical et d\u2019entraide. \u00ab\u2009J\u2019adore \u00eatre en ville, on se conna\u00eet tous ici\u2009!\u2009\u00bb<br \/>Oui mais voil\u00e0, les clients se font plus rares, pointant aupr\u00e8s de leur coiffeuse un manque d\u2019accessibilit\u00e9 et une \u00ab\u2009ville qui devient glauque\u2009\u00bb. De quoi <strong>mettre en p\u00e9ril son commerce<\/strong>. \u00ab\u2009Je n\u2019ai plus de tr\u00e9sorerie. En deux ans, j\u2019ai perdu 40\u2009000\u00a0euros\u2009\u00bb, souffle Laurie Drogo. Elle a donc pris une d\u00e9cision radicale\u2009: \u00e0 la mi-juin, elle <strong>quitte le centre-ville<\/strong> pour d\u00e9m\u00e9nager son salon \u00e0 <a href=\"https:\/\/actu.fr\/auvergne-rhone-alpes\/montbonnot-saint-martin_38249\" target=\"_blank\" rel=\"noopener\">Montbonnot-Saint-Martin<\/a>, en p\u00e9riph\u00e9rie de Grenoble.<\/p>\n<p>\u00ab\u2009C\u2019est devenu compliqu\u00e9 pour la client\u00e8le de venir\u2009\u00bb<\/p>\n<p class=\" wall-content\">Pour expliquer la baisse de fr\u00e9quentation de son salon, Laurie Drogo pointe plusieurs probl\u00e8mes \u00e0 actu Grenoble.<\/p>\n<p class=\" wall-content\">En premier lieu, il y a <a href=\"https:\/\/actu.fr\/auvergne-rhone-alpes\/grenoble_38185\/grenoble-le-stationnement-bientot-supprime-sur-cette-place-les-habitants-desempares_62615692.html\" target=\"_blank\" rel=\"noopener\">le stationnement<\/a>. \u00ab\u2009C\u2019est devenu compliqu\u00e9 pour la client\u00e8le de venir. Quand on trouve un stationnement, c\u2019est cher\u2009! Et en plus, deux fois sur trois, les horodateurs ne marchent pas.\u2009\u00bb<\/p>\n<blockquote class=\"ac-article-quote wall-content\">\n<p>J&rsquo;avais beaucoup de monde qui venait d&rsquo;en dehors de Grenoble, entre midi et deux. Elles tournent, mais ne trouvent plus de stationnement. Elles finissent par me dire qu&rsquo;elles vont aller se faire coiffer en bas de chez elles.<\/p>\n<p>    <strong>Laurie Drogo<\/strong><br \/>\n        Coiffeuse \u00e0 Grenoble    <\/p><\/blockquote>\n<p class=\" wall-content\">Elle cite aussi \u00ab\u2009les <a href=\"https:\/\/actu.fr\/auvergne-rhone-alpes\/grenoble_38185\/grenoble-les-travaux-polemiques-de-cette-grande-avenue-debutent-ce-qu-il-faut-savoir_62331678.html\" target=\"_blank\" rel=\"noopener\">travaux en centre-ville<\/a>\u2009\u00bb qui d\u00e9couragent la client\u00e8le, les \u00ab\u2009sir\u00e8nes\u2009\u00bb de police \u00ab\u2009de plus en plus fr\u00e9quentes\u2009\u00bb et \u00ab\u2009qui stressent\u2009\u00bb la client\u00e8le, ou \u00ab\u2009la <a href=\"https:\/\/actu.fr\/auvergne-rhone-alpes\/grenoble_38185\/zfe-a-grenoble-des-le-1er-janvier-2025-plus-de-voitures-interdites-ce-qu-il-faut-savoir_62063734.html\" target=\"_blank\" rel=\"noopener\">vignette Crit\u2019Air<\/a>\u2009\u00bb qui emp\u00eache une partie des automobilistes d\u2019acc\u00e9der au centre-ville en voiture.<\/p>\n<p class=\" wall-content\">\u00c0 cela, il faut aussi ajouter des <strong>difficult\u00e9s de recrutement<\/strong>. \u00ab\u2009Avant, on \u00e9tait trois, voire quatre pour coiffer. Aujourd\u2019hui, je n\u2019ai qu\u2019une coll\u00e8gue.\u2009\u00bb<\/p>\n<p>Pas de repreneur<\/p>\n<p class=\" wall-content\">Laurie Drogo ne sait pas si elle reviendra plus tard en centre-ville. \u00ab\u2009\u00c0 l\u2019instant T, je vous dirai que c\u2019est un d\u00e9part d\u00e9finitif.\u2009\u00bb<\/p>\n<p class=\" wall-content\">Elle part \u00e0 Montbonnot-Saint-Martin avec sa seule salari\u00e9e. Elle va m\u00eame louer une partie de son nouveau local \u00e0 une auto-entrepreneuse qui va proposer des services d\u2019onglerie. Chose qu\u2019elle ne pouvait pas se permettre dans son local actuel \u00e0 Grenoble.<\/p>\n<p>    <a href=\"https:\/\/www.google.com\/maps\/embed?pb=!1m18!1m12!1m3!1d2810.4299732165728!2d5.810053817053627!3d45.2188692586788!2m3!1f0!2f0!3f0!3m2!1i1024!2i768!4f13.1!3m3!1m2!1s0x478a5f5055943b35%3A0xf2ece7676408dbac!2s855%20Imp.%20de%20l%27%C3%89toile%2C%2038330%20Montbonnot-Saint-Martin!5e0!3m2!1sfr!2sfr!4v1748003095587!5m2!1sfr!2sfr\" title=\"Ouvrie le lien\" target=\"_blank\" rel=\"noopener\">Cliquez ici pour visualiser le contenu<\/a><\/p>\n<p class=\" wall-content\">Quant \u00e0 son fonds de commerce place Vaucanson, il est en vente. Et il <a href=\"https:\/\/actu.fr\/auvergne-rhone-alpes\/grenoble_38185\/grenoble-desertee-le-torchon-brule-entre-la-mairie-d-eric-piolle-et-des-commercants_62331599.html\" target=\"_blank\" rel=\"noopener\">n\u2019attire pas<\/a>. \u00ab\u2009Pourtant, il est brad\u00e9, soupire la coiffeuse. Je n\u2019ai personne qui se pr\u00e9sente. <strong>Personne ne veut venir\u2009!<\/strong> Je vais devoir le donner pour ne pas avoir un local vide\u2026\u2009\u00bb<\/p>\n<p>    <img   decoding=\"async\" loading=\"lazy\" src=\"https:\/\/www.europesays.com\/fr\/wp-content\/uploads\/2025\/05\/coiffeuse-place-vaucanson-grenoble-7-960x640.jpg\" alt=\"Le fonds de commerce place Vaucanson est en vente, mais pour le moment, personne ne s'est pr\u00e9sent\u00e9.\" width=\"960\" height=\"640\"\/><br \/>\n    Le fonds de commerce place Vaucanson est en vente, mais pour le moment, personne ne s\u2019est pr\u00e9sent\u00e9. (\u00a9Lisa Rodrigues \/ actu Grenoble)\u00ab\u2009C\u2019est la fin d\u2019une \u00e8re\u2009\u00bb<\/p>\n<p class=\" wall-content\">Pour autant, Laurie Drogo ne saute pas de joie \u00e0 l\u2019id\u00e9e de quitter Grenoble, elle qui est <strong>issue d\u2019une famille de commer\u00e7ants<\/strong> ayant toujours \u00e9t\u00e9 pr\u00e9sents en centre-ville. \u00ab\u2009Ce n\u2019est pas de ga\u00eet\u00e9 de c\u0153ur que je le fais\u2009! C\u2019est une d\u00e9ception de partir et de laisser les copains commer\u00e7ants. C\u2019est la fin d\u2019une \u00e8re.\u2009\u00bb<\/p>\n<p class=\" wall-content\">En 16\u00a0ans de pr\u00e9sence place Vaucanson, elle conna\u00eet bien les confr\u00e8res et habitants du quartier, qui s\u2019arr\u00eatent continuellement au salon pour la saluer.<\/p>\n<p>    <a href=\"https:\/\/www.google.com\/maps\/embed?pb=!1m18!1m12!1m3!1d2811.9212325488566!2d5.723535486698766!3d45.1886906964789!2m3!1f0!2f0!3f0!3m2!1i1024!2i768!4f13.1!3m3!1m2!1s0x478af48c0adf84ab%3A0x6af360f723bda3f6!2sLd%20Coiffure!5e0!3m2!1sfr!2sfr!4v1748002838689!5m2!1sfr!2sfr\" title=\"Ouvrie le lien\" target=\"_blank\" rel=\"noopener\">Cliquez ici pour visualiser le contenu<\/a><\/p>\n<p class=\" wall-content\">Du c\u00f4t\u00e9 des clients, m\u00eame si on comprend la d\u00e9cision de la coiffeuse, <strong>il y a des d\u00e9\u00e7us<\/strong>.<\/p>\n<p class=\" wall-content\">\u00ab\u2009Certaines clientes, je les coiffe depuis plus de 10\u00a0ans. Elles n\u2019aiment pas \u00eatre bouscul\u00e9es dans leurs habitudes, c\u2019est normal, sourit Laurie Drogo. Mais d\u2019autres me disent qu\u2019elles sont pr\u00eates \u00e0 prendre la voiture\u2009\u00bb pour se rendre \u00e0 la nouvelle adresse. \u00ab\u2009L\u00e0-bas, l\u2019avantage, c\u2019est que le stationnement est gratuit\u2026\u2009\u00bb<\/p>\n<p class=\" wall-content\">Suivez toute l\u2019actualit\u00e9 de vos villes et m\u00e9dias favoris en vous inscrivant \u00e0 <a href=\"https:\/\/moncompte.actu.fr\" title=\"D\u00e9couvez Mon Actu\" rel=\"nofollow noopener\" data-trk=\"{&quot;cta&quot;:{&quot;action&quot;:&quot;https:\\\/\\\/moncompte.actu.fr&quot;,&quot;category&quot;:&quot;mon compte&quot;,&quot;from&quot;:&quot;article footer&quot;,&quot;name&quot;:&quot;Mon actu&quot;,&quot;type&quot;:&quot;cta&quot;}}\" target=\"_blank\">Mon Actu<\/a>.<\/p>\n","protected":false},"excerpt":{"rendered":"Par Lisa Rodrigues Publi\u00e9 le 23 mai 2025 \u00e0 15h34 Cela fait 16\u00a0ans que Laurie Drogo tient son&hellip;\n","protected":false},"author":2,"featured_media":122200,"comment_status":"","ping_status":"","sticky":false,"template":"","format":"standard","meta":{"footnotes":""},"categories":[9566],"tags":[1111,11,2430,215,33,1777,674,1011,27,2731,12,25,6173,216],"class_list":{"0":"post-122199","1":"post","2":"type-post","3":"status-publish","4":"format-standard","5":"has-post-thumbnail","7":"category-grenoble","8":"tag-actu","9":"tag-actualites","10":"tag-auvergne-rhone-alpes","11":"tag-commerce","12":"tag-economie","13":"tag-eu","14":"tag-europe","15":"tag-fr","16":"tag-france","17":"tag-grenoble","18":"tag-news","19":"tag-republique-francaise","20":"tag-stationnement","21":"tag-vie-des-entreprises"},"share_on_mastodon":{"url":"https:\/\/pubeurope.com\/@fr\/114557681895067221","error":""},"_links":{"self":[{"href":"https:\/\/www.europesays.com\/fr\/wp-json\/wp\/v2\/posts\/122199","targetHints":{"allow":["GET"]}}],"collection":[{"href":"https:\/\/www.europesays.com\/fr\/wp-json\/wp\/v2\/posts"}],"about":[{"href":"https:\/\/www.europesays.com\/fr\/wp-json\/wp\/v2\/types\/post"}],"author":[{"embeddable":true,"href":"https:\/\/www.europesays.com\/fr\/wp-json\/wp\/v2\/users\/2"}],"replies":[{"embeddable":true,"href":"https:\/\/www.europesays.com\/fr\/wp-json\/wp\/v2\/comments?post=122199"}],"version-history":[{"count":0,"href":"https:\/\/www.europesays.com\/fr\/wp-json\/wp\/v2\/posts\/122199\/revisions"}],"wp:featuredmedia":[{"embeddable":true,"href":"https:\/\/www.europesays.com\/fr\/wp-json\/wp\/v2\/media\/122200"}],"wp:attachment":[{"href":"https:\/\/www.europesays.com\/fr\/wp-json\/wp\/v2\/media?parent=122199"}],"wp:term":[{"taxonomy":"category","embeddable":true,"href":"https:\/\/www.europesays.com\/fr\/wp-json\/wp\/v2\/categories?post=122199"},{"taxonomy":"post_tag","embeddable":true,"href":"https:\/\/www.europesays.com\/fr\/wp-json\/wp\/v2\/tags?post=122199"}],"curies":[{"name":"wp","href":"https:\/\/api.w.org\/{rel}","templated":true}]}}